{"id":48199,"date":"2026-09-03T09:43:51","date_gmt":"2026-09-03T07:43:51","guid":{"rendered":"https:\/\/balticwind.eu\/fuenf-jahre-von-der-genehmigung-bis-zur-ersten-kilowattstunde-energiequelle-nimmt-42-mw-anlage-in-krummensee-in-betrieb\/"},"modified":"2026-09-03T09:43:51","modified_gmt":"2026-09-03T07:43:51","slug":"fuenf-jahre-von-der-genehmigung-bis-zur-ersten-kilowattstunde-energiequelle-nimmt-42-mw-anlage-in-krummensee-in-betrieb","status":"publish","type":"post","link":"https:\/\/balticwind.eu\/de\/fuenf-jahre-von-der-genehmigung-bis-zur-ersten-kilowattstunde-energiequelle-nimmt-42-mw-anlage-in-krummensee-in-betrieb\/","title":{"rendered":"F\u00fcnf Jahre von der Genehmigung bis zur ersten Kilowattstunde: Energiequelle nimmt 4,2-MW-Anlage in Krummensee in Betrieb"},"content":{"rendered":"<p>Energiequelle hat im Landkreis Barnim in Brandenburg die erste Kilowattstunde aus einer neuen 4,2-MW-Anlage in Krummensee eingespeist, mehr als f\u00fcnf Jahre nach Erteilung der Genehmigung. Die Enercon E-138 EP3 E2 mit einer Nabenh\u00f6he von 160 Metern erweitert einen bestehenden Windpark im Windvorranggebiet Krummensee im Gemeindegebiet der Stadt Werneuchen.<\/p>\n<p>Bemerkenswert ist die Verz\u00f6gerung. Die immissionsschutzrechtliche Genehmigung wurde im Juli 2021 erteilt. Ein Rechtsstreit hielt das Vorhaben anschlie\u00dfend \u00fcber Jahre auf, und im Juli 2024 musste ein Fristverl\u00e4ngerungsbescheid erwirkt werden, um den Fortbestand der Genehmigung \u00fcberhaupt zu sichern. Erst nach Beilegung des Streits konnten im September 2024 die bauvorbereitenden Ma\u00dfnahmen beginnen, zun\u00e4chst mit arch\u00e4ologischen Untersuchungen und der Bergung von Bodendenkm\u00e4lern, danach mit Zuwegungen und Baufl\u00e4chen. Der Fundamentbau startete im M\u00e4rz 2025.<\/p>\n<p>Der Standort selbst ist gut. Energiequelle beziffert die Standortg\u00fcte auf knapp 80 Prozent, was nach Angaben des Unternehmens eine solide Grundlage f\u00fcr eine langfristig zuverl\u00e4ssige Stromerzeugung schafft. Die Anlage erg\u00e4nzt einen Windpark, in dem zuvor unter anderem das Projekt Krummensee IV realisiert wurde; eine weitere Windenergieanlage ist am Standort geplant.<\/p>\n<p>Zur Genehmigung geh\u00f6rten Ausgleichsma\u00dfnahmen. Eine Ackersenke wurde wiedervern\u00e4sst und so ein Gew\u00e4sser mit angrenzender Nahrungsfl\u00e4che angelegt, das als Kranichhabitat dient.<\/p>\n<p>&#8220;Dieses Projekt hat uns \u00fcber viele Jahre begleitet und immer wieder vor neue Herausforderungen gestellt. Umso mehr freuen wir uns, dass die Anlage nun erfolgreich in Betrieb ist&#8221;, sagte Vincent Wahrenburg, Projektleiter bei Energiequelle, und dankte Beh\u00f6rden, Partnern und Dienstleistern.<\/p>\n<p>F\u00fcr die Debatte \u00fcber beschleunigte Verfahren ist Krummensee ein aufschlussreicher Fall. Deutschland hat seine Genehmigungsprozesse in den vergangenen zwei Jahren gestrafft, dennoch brauchte die Erweiterung um eine einzige Anlage auf genehmigter Fl\u00e4che in einem ausgewiesenen Vorranggebiet f\u00fcnf Jahre bis zur Einspeisung, und der gr\u00f6\u00dfte Teil dieser Zeit ging nicht an die Beh\u00f6rden, sondern an den Rechtsstreit. Polen und die baltischen Staaten schreiben derzeit ihre eigenen Onshore-Regeln gegen dasselbe Problem: Der Engpass ist selten die erste Genehmigung, sondern alles, was danach dagegen eingelegt werden kann. Energiequelle wurde 1997 gegr\u00fcndet, sitzt in Kallinchen und hat bislang \u00fcber 850 Anlagen in Europa und S\u00fcdafrika ans Netz gebracht.<\/p>\n","protected":false},"excerpt":{"rendered":"<p>Energiequelle hat in Krummensee in Brandenburg eine 4,2-MW-Anlage von Enercon in Betrieb genommen, f\u00fcnf Jahre nach der Genehmigung und nach einem Rechtsstreit, der die Frist fast hatte auslaufen lassen.<\/p>\n","protected":false},"author":8,"featured_media":48194,"comment_status":"","ping_status":"","sticky":false,"template":"","format":"standard","meta":{"footnotes":""},"categories":[2070,2059,2061],"tags":[],"class_list":["post-48199","post","type-post","status-publish","format-standard","has-post-thumbnail","hentry","category-deutschland","category-onshore-wind-aktuell","category-regulierung"],"acf":[],"_links":{"self":[{"href":"https:\/\/balticwind.eu\/de\/wp-json\/wp\/v2\/posts\/48199","targetHints":{"allow":["GET"]}}],"collection":[{"href":"https:\/\/balticwind.eu\/de\/wp-json\/wp\/v2\/posts"}],"about":[{"href":"https:\/\/balticwind.eu\/de\/wp-json\/wp\/v2\/types\/post"}],"author":[{"embeddable":true,"href":"https:\/\/balticwind.eu\/de\/wp-json\/wp\/v2\/users\/8"}],"replies":[{"embeddable":true,"href":"https:\/\/balticwind.eu\/de\/wp-json\/wp\/v2\/comments?post=48199"}],"version-history":[{"count":0,"href":"https:\/\/balticwind.eu\/de\/wp-json\/wp\/v2\/posts\/48199\/revisions"}],"wp:featuredmedia":[{"embeddable":true,"href":"https:\/\/balticwind.eu\/de\/wp-json\/wp\/v2\/media\/48194"}],"wp:attachment":[{"href":"https:\/\/balticwind.eu\/de\/wp-json\/wp\/v2\/media?parent=48199"}],"wp:term":[{"taxonomy":"category","embeddable":true,"href":"https:\/\/balticwind.eu\/de\/wp-json\/wp\/v2\/categories?post=48199"},{"taxonomy":"post_tag","embeddable":true,"href":"https:\/\/balticwind.eu\/de\/wp-json\/wp\/v2\/tags?post=48199"}],"curies":[{"name":"wp","href":"https:\/\/api.w.org\/{rel}","templated":true}]}}