{"id":11193,"date":"2022-02-24T11:57:26","date_gmt":"2022-02-24T10:57:26","guid":{"rendered":"https:\/\/balticwind.eu\/?p=11193"},"modified":"2022-02-24T12:42:52","modified_gmt":"2022-02-24T11:42:52","slug":"polska-zmienia-plany-port-instalacyjny-powstanie-w-gdansku-a-nie-w-gdyni","status":"publish","type":"post","link":"https:\/\/balticwind.eu\/pl\/polska-zmienia-plany-port-instalacyjny-powstanie-w-gdansku-a-nie-w-gdyni\/","title":{"rendered":"Polska zmienia plany \u2013 port instalacyjny powstanie w Gda\u0144sku, a nie w Gdyni"},"content":{"rendered":"<p><strong>Od ponad roku wa\u017cy\u0142y si\u0119 losy terminala instalacyjnego dla morskiej energetyki wiatrowej w Polsce. Zosta\u0142a wydana nawet w tej sprawie uchwa\u0142a w 2021 roku, ale w wykazie prac legislacyjnych polskiego rz\u0105du pojawi\u0142a si\u0119 nowa uchwa\u0142a, kt\u00f3ra tym razem port instalacyjny w Polsce lokuje w Gda\u0144sku, a nie jak pierwotnie zak\u0142adano \u2013 w Gdyni. <\/strong><!--more--><\/p>\n<p>W wykazie prac legislacyjnych i programowych rz\u0105du Polski pojawi\u0142 si\u0119 projekt uchwa\u0142y Rady Ministr\u00f3w zmieniaj\u0105cy uchwa\u0142\u0119 w sprawie terminala instalacyjnego dla morskich farm wiatrowych. Autorzy projektu informuj\u0105, \u017ce w dniu 11 lutego 2022 roku Minister Aktyw\u00f3w Pa\u0144stwowych wyst\u0105pi\u0142 do Ministra Infrastruktury z wnioskiem o zmian\u0119 uchwa\u0142y Rady Ministr\u00f3w nr 104\/2021 z dnia 30 lipca 2021 roku w sprawie terminala instalacyjnego dla morskich farm wiatrowych. W\u00f3wczas na lokalizacj\u0119 portu zaproponowano Port Gdynia. <strong>Uchwa\u0142a ma zosta\u0107 przyj\u0119ta w pierwszym kwartale 2022 rok<\/strong>u.<\/p>\n<p><strong>Nowa uchwa\u0142a uznaje Port Gda\u0144sk jako lokalizacj\u0119 terminala instalacyjnego, kt\u00f3ry ma powsta\u0107 w nowym terminie &#8211; tj. do dnia 1 czerwca 2025 roku.<\/strong> Terminal powstanie w porcie zewn\u0119trznym, tj. cz\u0119\u015bci portu powsta\u0142ej w wyniku zal\u0105dowienia przez przekszta\u0142cenie akwenu (gruntu pokrytego wodami) w l\u0105d (grunt niepokryty wodami).<\/p>\n<p>Rada Ministr\u00f3w upowa\u017cnia ministra w\u0142a\u015bciwego do spraw gospodarki morskiej do monitorowania post\u0119pu prac na rzecz sprawnego wybudowania i wyposa\u017cenia terminala instalacyjnego.<\/p>\n<p>\u201eUzasadnieniem wniosku o zmian\u0119 uchwa\u0142y s\u0105 uzgodnienia poczynione przez sp\u00f3\u0142ki obj\u0119te nadzorem w\u0142a\u015bcicielskim Ministra Aktyw\u00f3w Pa\u0144stwowych, odpowiedzialne za realizacj\u0119 ponad 60% planowanych w Polsce inwestycji offshore wind, tj. PGE Polska Grupa Energetyczna S.A. i PKN ORLEN S.A., ich sp\u00f3\u0142ki zale\u017cne oraz po\u015brednio nadzorowane przez Kancelari\u0119 Prezesa Rady Ministr\u00f3w, co do wskazania portu zewn\u0119trznego w Gda\u0144sku, jako portu spe\u0142niaj\u0105cego wszystkie kryteria inwestor\u00f3w bran\u017cowych i pozwalaj\u0105cego na terminow\u0105 realizacj\u0119 I fazy rozwoju sektora morskiej energetyki wiatrowej w Polsce&#8221; &#8211; czytamy na stronie rz\u0105du polski.<\/p>\n<p>Przypomnijmy, \u017ce PKN Orlen i PGE Polska Grupa Energetyczna s\u0105 najwi\u0119kszymi inwestorami offshore wind w Polsce, kt\u00f3rzy og\u0142osili niedawno z\u0142o\u017cenie wniosk\u00f3w w prawa do kolejnych obszar\u00f3w morskich na Morzu Ba\u0142tyckim na wodach polskich.<strong><br \/>\n<\/strong><\/p>\n<p><strong>\u00a0<\/strong><\/p>\n","protected":false},"excerpt":{"rendered":"<p>Od ponad roku wa\u017cy\u0142y si\u0119 losy terminala instalacyjnego dla morskiej energetyki wiatrowej w Polsce. Zosta\u0142a wydana nawet w tej sprawie uchwa\u0142a w 2021 roku, ale w wykazie prac legislacyjnych polskiego rz\u0105du pojawi\u0142a si\u0119 nowa uchwa\u0142a, kt\u00f3ra tym razem port instalacyjny w Polsce lokuje w Gda\u0144sku, a nie jak pierwotnie zak\u0142adano \u2013 w Gdyni.<\/p>\n","protected":false},"author":5,"featured_media":11195,"comment_status":"open","ping_status":"open","sticky":false,"template":"","format":"standard","meta":[],"categories":[137,164],"tags":[147,331,552,227,208,381,382,1280,632,449,708,429,322,1295,166,333,304,980],"acf":[],"_links":{"self":[{"href":"https:\/\/balticwind.eu\/pl\/wp-json\/wp\/v2\/posts\/11193"}],"collection":[{"href":"https:\/\/balticwind.eu\/pl\/wp-json\/wp\/v2\/posts"}],"about":[{"href":"https:\/\/balticwind.eu\/pl\/wp-json\/wp\/v2\/types\/post"}],"author":[{"embeddable":true,"href":"https:\/\/balticwind.eu\/pl\/wp-json\/wp\/v2\/users\/5"}],"replies":[{"embeddable":true,"href":"https:\/\/balticwind.eu\/pl\/wp-json\/wp\/v2\/comments?post=11193"}],"version-history":[{"count":0,"href":"https:\/\/balticwind.eu\/pl\/wp-json\/wp\/v2\/posts\/11193\/revisions"}],"wp:featuredmedia":[{"embeddable":true,"href":"https:\/\/balticwind.eu\/pl\/wp-json\/wp\/v2\/media\/11195"}],"wp:attachment":[{"href":"https:\/\/balticwind.eu\/pl\/wp-json\/wp\/v2\/media?parent=11193"}],"wp:term":[{"taxonomy":"category","embeddable":true,"href":"https:\/\/balticwind.eu\/pl\/wp-json\/wp\/v2\/categories?post=11193"},{"taxonomy":"post_tag","embeddable":true,"href":"https:\/\/balticwind.eu\/pl\/wp-json\/wp\/v2\/tags?post=11193"}],"curies":[{"name":"wp","href":"https:\/\/api.w.org\/{rel}","templated":true}]}}