{"id":13663,"date":"2022-05-03T06:00:25","date_gmt":"2022-05-03T04:00:25","guid":{"rendered":"https:\/\/balticwind.eu\/wstepny-projekt-morskiej-farmy-wiatrowej-hiiu-zostanie-ukonczony-do-jesieni\/"},"modified":"2022-05-04T09:03:46","modified_gmt":"2022-05-04T07:03:46","slug":"wstepny-projekt-morskiej-farmy-wiatrowej-hiiu-zostanie-ukonczony-do-jesieni","status":"publish","type":"post","link":"https:\/\/balticwind.eu\/pl\/wstepny-projekt-morskiej-farmy-wiatrowej-hiiu-zostanie-ukonczony-do-jesieni\/","title":{"rendered":"Wst\u0119pny projekt morskiej farmy wiatrowej Hiiu zostanie uko\u0144czony do jesieni"},"content":{"rendered":"<p><strong>Firma Enefit Green podpisa\u0142a umow\u0119 na przygotowanie projektu wst\u0119pnego dla morskiej farmy wiatrowej planowanej na p\u00f3\u0142noc od wyspy Hiiumaa. Zgodnie z planami, analiza techniczna farmy zostanie zako\u0144czona w sierpniu br.<\/strong><!--more--><\/p>\n<p>Wst\u0119pny projekt morskiej farmy wiatrowej Hiiu zostanie przygotowany przez mi\u0119dzynarodow\u0105 firm\u0119 konsultingow\u0105 Ramboll. Firma przeanalizuje alternatywne opcje turbin wiatrowych, a tak\u017ce rozwi\u0105zania w zakresie podstacji i kabli przy\u0142\u0105czeniowych do farmy. Projekt obejmuje r\u00f3wnie\u017c okre\u015blenie mo\u017cliwo\u015bci i potrzeb pobliskich port\u00f3w podczas budowy i konserwacji. Projekt b\u0119dzie r\u00f3wnie\u017c \u017ar\u00f3d\u0142em informacji na temat rozwi\u0105za\u0144 technicznych dla trwaj\u0105cej oceny oddzia\u0142ywania na \u015brodowisko.<\/p>\n<div id=\"attachment_13661\" style=\"width: 1034px\" class=\"wp-caption aligncenter\"><img aria-describedby=\"caption-attachment-13661\" decoding=\"async\" class=\"wp-image-13660 size-large\" src=\"https:\/\/balticwind.eu\/wp-content\/uploads\/2022\/04\/c13-1024x667.png\" alt=\"\" width=\"1024\" height=\"667\" srcset=\"https:\/\/balticwind.eu\/wp-content\/uploads\/2022\/04\/c13-200x130.png 200w, https:\/\/balticwind.eu\/wp-content\/uploads\/2022\/04\/c13-300x195.png 300w, https:\/\/balticwind.eu\/wp-content\/uploads\/2022\/04\/c13-400x260.png 400w, https:\/\/balticwind.eu\/wp-content\/uploads\/2022\/04\/c13-600x391.png 600w, https:\/\/balticwind.eu\/wp-content\/uploads\/2022\/04\/c13-768x500.png 768w, https:\/\/balticwind.eu\/wp-content\/uploads\/2022\/04\/c13-800x521.png 800w, https:\/\/balticwind.eu\/wp-content\/uploads\/2022\/04\/c13-1024x667.png 1024w, https:\/\/balticwind.eu\/wp-content\/uploads\/2022\/04\/c13-1200x781.png 1200w, https:\/\/balticwind.eu\/wp-content\/uploads\/2022\/04\/c13.png 1207w\" sizes=\"(max-width: 1024px) 100vw, 1024px\" \/><p id=\"caption-attachment-13661\" class=\"wp-caption-text\">Morska farma wiatrowa Hiiu, grafika: Enefit Green<\/p><\/div>\n<p>Wed\u0142ug Karmo K\u00f5rvek, kierownika ds. rozwoju morskiej energetyki wiatrowej w Enefit Green, wst\u0119pny plan projektu pozwoli na bardziej szczeg\u00f3\u0142owy przegl\u0105d tego, jak mog\u0142aby wygl\u0105da\u0107 morska farma Hiiu.<\/p>\n<blockquote><p>&#8220;Projekt nie zawiera ostatecznych odpowiedzi, ale proponuje rozwi\u0105zania, kt\u00f3re s\u0105 zar\u00f3wno technicznie, jak i ekologicznie uzasadnione. Te informacje s\u0105 wa\u017cne dla dewelopera, w\u0142adz oraz potencjalnych partner\u00f3w w\u015br\u00f3d przedsi\u0119biorc\u00f3w&#8221; &#8211; powiedzia\u0142 K\u00f5rvek.<\/p><\/blockquote>\n<p>K\u00f5rvek doda\u0142, \u017ce w ramach trwaj\u0105cej oceny oddzia\u0142ywania na \u015brodowisko morskiej farmy wiatrowej Hiiu analizowane s\u0105 r\u00f3wnie\u017c r\u00f3\u017cne typy turbin.<\/p>\n<p>&#8220;Hiiu park b\u0119dzie w fazie budowy do 2030 r., dlatego wa\u017cne jest, aby wszystkie badania i analizy opiera\u0142y si\u0119 na najnowszej mo\u017cliwej technologii. Budowa morskiej farmy wiatrowej zajmuje du\u017co czasu, ale jest te\u017c bardzo wa\u017cnym krokiem na naszej drodze do zera, poniewa\u017c produkcja nawet jednej morskiej farmy wiatrowej pokry\u0142aby po\u0142ow\u0119 zu\u017cycia energii elektrycznej w Estonii.&#8221;<\/p>\n<blockquote><p>Mariusz W\u00f3jcik, kieruj\u0105cy w Ramboll dzia\u0142em rozwoju projekt\u00f3w i doradztwa w zakresie morskiej energetyki wiatrowej w krajach ba\u0142tyckich: &#8220;Jeste\u015bmy podekscytowani, \u017ce mo\u017cemy wspiera\u0107 Enefit Green w rozwoju tego projektu i zebrali\u015bmy dedykowany i do\u015bwiadczony mi\u0119dzynarodowy zesp\u00f3\u0142, kt\u00f3ry przyczyni si\u0119 do sukcesu projektu. Jeste\u015bmy przekonani, \u017ce projekt ten b\u0119dzie wa\u017cnym krokiem w kierunku transformacji energetycznej nie tylko w Estonii, ale tak\u017ce w krajach ba\u0142tyckich i ca\u0142ej Europie.&#8221;<\/p><\/blockquote>\n<p>Posiadaj\u0105ca wieloletnie do\u015bwiadczenie in\u017cynierskie Grupa Ramboll, pochodz\u0105ca z Danii, koncentruje si\u0119 na zr\u00f3wnowa\u017conych rozwi\u0105zaniach i opracowa\u0142a zar\u00f3wno kalkulacje koszt\u00f3w i korzy\u015bci, jak i projekty techniczne dla morskich farm wiatrowych na ca\u0142ym \u015bwiecie.<\/p>\n<p>Projekt wst\u0119pny zosta\u0142 zam\u00f3wiony w drodze post\u0119powania publicznego og\u0142oszonego w lutym.<\/p>\n<p>Morska farma wiatrowa Hiiu (lub Loode-Eesti) b\u0119dzie zlokalizowana ok. 12 km na p\u00f3\u0142noc od drugiej co do wielko\u015bci esto\u0144skiej wyspy Hiiumaa. Zdolno\u015b\u0107 produkcyjna parku wyniesie 1,1 GW, a szacowana roczna produkcja do 5 TWh.<\/p>\n<p>Projekt Hiiu Offshore Wind zosta\u0142 rozpocz\u0119ty w 2006 roku przez firm\u0119 Nelja Energia. W 2010 r. zatwierdzono program oceny oddzia\u0142ywania na \u015brodowisko, co oznacza pocz\u0105tek bada\u0144 w dziedzinie, kt\u00f3rej zakres by\u0142 wielokrotnie okre\u015blany. Ocena oddzia\u0142ywania farmy na \u015brodowisko jest obecnie na uko\u0144czeniu.<\/p>\n<p><em>\u0179r\u00f3d\u0142o: Enefit Green<\/em><\/p>\n","protected":false},"excerpt":{"rendered":"<p>Firma Enefit Green podpisa\u0142a umow\u0119 na przygotowanie projektu wst\u0119pnego dla morskiej farmy wiatrowej planowanej na p\u00f3\u0142noc od wyspy Hiiumaa. Zgodnie z planami, analiza techniczna farmy zostanie zako\u0144czona w sierpniu br.<\/p>\n","protected":false},"author":8,"featured_media":7305,"comment_status":"open","ping_status":"open","sticky":false,"template":"","format":"standard","meta":[],"categories":[180,137,139],"tags":[204,1647,208,1646,381,1648,1280,788,519,1098],"acf":[],"_links":{"self":[{"href":"https:\/\/balticwind.eu\/pl\/wp-json\/wp\/v2\/posts\/13663"}],"collection":[{"href":"https:\/\/balticwind.eu\/pl\/wp-json\/wp\/v2\/posts"}],"about":[{"href":"https:\/\/balticwind.eu\/pl\/wp-json\/wp\/v2\/types\/post"}],"author":[{"embeddable":true,"href":"https:\/\/balticwind.eu\/pl\/wp-json\/wp\/v2\/users\/8"}],"replies":[{"embeddable":true,"href":"https:\/\/balticwind.eu\/pl\/wp-json\/wp\/v2\/comments?post=13663"}],"version-history":[{"count":0,"href":"https:\/\/balticwind.eu\/pl\/wp-json\/wp\/v2\/posts\/13663\/revisions"}],"wp:featuredmedia":[{"embeddable":true,"href":"https:\/\/balticwind.eu\/pl\/wp-json\/wp\/v2\/media\/7305"}],"wp:attachment":[{"href":"https:\/\/balticwind.eu\/pl\/wp-json\/wp\/v2\/media?parent=13663"}],"wp:term":[{"taxonomy":"category","embeddable":true,"href":"https:\/\/balticwind.eu\/pl\/wp-json\/wp\/v2\/categories?post=13663"},{"taxonomy":"post_tag","embeddable":true,"href":"https:\/\/balticwind.eu\/pl\/wp-json\/wp\/v2\/tags?post=13663"}],"curies":[{"name":"wp","href":"https:\/\/api.w.org\/{rel}","templated":true}]}}