{"id":14328,"date":"2022-05-09T09:44:40","date_gmt":"2022-05-09T07:44:40","guid":{"rendered":"https:\/\/balticwind.eu\/?p=14328"},"modified":"2022-05-09T12:32:19","modified_gmt":"2022-05-09T10:32:19","slug":"porty-morskie-w-hamburgu-i-klajpedzie-nawiazuja-wspolprace","status":"publish","type":"post","link":"https:\/\/balticwind.eu\/pl\/porty-morskie-w-hamburgu-i-klajpedzie-nawiazuja-wspolprace\/","title":{"rendered":"Porty morskie w Hamburgu i K\u0142ajpedzie nawi\u0105zuj\u0105 wsp\u00f3\u0142prac\u0119"},"content":{"rendered":"<p><strong>Najwi\u0119kszy niemiecki port morski Hamburg i litewski port morski K\u0142ajpeda zamierzaj\u0105 \u015bci\u015blej wsp\u00f3\u0142pracowa\u0107 przy opracowywaniu i realizacji wsp\u00f3lnych projekt\u00f3w oraz tworzeniu nowych szlak\u00f3w logistycznych mi\u0119dzy Niemcami a Litw\u0105. Ponadto, Litwa zaprasza niemieckie firmy do udzia\u0142u w budowie morskiej farmy wiatrowej w pobli\u017cu K\u0142ajpedy oraz do skorzystania z mo\u017cliwo\u015bci oferowanych przez port w K\u0142ajpedzie.<\/strong><!--more--><\/p>\n<p>Porozumienie (MoU) zosta\u0142o podpisane 5 maja przez szef\u00f3w obu port\u00f3w po spotkaniu ministra transportu i komunikacji Mariusa Skuod\u017eiusa z ministrem gospodarki i innowacji Michaelem Westhagemannem podczas jego wizyty w Hamburgu wraz z delegacj\u0105 litewsk\u0105. Umowa obejmuje 5-letni\u0105 wsp\u00f3\u0142prac\u0119.<\/p>\n<blockquote><p>&#8211; Po\u0142\u0105czenia morskie i kolejowe mi\u0119dzy portami litewskimi i niemieckimi stanowi\u0105 wa\u017cn\u0105 cz\u0119\u015b\u0107 mi\u0119dzynarodowych \u0142a\u0144cuch\u00f3w logistycznych, kt\u00f3re w dzisiejszym kontek\u015bcie geopolitycznym nabieraj\u0105 jeszcze wi\u0119kszego znaczenia. Mamy ogromny potencja\u0142, aby rozwija\u0107 po\u0142\u0105czenia transportowe mi\u0119dzy tymi dwoma regionami, wzmacnia\u0107 wi\u0119zi gospodarcze mi\u0119dzy krajami i realizowa\u0107 wi\u0119cej przewoz\u00f3w towarowych, wsp\u00f3\u0142pracowa\u0107 przy r\u00f3\u017cnych projektach oraz wymienia\u0107 si\u0119 najlepszymi praktykami w stosowaniu najnowocze\u015bniejszych technologii &#8211; powiedzia\u0142 litewski minister transportu i komunikacji M. Skuodis.<\/p><\/blockquote>\n<p>Ministrowie om\u00f3wili mo\u017cliwo\u015bci wzmocnienia wsp\u00f3\u0142pracy pomi\u0119dzy portem w K\u0142ajpedzie a Kolejami Litewskimi oraz wezwa\u0142 niemieckich partner\u00f3w do wykorzystania rosn\u0105cych mo\u017cliwo\u015bci w zakresie kolejowego transportu towar\u00f3w do regionu Morza Ba\u0142tyckiego. Europejska linia kolejowa Rail Baltica, kt\u00f3ra jest budowana w krajach ba\u0142tyckich, otwiera nowe perspektywy i ju\u017c teraz przewozi \u0142adunki z Europy do terminalu intermodalnego w Kownie.<\/p>\n<p>Litewski minister zaprosi\u0142 r\u00f3wnie\u017c niemieckie firmy do udzia\u0142u w budowie morskiej farmy wiatrowej w pobli\u017cu K\u0142ajpedy oraz do skorzystania z mo\u017cliwo\u015bci oferowanych przez port w K\u0142ajpedzie, a tak\u017ce w rozwoju po\u0142udniowej cz\u0119\u015bci portu w K\u0142ajpedzie, poprzez badania, projekty techniczne i prace kontraktowe &#8211; informuje Ministerstwo Transportu i Komunikacji Litwy.<\/p>\n<blockquote><p>&#8211; Litwa aktywnie przygotowuje si\u0119 do realizacji projektu budowy morskiej elektrowni wiatrowej na Morzu Ba\u0142tyckim w pobli\u017cu portu w K\u0142ajpedzie &#8211; niedawno Sejm da\u0142 zielone \u015bwiat\u0142o dla pierwszej w kraju morskiej farmy wiatrowej, kt\u00f3ra mog\u0142aby zaspokoi\u0107 do jednej czwartej litewskiego zapotrzebowania na energi\u0119 elektryczn\u0105. Zapraszamy niemieckie firmy do udzia\u0142u w tym projekcie &#8211; do rozpocz\u0119cia dzia\u0142alno\u015bci w porcie i rozszerzenia jej &#8211; powiedzia\u0142 minister Skuodis na spotkaniu z przedstawicielami w\u0142adz miasta i portu.<\/p><\/blockquote>\n<p>Wsp\u00f3\u0142praca z niemieckimi partnerami w tej dziedzinie ma ogromny potencja\u0142 &#8211; w Hamburgu znajduj\u0105 si\u0119 siedziby jednych z najwi\u0119kszych na \u015bwiecie producent\u00f3w turbin wiatrowych oraz wiod\u0105cych deweloper\u00f3w morskich projekt\u00f3w wiatrowych.<\/p>\n<p><em>\u0179r\u00f3d\u0142o: Ministerstwo Transportu i Komunikacji Litwy<\/em><\/p>\n","protected":false},"excerpt":{"rendered":"<p>Najwi\u0119kszy niemiecki port morski Hamburg i litewski port morski K\u0142ajpeda zamierzaj\u0105 \u015bci\u015blej wsp\u00f3\u0142pracowa\u0107 przy opracowywaniu i realizacji wsp\u00f3lnych projekt\u00f3w oraz tworzeniu nowych szlak\u00f3w logistycznych mi\u0119dzy Niemcami a Litw\u0105. Ponadto, Litwa zaprasza niemieckie firmy do udzia\u0142u w budowie morskiej farmy wiatrowej w pobli\u017cu K\u0142ajpedy oraz do skorzystania z mo\u017cliwo\u015bci oferowanych przez port w K\u0142ajpedzie.<\/p>\n","protected":false},"author":5,"featured_media":14334,"comment_status":"open","ping_status":"open","sticky":false,"template":"","format":"standard","meta":[],"categories":[168,140,137],"tags":[159,331,552,1666,323,208,381,382,228,632,633,1665],"acf":[],"_links":{"self":[{"href":"https:\/\/balticwind.eu\/pl\/wp-json\/wp\/v2\/posts\/14328"}],"collection":[{"href":"https:\/\/balticwind.eu\/pl\/wp-json\/wp\/v2\/posts"}],"about":[{"href":"https:\/\/balticwind.eu\/pl\/wp-json\/wp\/v2\/types\/post"}],"author":[{"embeddable":true,"href":"https:\/\/balticwind.eu\/pl\/wp-json\/wp\/v2\/users\/5"}],"replies":[{"embeddable":true,"href":"https:\/\/balticwind.eu\/pl\/wp-json\/wp\/v2\/comments?post=14328"}],"version-history":[{"count":0,"href":"https:\/\/balticwind.eu\/pl\/wp-json\/wp\/v2\/posts\/14328\/revisions"}],"wp:featuredmedia":[{"embeddable":true,"href":"https:\/\/balticwind.eu\/pl\/wp-json\/wp\/v2\/media\/14334"}],"wp:attachment":[{"href":"https:\/\/balticwind.eu\/pl\/wp-json\/wp\/v2\/media?parent=14328"}],"wp:term":[{"taxonomy":"category","embeddable":true,"href":"https:\/\/balticwind.eu\/pl\/wp-json\/wp\/v2\/categories?post=14328"},{"taxonomy":"post_tag","embeddable":true,"href":"https:\/\/balticwind.eu\/pl\/wp-json\/wp\/v2\/tags?post=14328"}],"curies":[{"name":"wp","href":"https:\/\/api.w.org\/{rel}","templated":true}]}}