{"id":17184,"date":"2022-07-07T06:00:52","date_gmt":"2022-07-07T04:00:52","guid":{"rendered":"https:\/\/balticwind.eu\/?p=17184"},"modified":"2022-07-06T20:38:46","modified_gmt":"2022-07-06T18:38:46","slug":"trwaja-badania-populacji-ptakow-na-obszarze-morskiej-farmy-wiatrowej-korsnas","status":"publish","type":"post","link":"https:\/\/balticwind.eu\/pl\/trwaja-badania-populacji-ptakow-na-obszarze-morskiej-farmy-wiatrowej-korsnas\/","title":{"rendered":"Trwaj\u0105 badania populacji ptak\u00f3w na obszarze morskiej farmy wiatrowej Korsn\u00e4s"},"content":{"rendered":"<p><strong>Fi\u0144ska sp\u00f3\u0142ka pa\u0144stwowa Mets\u00e4hallitus poinformowa\u0142a, \u017ce zlecone badania populacji ptak\u00f3w na obszarze przysz\u0142ej morskiej farmy wiatrowej w Korsn\u00e4s nie przynios\u0142y \u017cadnych niespodzianek. W ramach monitoringu zaobserwowano pospolite gatunki. <\/strong><!--more--><\/p>\n<p>Dzi\u0119ki warunkom pogodowym wiosenna fala migracyjna by\u0142a stabilna i nie zaobserwowano tej wiosny \u017cadnych spektakularnych masowych migracji \u2013 informuje Mets\u00e4hallitus.<\/p>\n<blockquote><p>&#8211; Sezon wiosenny rozpocz\u0105\u0142 si\u0119 od migracji g\u0119si po przek\u0105tnej Zatoki Botnickiej wzd\u0142u\u017c linii Sztokholm-Vaasa. W promieniu wielu kilometr\u00f3w od obszaru projektu nie ma \u017cadnego l\u0105du, a poniewa\u017c morze by\u0142o jeszcze zamarzni\u0119te i nie by\u0142o dost\u0119pu do wody, \u015bledzili\u015bmy migracj\u0119 z brzegu. (\u2026) Kiedy l\u00f3d znikn\u0105\u0142, mogli\u015bmy zej\u015b\u0107 dalej w g\u0142\u0105b wody &#8211; wyja\u015bnia Jouni Kannonlahti, kierownik projektu w Centrum Bada\u0144 Vebic na Uniwersytecie w Vaasa.<\/p><\/blockquote>\n<p>Badania ptak\u00f3w rozpocz\u0119\u0142y si\u0119 latem 2021 roku, by\u0142y kontynuowane w bie\u017c\u0105cym sezonie poprzez monitoring wiosennych migracji.<\/p>\n<blockquote><p>&#8211; Jedynym nieco wyj\u0105tkowym zjawiskiem by\u0142a p\u00f3\u017anokwietniowa migracja kos\u00f3w. Niewielka liczba ptak\u00f3w migruj\u0105cych wybra\u0142a wyj\u0105tkowo drog\u0119 z Korsn\u00e4s. Obserwacja kos\u00f3w nie jest zupe\u0142nie wyj\u0105tkowa, ale zazwyczaj migruj\u0105 one dalej na po\u0142udnie i dopiero w maju. G\u0142\u00f3wne trasy migracji kos\u00f3w prowadz\u0105 z po\u0142udnia Finlandii &#8211; kontynuuje Kannonlahti.<\/p><\/blockquote>\n<p>Na obszarze badawczym morskiej farmy wiatrowej, oddalonym o ponad 15 kilometr\u00f3w od brzegu, badana b\u0119dzie r\u00f3wnie\u017c liczba odpoczywaj\u0105cych ptak\u00f3w. Ptaki w\u0119drowne odpoczywaj\u0105 na p\u0142ytkich obszarach, gdzie mog\u0105 nurkowa\u0107 w poszukiwaniu po\u017cywienia.<\/p>\n<p>Badania ptak\u00f3w zlecone przez Mets\u00e4hallitus na obszarze projektu morskiej farmy wiatrowej b\u0119d\u0105 kontynuowane jesieni\u0105. W tym czasie b\u0119d\u0105 monitorowane wybory tras ptak\u00f3w w\u0119drownych w innym kierunku.<\/p>\n<p>Tego lata b\u0119d\u0105 kontynuowane r\u00f3wnie\u017c badania ptak\u00f3w w ramach bada\u0144 Atlasu Ptak\u00f3w. Atlas ptak\u00f3w bada rozmieszczenie gatunk\u00f3w ptak\u00f3w i ich obszary l\u0119gowe w Finlandii oraz bada zmiany w rozmieszczeniu gatunk\u00f3w. Badanie Atlasu ptak\u00f3w jest cz\u0119\u015bci\u0105 monitoringu bior\u00f3\u017cnorodno\u015bci. Badania zostan\u0105 przeprowadzone w latach 2022-2025.<\/p>\n<p>Badania ptak\u00f3w s\u0105 cz\u0119\u015bci\u0105 informacji opracowywanych na potrzeby oceny oddzia\u0142ywania projektu na \u015brodowisko (OO\u015a). Proces przygotowywania OO\u015a ma si\u0119 rozpocz\u0105\u0107 jesieni\u0105 2022 roku.<\/p>\n<p><em>\u0179r\u00f3d\u0142o: Mets\u00e4hallitus<\/em><\/p>\n","protected":false},"excerpt":{"rendered":"<p>Fi\u0144ska sp\u00f3\u0142ka pa\u0144stwowa Mets\u00e4hallitus poinformowa\u0142a, \u017ce zlecone badania populacji ptak\u00f3w na obszarze przysz\u0142ej morskiej farmy wiatrowej w Korsn\u00e4s nie przynios\u0142y \u017cadnych niespodzianek. W ramach monitoringu zaobserwowano pospolite gatunki.<\/p>\n","protected":false},"author":5,"featured_media":17186,"comment_status":"open","ping_status":"open","sticky":false,"template":"","format":"standard","meta":[],"categories":[178,137,139],"tags":[311,552,1875,227,323,187,602,208,601,1589,381,382,521,228,632,568,1440,633,214,474,890],"acf":[],"_links":{"self":[{"href":"https:\/\/balticwind.eu\/pl\/wp-json\/wp\/v2\/posts\/17184"}],"collection":[{"href":"https:\/\/balticwind.eu\/pl\/wp-json\/wp\/v2\/posts"}],"about":[{"href":"https:\/\/balticwind.eu\/pl\/wp-json\/wp\/v2\/types\/post"}],"author":[{"embeddable":true,"href":"https:\/\/balticwind.eu\/pl\/wp-json\/wp\/v2\/users\/5"}],"replies":[{"embeddable":true,"href":"https:\/\/balticwind.eu\/pl\/wp-json\/wp\/v2\/comments?post=17184"}],"version-history":[{"count":0,"href":"https:\/\/balticwind.eu\/pl\/wp-json\/wp\/v2\/posts\/17184\/revisions"}],"wp:featuredmedia":[{"embeddable":true,"href":"https:\/\/balticwind.eu\/pl\/wp-json\/wp\/v2\/media\/17186"}],"wp:attachment":[{"href":"https:\/\/balticwind.eu\/pl\/wp-json\/wp\/v2\/media?parent=17184"}],"wp:term":[{"taxonomy":"category","embeddable":true,"href":"https:\/\/balticwind.eu\/pl\/wp-json\/wp\/v2\/categories?post=17184"},{"taxonomy":"post_tag","embeddable":true,"href":"https:\/\/balticwind.eu\/pl\/wp-json\/wp\/v2\/tags?post=17184"}],"curies":[{"name":"wp","href":"https:\/\/api.w.org\/{rel}","templated":true}]}}