{"id":18608,"date":"2022-08-26T09:45:09","date_gmt":"2022-08-26T07:45:09","guid":{"rendered":"https:\/\/balticwind.eu\/?p=18608"},"modified":"2022-08-26T10:38:56","modified_gmt":"2022-08-26T08:38:56","slug":"nad-baltykiem-pge-promuje-morska-energetyke","status":"publish","type":"post","link":"https:\/\/balticwind.eu\/pl\/nad-baltykiem-pge-promuje-morska-energetyke\/","title":{"rendered":"Nad Ba\u0142tykiem PGE promuje morsk\u0105 energetyk\u0119 wiatrow\u0105"},"content":{"rendered":"<div class=\"fusion-fullwidth fullwidth-box fusion-builder-row-1 fusion-flex-container nonhundred-percent-fullwidth non-hundred-percent-height-scrolling\" style=\"background-color: rgba(255,255,255,0);background-position: center center;background-repeat: no-repeat;border-width: 0px 0px 0px 0px;border-color:#eaeaea;border-style:solid;\" ><div class=\"fusion-builder-row fusion-row fusion-flex-align-items-flex-start\" style=\"max-width:1289.6px;margin-left: calc(-4% \/ 2 );margin-right: calc(-4% \/ 2 );\"><div class=\"fusion-layout-column fusion_builder_column fusion-builder-column-0 fusion_builder_column_1_1 1_1 fusion-flex-column\"><div class=\"fusion-column-wrapper fusion-flex-justify-content-flex-start fusion-content-layout-column\" style=\"background-position:left top;background-repeat:no-repeat;-webkit-background-size:cover;-moz-background-size:cover;-o-background-size:cover;background-size:cover;padding: 0px 0px 0px 0px;\"><div class=\"fusion-text fusion-text-1\" style=\"font-family:&quot;Mulish&quot;;font-weight:400;\"><div>\n<p class=\"gwp03eca07emsonormal\"><b><span lang=\"PL\">Ponad 18 tysi\u0119cy mieszka\u0144c\u00f3w i turyst\u00f3w, sp\u0119dzaj\u0105cych wakacje nad polskim morzem, odwiedzi\u0142o stref\u0119 edukacyjn\u0105 zorganizowan\u0105 przez Fundacj\u0119 PGE &#8211; \u201ePLA\u017bA PGE \u2013 POZNAJ MOC BA\u0141TYCKIEGO WIATRU\u201d.<\/span><\/b><\/p>\n<\/div>\n<p><!--more--><\/p>\n<blockquote>\n<p>II edycja naszego projektu edukacyjnego spotka\u0142a si\u0119 z jeszcze liczniejszym odbiorem ni\u017c w zesz\u0142ym roku. Z edukacyjnych stref PGE skorzysta\u0142o ponad 18 tys. os\u00f3b, co pokazuje, \u017ce z ka\u017cdym rokiem morskie farmy wiatrowe budz\u0105 coraz wi\u0119ksze zainteresowanie. To wa\u017cne, \u017ceby jak najwi\u0119cej os\u00f3b mia\u0142o mo\u017cliwo\u015b\u0107 dowiedzenia si\u0119 o morskiej energetyce wiatrowej, kt\u00f3ra ju\u017c nied\u0142ugo zmieni oblicze polskiej energetyki i zapewni nam niezale\u017cno\u015b\u0107 energetyczn\u0105\u00a0\u2013 m\u00f3wi\u00a0<strong>Wojciech D\u0105browski, prezes zarz\u0105du PGE Polskiej Grupy Energetycznej.\u00a0<\/strong><\/p>\n<\/blockquote>\n<p>W ramach projektu \u201ePla\u017ca PGE &#8211; Poznaj Moc Ba\u0142tyckiego Wiatru\u201d, od 8 lipca do 16 sierpnia, na pla\u017cach w Ustce, \u0141ebie i Sasinie znajdowa\u0142y si\u0119 specjalne strefy, w kt\u00f3rych zar\u00f3wno mieszka\u0144cy, jak i tury\u015bci przebywaj\u0105cy nad Morzem Ba\u0142tyckim, niezale\u017cne od wieku, mogli\u00a0poszerzy\u0107 wiedz\u0119 dotycz\u0105c\u0105 odnawialnych \u017ar\u00f3de\u0142 energii i morskich farm wiatrowych.<\/p>\n<p>Na odwiedzaj\u0105cych Pla\u017ce PGE czeka\u0142o kilka stref tematycznych, w tym\u00a0<a href=\"http:\/\/m.in\/\" data-saferedirecturl=\"https:\/\/zasobygwp.pl\/redirect?sig=c3a7a4e428dac611078c948072e0c7f78b3278cc88a63a4aed8e2dfe57d6a5a7&amp;url=aHR0cDovL20uaW4v&amp;platform=desktop&amp;brand=wp\">m.in<\/a>. strefa interaktywnej edukacji, strefa wiedzy, strefa edukacyjno-warsztatowa czy strefa sportowa.<\/p>\n<p>Uczestnicy bior\u0105c udzia\u0142 w atrakcjach zdobyli ponad 16 tysi\u0119cy nagr\u00f3d i wytworzyli 879 kWh energii na energo-rowerze.<\/p>\n<p>W ramach projektu \u201ePla\u017ca PGE \u2013 Poznaj Moc Ba\u0142tyckiego Wiatru\u201d odby\u0142y si\u0119 trzy spotkania z przedstawicielami Nadle\u015bnictw ze Szczecinka, L\u0119borka i Choczewa, podczas kt\u00f3rych mo\u017cna by\u0142o wzi\u0105\u0107 udzia\u0142 w warsztatach\u00a0wypalania w drewnie, z rozpoznawania \u015blad\u00f3w zwierz\u0105t na piasku\u00a0czy budowania domk\u00f3w dla owad\u00f3w. Podczas pokaz\u00f3w Ratownictwa Wodnego WOPR ze S\u0142upska i Gniewina mo\u017cna by\u0142o zdoby\u0107 wiedz\u0119 na temat pierwszej pomocy. Co weekend odbywa\u0142y si\u0119 r\u00f3wnie\u017c spotkania ze sportowcami wspieranymi przez PGE, w tym z przedstawicielami Kadry Narodowej w windsurfingu\u00a0<a href=\"http:\/\/m.in\/\" data-saferedirecturl=\"https:\/\/zasobygwp.pl\/redirect?sig=c3a7a4e428dac611078c948072e0c7f78b3278cc88a63a4aed8e2dfe57d6a5a7&amp;url=aHR0cDovL20uaW4v&amp;platform=desktop&amp;brand=wp\">m.in<\/a>. Zofi\u0105 Klepack\u0105, Maciejem Rutkowskim i Maj\u0105 Dziarnowsk\u0105. Dodatkowo w ka\u017cd\u0105 niedziel\u0119 mia\u0142y miejsce pokazy kina plenerowego oraz akustyczne koncerty o zachodzie s\u0142o\u0144ca z udzia\u0142em takich muzyk\u00f3w, jak: harfistka \u2013 Alicja Garczarek, saksofonista \u2013 Aleksander Kami\u0144ski czy skrzypek \u2013 Natan Kos\u0119tka.<\/p>\n<p>Projekt \u201ePLA\u017bA PGE \u2013 POZNAJ MOC BA\u0141TYCKIEGO WIATRU\u201d jest organizowany przez Fundacj\u0119 PGE w ramach dzia\u0142a\u0144 edukacyjnych, zwi\u0105zanych z realizacj\u0105 projektu Offshore przez Grup\u0119 PGE na Morzu Ba\u0142tyckim, zgodnie z kt\u00f3rym do 2040 roku PGE b\u0119dzie posiada\u0107 przynajmniej 6,5 GW mocy zainstalowanej w morskich farmach<\/p>\n<p>\u0179r\u00f3d\u0142o: PGE<\/p>\n<\/div><\/div><style type=\"text\/css\">.fusion-body .fusion-builder-column-0{width:100% !important;margin-top : 0px;margin-bottom : 0px;}.fusion-builder-column-0 > .fusion-column-wrapper {padding-top : 0px !important;padding-right : 0px !important;margin-right : 1.92%;padding-bottom : 0px !important;padding-left : 0px !important;margin-left : 1.92%;}@media only screen and (max-width:1024px) {.fusion-body .fusion-builder-column-0{width:100% !important;}.fusion-builder-column-0 > .fusion-column-wrapper {margin-right : 1.92%;margin-left : 1.92%;}}@media only screen and (max-width:640px) {.fusion-body .fusion-builder-column-0{width:100% !important;}.fusion-builder-column-0 > .fusion-column-wrapper {margin-right : 1.92%;margin-left : 1.92%;}}<\/style><\/div><\/div><style type=\"text\/css\">.fusion-body .fusion-flex-container.fusion-builder-row-1{ padding-top : 0px;margin-top : 0px;padding-right : 0px;padding-bottom : 0px;margin-bottom : 0px;padding-left : 0px;}<\/style><\/div>\n","protected":false},"excerpt":{"rendered":"<p>Ponad 18 tysi\u0119cy mieszka\u0144c\u00f3w i turyst\u00f3w, sp\u0119dzaj\u0105cych wakacje nad polskim morzem, odwiedzi\u0142o stref\u0119 edukacyjn\u0105 zorganizowan\u0105 przez Fundacj\u0119 PGE &#8211; \u201ePLA\u017bA PGE \u2013 POZNAJ MOC BA\u0141TYCKIEGO WIATRU\u201d.<\/p>\n","protected":false},"author":8,"featured_media":18618,"comment_status":"open","ping_status":"open","sticky":false,"template":"","format":"standard","meta":[],"categories":[137,164],"tags":[331,552,227,208,381,228,632,449,1942,652,890],"acf":[],"_links":{"self":[{"href":"https:\/\/balticwind.eu\/pl\/wp-json\/wp\/v2\/posts\/18608"}],"collection":[{"href":"https:\/\/balticwind.eu\/pl\/wp-json\/wp\/v2\/posts"}],"about":[{"href":"https:\/\/balticwind.eu\/pl\/wp-json\/wp\/v2\/types\/post"}],"author":[{"embeddable":true,"href":"https:\/\/balticwind.eu\/pl\/wp-json\/wp\/v2\/users\/8"}],"replies":[{"embeddable":true,"href":"https:\/\/balticwind.eu\/pl\/wp-json\/wp\/v2\/comments?post=18608"}],"version-history":[{"count":0,"href":"https:\/\/balticwind.eu\/pl\/wp-json\/wp\/v2\/posts\/18608\/revisions"}],"wp:featuredmedia":[{"embeddable":true,"href":"https:\/\/balticwind.eu\/pl\/wp-json\/wp\/v2\/media\/18618"}],"wp:attachment":[{"href":"https:\/\/balticwind.eu\/pl\/wp-json\/wp\/v2\/media?parent=18608"}],"wp:term":[{"taxonomy":"category","embeddable":true,"href":"https:\/\/balticwind.eu\/pl\/wp-json\/wp\/v2\/categories?post=18608"},{"taxonomy":"post_tag","embeddable":true,"href":"https:\/\/balticwind.eu\/pl\/wp-json\/wp\/v2\/tags?post=18608"}],"curies":[{"name":"wp","href":"https:\/\/api.w.org\/{rel}","templated":true}]}}