{"id":22183,"date":"2023-01-03T12:12:27","date_gmt":"2023-01-03T11:12:27","guid":{"rendered":"https:\/\/balticwind.eu\/?p=22183"},"modified":"2023-01-03T12:32:43","modified_gmt":"2023-01-03T11:32:43","slug":"nierozstrzygniete-pierwsze-z-postepowan-lokalizacyjnych-ii-fazy-polskiego-offshoru","status":"publish","type":"post","link":"https:\/\/balticwind.eu\/pl\/nierozstrzygniete-pierwsze-z-postepowan-lokalizacyjnych-ii-fazy-polskiego-offshoru\/","title":{"rendered":"Nierozstrzygni\u0119te pierwsze z post\u0119powa\u0144 lokalizacyjnych II fazy polskiego offshoru"},"content":{"rendered":"<p><strong>Minister Infrastruktury og\u0142osi\u0142, \u017ce w post\u0119powaniu rozstrzygaj\u0105cym dotycz\u0105cym obszaru 53.E.1 \u017caden z wnioskodawc\u00f3w nie uzyska\u0142 minimum kwalifikacyjnego. Chodzi o 1 z 11 obszar\u00f3w, kt\u00f3re maj\u0105 by\u0107 przyznane inwestorom w ramach PSZW dla drugiej fazy polskiego offshoru.<\/strong><\/p>\n<p>Decyzja z dnia 2 stycznia 2023 dotyczy obszaru 53.E.1 obj\u0119tego og\u0142oszeniem nr 3\/2022\/MFW z dnia 21 stycznia 2022 r. O koncesj\u0119 ubiega\u0142y si\u0119 m.in. sp\u00f3\u0142ki PKN Orlen, Shella, Equinora, RWE i EDF Renewables.<\/p>\n<blockquote><p><strong>Jak informuje Ministerstwo Infrastruktury:<\/strong> \u201e\u017caden z wnioskodawc\u00f3w nie osi\u0105gn\u0105\u0142 minimum kwalifikacyjnego w kryterium proponowanych okres\u00f3w obowi\u0105zywania pozwolenia, w tym dat rozpocz\u0119cia i zako\u0144czenia budowy i eksploatacji przedsi\u0119wzi\u0119cia. Zaproponowane harmonogramy realizacji przedsi\u0119wzi\u0119cia nie uwzgl\u0119dnia\u0142y termin\u00f3w, w jakich nale\u017cy uzyska\u0107 pozwolenie na budow\u0119 i jednocze\u015bnie zakazu wznoszenia i wykorzystywania sztucznych wysp, konstrukcji i urz\u0105dze\u0144 w akwenie przed ko\u0144cem 2040 roku. Bior\u0105c pod uwag\u0119 obowi\u0105zuj\u0105ce przepisy, nie jest mo\u017cliwe opracowanie wykonalnego harmonogramu realizacji dla przedsi\u0119wzi\u0119cia, kt\u00f3re uzyska\u0142oby pozwolenie w 2022 lub 2023 roku. Wobec nieosi\u0105gni\u0119cia przez \u017cadnego z wnioskodawc\u00f3w minimum kwalifikacyjnego Minister Infrastruktury uznaje post\u0119powanie za nierozstrzygni\u0119te.\u201d<\/p><\/blockquote>\n<p>Decyzje dotycz\u0105ce kolejnych 4 obszar\u00f3w spodziewane s\u0105 wkr\u00f3tce \u2013 wcze\u015bniej zapowiadane by\u0142y przez Wiceministra Gr\u00f3barczyka na prze\u0142omie roku. Za\u015b decyzja dotycz\u0105ca kolejnych 6 obszar\u00f3w jest planowana na po\u0142ow\u0119 2023 roku.<\/p>\n","protected":false},"excerpt":{"rendered":"<p>Minister Infrastruktury og\u0142osi\u0142, \u017ce w post\u0119powaniu rozstrzygaj\u0105cym dotycz\u0105cym obszaru 53.E.1 \u017caden z wnioskodawc\u00f3w nie uzyska\u0142 minimum kwalifikacyjnego. Chodzi o 1 z 11 obszar\u00f3w, kt\u00f3re maj\u0105 by\u0107 przyznane inwestorom w ramach PSZW dla drugiej fazy polskiego offshoru. Decyzja z dnia 2 stycznia 2023 dotyczy obszaru 53.E.1 obj\u0119tego og\u0142oszeniem nr 3\/2022\/MFW z dnia 21 stycznia 2022 r. [&hellip;]<\/p>\n","protected":false},"author":14,"featured_media":21255,"comment_status":"closed","ping_status":"closed","sticky":false,"template":"","format":"standard","meta":[],"categories":[137,164,143],"tags":[],"acf":[],"_links":{"self":[{"href":"https:\/\/balticwind.eu\/pl\/wp-json\/wp\/v2\/posts\/22183"}],"collection":[{"href":"https:\/\/balticwind.eu\/pl\/wp-json\/wp\/v2\/posts"}],"about":[{"href":"https:\/\/balticwind.eu\/pl\/wp-json\/wp\/v2\/types\/post"}],"author":[{"embeddable":true,"href":"https:\/\/balticwind.eu\/pl\/wp-json\/wp\/v2\/users\/14"}],"replies":[{"embeddable":true,"href":"https:\/\/balticwind.eu\/pl\/wp-json\/wp\/v2\/comments?post=22183"}],"version-history":[{"count":0,"href":"https:\/\/balticwind.eu\/pl\/wp-json\/wp\/v2\/posts\/22183\/revisions"}],"wp:featuredmedia":[{"embeddable":true,"href":"https:\/\/balticwind.eu\/pl\/wp-json\/wp\/v2\/media\/21255"}],"wp:attachment":[{"href":"https:\/\/balticwind.eu\/pl\/wp-json\/wp\/v2\/media?parent=22183"}],"wp:term":[{"taxonomy":"category","embeddable":true,"href":"https:\/\/balticwind.eu\/pl\/wp-json\/wp\/v2\/categories?post=22183"},{"taxonomy":"post_tag","embeddable":true,"href":"https:\/\/balticwind.eu\/pl\/wp-json\/wp\/v2\/tags?post=22183"}],"curies":[{"name":"wp","href":"https:\/\/api.w.org\/{rel}","templated":true}]}}