{"id":23771,"date":"2023-02-08T09:17:13","date_gmt":"2023-02-08T08:17:13","guid":{"rendered":"https:\/\/balticwind.eu\/?p=23771"},"modified":"2023-02-08T09:18:17","modified_gmt":"2023-02-08T08:18:17","slug":"morten-helveg-petersen-czlonek-parlamentu-europejskiego-dania-musi-jeszcze-zebrac-gospodarcze-owoce-swojej-wizjonerskiej-polityki-wiatrowej","status":"publish","type":"post","link":"https:\/\/balticwind.eu\/pl\/morten-helveg-petersen-czlonek-parlamentu-europejskiego-dania-musi-jeszcze-zebrac-gospodarcze-owoce-swojej-wizjonerskiej-polityki-wiatrowej\/","title":{"rendered":"Morten Helveg Petersen, Cz\u0142onek Parlamentu Europejskiego: Dania musi jeszcze zebra\u0107 gospodarcze owoce swojej wizjonerskiej polityki wiatrowej"},"content":{"rendered":"<p><strong>1 grudnia 2021 r. zako\u0144czy\u0142a si\u0119 pierwsza procedura przetargowa na morsk\u0105 energetyk\u0119 wiatrow\u0105 w Danii bez pomocy pa\u0144stwa. By\u0142o to szeroko \u015bwi\u0119towane w Danii, poniewa\u017c oznacza\u0142o kamie\u0144 milowy w du\u0144skiej polityce morskiej energetyki wiatrowej &#8211; 30 lat po tym, jak Dania zbudowa\u0142a pierwsz\u0105 morsk\u0105 farm\u0119 wiatrow\u0105 w 1991 roku.<\/strong><\/p>\n<p>Obecny sukces du\u0144skiego przemys\u0142u offshore mo\u017ce by\u0107 wyci\u0105gni\u0119ty z tych 30 lat historii. Wynale\u017ali\u015bmy technologi\u0119 i stworzyli\u015bmy rynek, a tak\u017ce pierwsze firmy, dzi\u0119ki dotacjom pa\u0144stwowym. Jednak Dania musi jeszcze zebra\u0107 gospodarcze owoce swojej wizjonerskiej polityki wiatrowej, a reszta Europy ma w tym wzgl\u0119dzie decyduj\u0105ce znaczenie.<\/p>\n<p>Dwie rzeczy s\u0105 szczeg\u00f3lnie wa\u017cne, je\u015bli chcemy utrzyma\u0107 wiod\u0105c\u0105 pozycj\u0119 Europy w dziedzinie energii wiatrowej: wolumen i konkurencja rynkowa. Potrzebujemy du\u017cego rynku wewn\u0119trznego, europejskiego, i du\u017cego europejskiego przemys\u0142u wiatrowego, kt\u00f3ry jest w stanie konkurowa\u0107 bez dotacji. Pomoc pa\u0144stwa jest wprawdzie przydatna do rozpocz\u0119cia dzia\u0142a\u0144, ale w d\u0142u\u017cszej perspektywie staje si\u0119 obci\u0105\u017ceniem.<\/p>\n<p>Innymi wa\u017cnymi czynnikami w budowaniu konkurencyjnego du\u0144skiego rynku, kt\u00f3ry wkr\u00f3tce eksploduje na wodach otaczaj\u0105cych Dani\u0119, by\u0142o zapewnienie przejrzysto\u015bci i elastyczno\u015bci dla inwestor\u00f3w. Strony zainteresowane s\u0105 zapraszane do dialogu rynkowego w celu om\u00f3wienia materia\u0142\u00f3w przetargowych, zapewniona jest tak\u017ce pe\u0142na elastyczno\u015b\u0107 przy projektowaniu farmy wiatrowej.<\/p>\n<p><strong><b>Ca\u0142\u0105 opini\u0119 mo\u017cna znale\u017a\u0107 w <a href=\"https:\/\/balticwind.eu\/pl\/balticwind-eu-country-report-polska-q4-2022-r\/\">Raporcie kwartalnym Polska Q4 2022.\u00a0<\/a><\/b><\/strong><\/p>\n","protected":false},"excerpt":{"rendered":"<p>1 grudnia 2021 r. zako\u0144czy\u0142a si\u0119 pierwsza procedura przetargowa na morsk\u0105 energetyk\u0119 wiatrow\u0105 w Danii bez pomocy pa\u0144stwa. By\u0142o to szeroko \u015bwi\u0119towane w Danii, poniewa\u017c oznacza\u0142o kamie\u0144 milowy w du\u0144skiej polityce morskiej energetyki wiatrowej &#8211; 30 lat po tym, jak Dania zbudowa\u0142a pierwsz\u0105 morsk\u0105 farm\u0119 wiatrow\u0105 w 1991 roku. Obecny sukces du\u0144skiego przemys\u0142u offshore mo\u017ce [&hellip;]<\/p>\n","protected":false},"author":8,"featured_media":2146,"comment_status":"closed","ping_status":"closed","sticky":false,"template":"","format":"standard","meta":[],"categories":[174,137,167],"tags":[],"acf":[],"_links":{"self":[{"href":"https:\/\/balticwind.eu\/pl\/wp-json\/wp\/v2\/posts\/23771"}],"collection":[{"href":"https:\/\/balticwind.eu\/pl\/wp-json\/wp\/v2\/posts"}],"about":[{"href":"https:\/\/balticwind.eu\/pl\/wp-json\/wp\/v2\/types\/post"}],"author":[{"embeddable":true,"href":"https:\/\/balticwind.eu\/pl\/wp-json\/wp\/v2\/users\/8"}],"replies":[{"embeddable":true,"href":"https:\/\/balticwind.eu\/pl\/wp-json\/wp\/v2\/comments?post=23771"}],"version-history":[{"count":0,"href":"https:\/\/balticwind.eu\/pl\/wp-json\/wp\/v2\/posts\/23771\/revisions"}],"wp:featuredmedia":[{"embeddable":true,"href":"https:\/\/balticwind.eu\/pl\/wp-json\/wp\/v2\/media\/2146"}],"wp:attachment":[{"href":"https:\/\/balticwind.eu\/pl\/wp-json\/wp\/v2\/media?parent=23771"}],"wp:term":[{"taxonomy":"category","embeddable":true,"href":"https:\/\/balticwind.eu\/pl\/wp-json\/wp\/v2\/categories?post=23771"},{"taxonomy":"post_tag","embeddable":true,"href":"https:\/\/balticwind.eu\/pl\/wp-json\/wp\/v2\/tags?post=23771"}],"curies":[{"name":"wp","href":"https:\/\/api.w.org\/{rel}","templated":true}]}}