{"id":24078,"date":"2023-02-20T08:30:27","date_gmt":"2023-02-20T07:30:27","guid":{"rendered":"https:\/\/balticwind.eu\/?p=24078"},"modified":"2023-02-19T23:03:30","modified_gmt":"2023-02-19T22:03:30","slug":"enbw-and-equinor-to-jointly-pursue-german-offshore-wind-opportunities-in-2023","status":"publish","type":"post","link":"https:\/\/balticwind.eu\/pl\/enbw-and-equinor-to-jointly-pursue-german-offshore-wind-opportunities-in-2023\/","title":{"rendered":"EnBW i Equinor b\u0119d\u0105 wsp\u00f3lnie poszukiwa\u0107 mo\u017cliwo\u015bci rozwoju niemieckiej morskiej energetyki wiatrowej w 2023 r."},"content":{"rendered":"<p><strong>EnBW i Equinor og\u0142aszaj\u0105 dzi\u015b swoje zainteresowanie wsp\u00f3lnym rozwojem morskiej energetyki wiatrowej.<\/strong><\/p>\n<blockquote><p>&#8220;Na trudnym, mi\u0119dzynarodowym polu jeste\u015bmy zachwyceni mo\u017cliwo\u015bci\u0105 wsp\u00f3\u0142pracy z tak silnym partnerem jak Equinor i po\u0142\u0105czenia indywidualnych si\u0142 obu firm w celu rozwoju niemieckiej morskiej energetyki wiatrowej. EnBW nale\u017cy do dzisiejszych lider\u00f3w w dziedzinie morskiej energetyki wiatrowej w Niemczech. We wsp\u00f3\u0142pracy z Equinor, \u015bwiatowym potentatem w dziedzinie morskiej energetyki wiatrowej, b\u0119dziemy nadal wnosi\u0107 znacz\u0105cy wk\u0142ad w przyjazn\u0105 dla klimatu przysz\u0142o\u015b\u0107 energetyczn\u0105 Niemiec i Europy&#8221; &#8211; <strong>powiedzia\u0142 Michael Class, dyrektor ds. rozwoju portfela energii odnawialnej w EnBW.<\/strong><\/p>\n<p><strong>Jens \u00d8kland, Senior Vice President for Business Development Renewables w Equinor, powiedzia\u0142<\/strong>: &#8220;Equinor ma d\u0142ug\u0105 histori\u0119 energetyczn\u0105 w Niemczech i z du\u017cym zainteresowaniem patrzy na nadchodz\u0105ce mo\u017cliwo\u015bci zwi\u0105zane z morsk\u0105 energi\u0105 wiatrow\u0105. Cieszymy si\u0119 z nawi\u0105zania wsp\u00f3\u0142pracy z EnBW. Razem \u0142\u0105czymy doskona\u0142e mo\u017cliwo\u015bci w zakresie realizacji projekt\u00f3w odnawialnych \u017ar\u00f3de\u0142 energii w Niemczech z mi\u0119dzynarodowym do\u015bwiadczeniem w zakresie offshore, co jest niezb\u0119dne do zapewnienia zr\u00f3wnowa\u017conej, niezawodnej i niedrogiej energii.v<\/p><\/blockquote>\n<p>Source: EnBW<\/p>\n","protected":false},"excerpt":{"rendered":"<p>EnBW i Equinor og\u0142aszaj\u0105 dzi\u015b swoje zainteresowanie wsp\u00f3lnym rozwojem morskiej energetyki wiatrowej. &#8220;Na trudnym, mi\u0119dzynarodowym polu jeste\u015bmy zachwyceni mo\u017cliwo\u015bci\u0105 wsp\u00f3\u0142pracy z tak silnym partnerem jak Equinor i po\u0142\u0105czenia indywidualnych si\u0142 obu firm w celu rozwoju niemieckiej morskiej energetyki wiatrowej. EnBW nale\u017cy do dzisiejszych lider\u00f3w w dziedzinie morskiej energetyki wiatrowej w Niemczech. We wsp\u00f3\u0142pracy z Equinor, [&hellip;]<\/p>\n","protected":false},"author":8,"featured_media":24076,"comment_status":"closed","ping_status":"closed","sticky":false,"template":"","format":"standard","meta":[],"categories":[140,137,139],"tags":[],"acf":[],"_links":{"self":[{"href":"https:\/\/balticwind.eu\/pl\/wp-json\/wp\/v2\/posts\/24078"}],"collection":[{"href":"https:\/\/balticwind.eu\/pl\/wp-json\/wp\/v2\/posts"}],"about":[{"href":"https:\/\/balticwind.eu\/pl\/wp-json\/wp\/v2\/types\/post"}],"author":[{"embeddable":true,"href":"https:\/\/balticwind.eu\/pl\/wp-json\/wp\/v2\/users\/8"}],"replies":[{"embeddable":true,"href":"https:\/\/balticwind.eu\/pl\/wp-json\/wp\/v2\/comments?post=24078"}],"version-history":[{"count":0,"href":"https:\/\/balticwind.eu\/pl\/wp-json\/wp\/v2\/posts\/24078\/revisions"}],"wp:featuredmedia":[{"embeddable":true,"href":"https:\/\/balticwind.eu\/pl\/wp-json\/wp\/v2\/media\/24076"}],"wp:attachment":[{"href":"https:\/\/balticwind.eu\/pl\/wp-json\/wp\/v2\/media?parent=24078"}],"wp:term":[{"taxonomy":"category","embeddable":true,"href":"https:\/\/balticwind.eu\/pl\/wp-json\/wp\/v2\/categories?post=24078"},{"taxonomy":"post_tag","embeddable":true,"href":"https:\/\/balticwind.eu\/pl\/wp-json\/wp\/v2\/tags?post=24078"}],"curies":[{"name":"wp","href":"https:\/\/api.w.org\/{rel}","templated":true}]}}