{"id":26155,"date":"2023-04-22T08:56:54","date_gmt":"2023-04-22T06:56:54","guid":{"rendered":"https:\/\/balticwind.eu\/?p=26155"},"modified":"2023-05-10T08:57:14","modified_gmt":"2023-05-10T06:57:14","slug":"ocean-winds-rozpoczyna-badania-dna-baltyku-dla-morskiej-farmy-wiatrowej-bc-wind-w-polsce","status":"publish","type":"post","link":"https:\/\/balticwind.eu\/pl\/ocean-winds-rozpoczyna-badania-dna-baltyku-dla-morskiej-farmy-wiatrowej-bc-wind-w-polsce\/","title":{"rendered":"Ocean Winds rozpoczyna badania dna Ba\u0142tyku dla morskiej farmy wiatrowej BC-Wind w Polsce"},"content":{"rendered":"<p><strong>Ocean Winds (OW), mi\u0119dzynarodowa firma zajmuj\u0105ca si\u0119 morsk\u0105 energetyk\u0105 wiatrow\u0105, utworzona w 2020 roku jako sp\u00f3\u0142ka joint venture 50\/50 EDP Renewables i ENGIE, rozpoczyna kolejny etap prac zwi\u0105zanych z realizacj\u0105 morskiej farmy wiatrowej BC-Wind w Polsce. Geofizyczne i geotechniczne badania dna Ba\u0142tyku rozpoczn\u0105 si\u0119 na pocz\u0105tku kwietnia, a ich uko\u0144czenie planowane jest w III kwartale tego roku. Badania zostan\u0105 zrealizowane przez brytyjsk\u0105 firm\u0119 Gardline Limited.<\/strong><\/p>\n<p>Celem bada\u0144 jest pozyskanie informacji niezb\u0119dnych do opracowania szczeg\u00f3\u0142owego planu posadowienia fundament\u00f3w turbin wiatrowych oraz morskiej stacji elektroenergetycznej, projektu kabli mi\u0119dzysieciowych i eksportowych, a tak\u017ce wymaganej ochrony ich wkopywania i ich po\u0142\u0105czenia z l\u0105dow\u0105 infrastruktur\u0105 przesy\u0142ow\u0105.<\/p>\n<blockquote><p><em>\u201eWyniki geofizycznych oraz geotechnicznych bada\u0144 dna morskiego pozwol\u0105 na opracowanie optymalnego projektu pod k\u0105tem harmonogramu dalszych prac i ekonomiki. Po otrzymaniu pozwole\u0144 lokalizacyjnych, warunk\u00f3w przy\u0142\u0105czenia do sieci, uzyskaniu prawa do kontraktu r\u00f3\u017cnicowego, czy otrzymaniu decyzji \u015brodowiskowej, b\u0119dzie to kolejny etap, kt\u00f3ry przybli\u017ca nas do uzyskania pozwolenia na budow\u0119 morskiej farmy wiatrowej BC-Wind.\u201d<\/em> \u2013 <strong>powiedzia\u0142 Kacper Kostrzewa, Dyrektor projektu BC-Wind.<\/strong><\/p><\/blockquote>\n<p><img decoding=\"async\" class=\"wp-image-2476 alignleft\" src=\"https:\/\/www.bc-wind.pl\/wp-content\/uploads\/2023\/04\/OCEAN-OBSERVER-2-1024x692.png\" sizes=\"(max-width: 1024px) 100vw, 1024px\" srcset=\"https:\/\/www.bc-wind.pl\/wp-content\/uploads\/2023\/04\/OCEAN-OBSERVER-2-1024x692.png 1024w, https:\/\/www.bc-wind.pl\/wp-content\/uploads\/2023\/04\/OCEAN-OBSERVER-2-300x203.png 300w, https:\/\/www.bc-wind.pl\/wp-content\/uploads\/2023\/04\/OCEAN-OBSERVER-2-768x519.png 768w, https:\/\/www.bc-wind.pl\/wp-content\/uploads\/2023\/04\/OCEAN-OBSERVER-2.png 1147w\" alt=\"\" width=\"497\" height=\"336\" \/><\/p>\n<p>Planowane badania to z\u0142o\u017cony proces, z udzia\u0142em wielu specjalist\u00f3w i zaawansowanego technologicznie sprz\u0119tu. Badania geofizyczne obejmuj\u0105 pomiary g\u0142\u0119boko\u015bci pasa dna morskiego na g\u0142\u0119boko\u015bci do 60 m, techniki sonarowe umo\u017cliwiaj\u0105ce mapowanie zagro\u017ce\u0144 powierzchniowych oraz r\u00f3\u017cne systemy sejsmiczne do bada\u0144 struktur pod dnem morskim. Nast\u0119pnie planowane jest pobranie pr\u00f3bek z p\u0142ytkiego dna morskiego wzd\u0142u\u017c trasy kabla eksportowego. W II kwartale przeprowadzone zostan\u0105 g\u0142\u0119bokie badania geotechniczne z udzia\u0142em wielu statk\u00f3w wiertniczych dzia\u0142aj\u0105cych na terenie MFW, wykonuj\u0105cych odwierty i testy CPT in situ. Ten szeroko zakrojony program bada\u0144 b\u0119dzie realizowany ok. 23 km od linii brzegowej na p\u00f3\u0142noc od gmin Krokowa i Choczewo oraz 24-kilometrowego korytarza dla kabla eksportowego.<\/p>\n<p>Morska farma BC-Wind jest realizowana zgodnie z harmonogramem. Po uzyskaniu pozwole\u0144 lokalizacyjnych, podpisaniu umowy przy\u0142\u0105czenia do sieci, otrzymaniu prawa do pokrycia ujemnego salda i decyzji \u015brodowiskowej, oraz wybraniu W\u0142adys\u0142awowa jako morskiej bazy serwisowej, Ocean Winds skupia si\u0119 teraz na kolejnych technicznych elementach projektu, oraz na rozwijaniu lokalnego \u0142a\u0144cucha dostaw bezpo\u015brednich i po\u015brednich wykonawc\u00f3w poszczeg\u00f3lnych element\u00f3w projektu.<br \/>\nSp\u00f3\u0142ka planuje rozpocz\u0119cie dzia\u0142alno\u015bci komercyjnej BC-Wind w 2027 roku.<\/p>\n<p>\u0179r\u00f3d\u0142o: Ocean Winds<\/p>\n","protected":false},"excerpt":{"rendered":"<p>Ocean Winds (OW), mi\u0119dzynarodowa firma zajmuj\u0105ca si\u0119 morsk\u0105 energetyk\u0105 wiatrow\u0105, utworzona w 2020 roku jako sp\u00f3\u0142ka joint venture 50\/50 EDP Renewables i ENGIE, rozpoczyna kolejny etap prac zwi\u0105zanych z realizacj\u0105 morskiej farmy wiatrowej BC-Wind w Polsce. Geofizyczne i geotechniczne badania dna Ba\u0142tyku rozpoczn\u0105 si\u0119 na pocz\u0105tku kwietnia, a ich uko\u0144czenie planowane jest w III kwartale [&hellip;]<\/p>\n","protected":false},"author":8,"featured_media":26156,"comment_status":"closed","ping_status":"closed","sticky":false,"template":"","format":"standard","meta":[],"categories":[137,164,139],"tags":[],"acf":[],"_links":{"self":[{"href":"https:\/\/balticwind.eu\/pl\/wp-json\/wp\/v2\/posts\/26155"}],"collection":[{"href":"https:\/\/balticwind.eu\/pl\/wp-json\/wp\/v2\/posts"}],"about":[{"href":"https:\/\/balticwind.eu\/pl\/wp-json\/wp\/v2\/types\/post"}],"author":[{"embeddable":true,"href":"https:\/\/balticwind.eu\/pl\/wp-json\/wp\/v2\/users\/8"}],"replies":[{"embeddable":true,"href":"https:\/\/balticwind.eu\/pl\/wp-json\/wp\/v2\/comments?post=26155"}],"version-history":[{"count":0,"href":"https:\/\/balticwind.eu\/pl\/wp-json\/wp\/v2\/posts\/26155\/revisions"}],"wp:featuredmedia":[{"embeddable":true,"href":"https:\/\/balticwind.eu\/pl\/wp-json\/wp\/v2\/media\/26156"}],"wp:attachment":[{"href":"https:\/\/balticwind.eu\/pl\/wp-json\/wp\/v2\/media?parent=26155"}],"wp:term":[{"taxonomy":"category","embeddable":true,"href":"https:\/\/balticwind.eu\/pl\/wp-json\/wp\/v2\/categories?post=26155"},{"taxonomy":"post_tag","embeddable":true,"href":"https:\/\/balticwind.eu\/pl\/wp-json\/wp\/v2\/tags?post=26155"}],"curies":[{"name":"wp","href":"https:\/\/api.w.org\/{rel}","templated":true}]}}