{"id":26698,"date":"2023-05-26T08:44:21","date_gmt":"2023-05-26T06:44:21","guid":{"rendered":"https:\/\/balticwind.eu\/?p=26698"},"modified":"2023-05-26T10:32:32","modified_gmt":"2023-05-26T08:32:32","slug":"iberdrola-podpisuje-ppa-z-holcim-na-250-gigawatogodzin-energii-elektrycznej-z-baltic-eagle","status":"publish","type":"post","link":"https:\/\/balticwind.eu\/pl\/iberdrola-podpisuje-ppa-z-holcim-na-250-gigawatogodzin-energii-elektrycznej-z-baltic-eagle\/","title":{"rendered":"Iberdrola podpisuje PPA z Holcim na 250 gigawatogodzin energii elektrycznej z Baltic Eagle"},"content":{"rendered":"<p><strong>Iberdrola, jedna z najwi\u0119kszych na \u015bwiecie firm zajmuj\u0105cych si\u0119 energi\u0105 odnawialn\u0105, oraz Holcim, \u015bwiatowy lider w dziedzinie innowacyjnych i zr\u00f3wnowa\u017conych rozwi\u0105za\u0144 budowlanych, podpisa\u0142y now\u0105, du\u017c\u0105 umow\u0119 o zakup czystej energii (PPA) w Niemczech &#8211; a tak\u017ce zgodzi\u0142y si\u0119 wsp\u00f3\u0142pracowa\u0107 nad szeregiem nowych inicjatyw na rzecz zr\u00f3wnowa\u017conego rozwoju.<\/strong><\/p>\n<p>Nowo uzgodniona umowa PPA zapewni firmie Holcim 250 gigawatogodzin (GWh) energii odnawialnej rocznie z morskiej farmy wiatrowej Baltic Eagle w Niemczech. Czysta energia pomo\u017ce przyspieszy\u0107 drog\u0119 Holcim do zerowego zu\u017cycia energii netto w Niemczech, gdzie firma zamierza zwi\u0119kszy\u0107 wykorzystanie energii odnawialnej w swojej dzia\u0142alno\u015bci do ponad 80% do 2030 roku.<\/p>\n<p>Morska farma wiatrowa Baltic Eagle jest obecnie w budowie na Morzu Ba\u0142tyckim, na p\u00f3\u0142noc od wyspy Rugia, a po jej uko\u0144czeniu w 2024 r. b\u0119dzie mia\u0142a \u0142\u0105czn\u0105 moc 476 megawat\u00f3w (MW).<\/p>\n<p>W ramach szerszego porozumienia obie firmy utworzy\u0142y grup\u0119 robocz\u0105 w celu przeanalizowania potencja\u0142u realizacji szerokiej gamy dalszych projekt\u00f3w zwi\u0105zanych ze zr\u00f3wnowa\u017conym rozwojem w Europie i potencjalnie na innych kontynentach.<\/p>\n<p>Opracowywane propozycje obejmuj\u0105 potencjalne dodatkowe umowy PPA w celu dekarbonizacji dzia\u0142alno\u015bci, a tak\u017ce analiz\u0119 odpowiednich lokalizacji do rozwoju lokalnych instalacji odnawialnych \u017ar\u00f3de\u0142 energii w zak\u0142adach operacyjnych nale\u017c\u0105cych do Holcim, od fotowoltaiki po zielony wod\u00f3r.<\/p>\n<p>Iberdrola pomo\u017ce r\u00f3wnie\u017c Holcim w analizie projekt\u00f3w, kt\u00f3re mog\u0142yby pom\u00f3c w zwi\u0119kszeniu elektryfikacji istniej\u0105cych proces\u00f3w przemys\u0142owych i pobudzeniu rozwi\u0105za\u0144 w zakresie mobilno\u015bci elektrycznej. Ostatecznie, w perspektywie d\u0142ugoterminowej, obie firmy d\u0105\u017c\u0105 do wdro\u017cenia w 100% bezemisyjnego zielonego cementu, aby pom\u00f3c w budowie projekt\u00f3w energii odnawialnej na ca\u0142ym \u015bwiecie.<\/p>\n<blockquote><p><strong>Aitor Moso, dyrektor Iberdrola Retail Business, powiedzia\u0142<\/strong>: &#8220;Iberdrola jest dumna ze wsp\u00f3\u0142pracy z Holcim i wspierania ich d\u0105\u017cenia do bycia w czo\u0142\u00f3wce rozwi\u0105za\u0144 zr\u00f3wnowa\u017conego rozwoju w budownictwie. Nasza umowa sprawi, \u017ce czysta energia z morskiej energii wiatrowej natychmiast wesprze dzia\u0142alno\u015b\u0107 Holcim, a obie firmy chc\u0105 rozszerzy\u0107 nasze zr\u00f3wnowa\u017cone partnerstwo znacznie dalej w nadchodz\u0105cych tygodniach, miesi\u0105cach i latach&#8221;.<\/p>\n<p>&#8220;Aby dotrze\u0107 do \u015bwiata zerowej emisji netto, ka\u017cda firma i ka\u017cdy sektor musi wprowadza\u0107 innowacje oraz mie\u0107 jasn\u0105 i osi\u0105galn\u0105 strategi\u0119 redukcji emisji. Kreatywne partnerstwa, takie jak to, kt\u00f3re nawi\u0105zali\u015bmy z Holcim, po\u0142\u0105cz\u0105 najlepsze pomys\u0142y z r\u00f3\u017cnych sektor\u00f3w i pomog\u0105 przyspieszy\u0107 drog\u0119 do zerowej emisji netto&#8221;, <strong>doda\u0142<\/strong>.<\/p>\n<p><strong>Rodrigo Martin Flores, dyrektor ds. infrastruktury i zarz\u0105dzania kluczowymi klientami w firmie Holcim, powiedzia\u0142<\/strong>: &#8220;Jestem podekscytowany podpisaniem tej umowy z Iberdrol\u0105 i do\u0142\u0105czeniem do innego globalnego lidera zr\u00f3wnowa\u017conego rozwoju w przyspieszeniu budowy zr\u00f3wnowa\u017conej infrastruktury dla energii odnawialnej. Przej\u015bcie do zerowego zu\u017cycia energii netto wymaga g\u0142\u0119bokiej wsp\u00f3\u0142pracy w ca\u0142ym naszym \u0142a\u0144cuchu warto\u015bci. \u017badna organizacja nie mo\u017ce tego zrobi\u0107 sama&#8221;.<\/p><\/blockquote>\n<p>\u0179r\u00f3d\u0142o: Iberdrola<\/p>\n","protected":false},"excerpt":{"rendered":"<p>Iberdrola, jedna z najwi\u0119kszych na \u015bwiecie firm zajmuj\u0105cych si\u0119 energi\u0105 odnawialn\u0105, oraz Holcim, \u015bwiatowy lider w dziedzinie innowacyjnych i zr\u00f3wnowa\u017conych rozwi\u0105za\u0144 budowlanych, podpisa\u0142y now\u0105, du\u017c\u0105 umow\u0119 o zakup czystej energii (PPA) w Niemczech &#8211; a tak\u017ce zgodzi\u0142y si\u0119 wsp\u00f3\u0142pracowa\u0107 nad szeregiem nowych inicjatyw na rzecz zr\u00f3wnowa\u017conego rozwoju. Nowo uzgodniona umowa PPA zapewni firmie Holcim 250 [&hellip;]<\/p>\n","protected":false},"author":14,"featured_media":26700,"comment_status":"closed","ping_status":"closed","sticky":false,"template":"","format":"standard","meta":[],"categories":[137,139],"tags":[],"acf":[],"_links":{"self":[{"href":"https:\/\/balticwind.eu\/pl\/wp-json\/wp\/v2\/posts\/26698"}],"collection":[{"href":"https:\/\/balticwind.eu\/pl\/wp-json\/wp\/v2\/posts"}],"about":[{"href":"https:\/\/balticwind.eu\/pl\/wp-json\/wp\/v2\/types\/post"}],"author":[{"embeddable":true,"href":"https:\/\/balticwind.eu\/pl\/wp-json\/wp\/v2\/users\/14"}],"replies":[{"embeddable":true,"href":"https:\/\/balticwind.eu\/pl\/wp-json\/wp\/v2\/comments?post=26698"}],"version-history":[{"count":0,"href":"https:\/\/balticwind.eu\/pl\/wp-json\/wp\/v2\/posts\/26698\/revisions"}],"wp:featuredmedia":[{"embeddable":true,"href":"https:\/\/balticwind.eu\/pl\/wp-json\/wp\/v2\/media\/26700"}],"wp:attachment":[{"href":"https:\/\/balticwind.eu\/pl\/wp-json\/wp\/v2\/media?parent=26698"}],"wp:term":[{"taxonomy":"category","embeddable":true,"href":"https:\/\/balticwind.eu\/pl\/wp-json\/wp\/v2\/categories?post=26698"},{"taxonomy":"post_tag","embeddable":true,"href":"https:\/\/balticwind.eu\/pl\/wp-json\/wp\/v2\/tags?post=26698"}],"curies":[{"name":"wp","href":"https:\/\/api.w.org\/{rel}","templated":true}]}}