{"id":26724,"date":"2023-05-26T18:48:34","date_gmt":"2023-05-26T16:48:34","guid":{"rendered":"https:\/\/balticwind.eu\/globalne-temperatury-opobija-rekordy-w-ciagu-najblizszych-pieciu-lat\/"},"modified":"2023-05-26T18:48:38","modified_gmt":"2023-05-26T16:48:38","slug":"globalne-temperatury-opobija-rekordy-w-ciagu-najblizszych-pieciu-lat","status":"publish","type":"post","link":"https:\/\/balticwind.eu\/pl\/globalne-temperatury-opobija-rekordy-w-ciagu-najblizszych-pieciu-lat\/","title":{"rendered":"Globalne temperatury opobij\u0105 rekordy w ci\u0105gu najbli\u017cszych pi\u0119ciu lat"},"content":{"rendered":"<div class=\"fusion-fullwidth fullwidth-box fusion-builder-row-1 fusion-flex-container nonhundred-percent-fullwidth non-hundred-percent-height-scrolling\" style=\"background-color: rgba(255,255,255,0);background-position: center center;background-repeat: no-repeat;border-width: 0px 0px 0px 0px;border-color:#eaeaea;border-style:solid;\" ><div class=\"fusion-builder-row fusion-row fusion-flex-align-items-flex-start\" style=\"max-width:1289.6px;margin-left: calc(-4% \/ 2 );margin-right: calc(-4% \/ 2 );\"><div class=\"fusion-layout-column fusion_builder_column fusion-builder-column-0 fusion_builder_column_1_1 1_1 fusion-flex-column\"><div class=\"fusion-column-wrapper fusion-flex-justify-content-flex-start fusion-content-layout-column\" style=\"background-position:left top;background-repeat:no-repeat;-webkit-background-size:cover;-moz-background-size:cover;-o-background-size:cover;background-size:cover;padding: 0px 0px 0px 0px;\"><div class=\"fusion-text fusion-text-1\"><p><strong>\u015awiatowa Organizacja Meteorologiczna (WMO) opublikowa\u0142a raport wskazuj\u0105cy, \u017ce globalne temperatury wzrosn\u0105 do bezprecedensowego poziomu w ci\u0105gu najbli\u017cszych pi\u0119ciu lat. Prognoza ta ma znacz\u0105ce implikacje dla regionu Morza Ba\u0142tyckiego, kt\u00f3ry prawdopodobnie odczuje skutki tego gwa\u0142townego wzrostu temperatury.<\/strong><\/p>\n<p>W <a href=\"https:\/\/library.wmo.int\/index.php?lvl=notice_display&amp;id=22272\">raporcie<\/a> podkre\u015blono, \u017ce temperatury przypowierzchniowe w 2022 r. wykaza\u0142y mieszany wzorzec na ca\u0142ym \u015bwiecie, z ch\u0142odniejszymi warunkami na tropikalnym wschodnim Pacyfiku z powodu La Ni\u00f1a. Jednak cieplejsze anomalie zaobserwowano nad Eurazj\u0105, w tym w regionie Morza Ba\u0142tyckiego. W szczeg\u00f3lno\u015bci Arktyka do\u015bwiadczy\u0142a znacznego ocieplenia, a anomalie temperatury maj\u0105 by\u0107 ponad trzy razy wi\u0119ksze ni\u017c \u015brednia globalna anomalia podczas nadchodz\u0105cych pi\u0119ciu przed\u0142u\u017conych zim na p\u00f3\u0142kuli p\u00f3\u0142nocnej.<\/p>\n<p>Je\u015bli chodzi o prognozy regionalne na lata 2023-2027, raport wskazuje na wysokie prawdopodobie\u0144stwo wyst\u0105pienia ponadprzeci\u0119tnych temperatur w okresie od maja do wrze\u015bnia na prawie wszystkich obszarach, w tym w regionie Morza Ba\u0142tyckiego. Oczekuje si\u0119, \u017ce obszary l\u0105dowe do\u015bwiadcz\u0105 wyra\u017aniejszego ocieplenia w por\u00f3wnaniu z regionami oceanicznymi. Przewidywania te s\u0105 bardzo wiarygodne, bior\u0105c pod uwag\u0119 du\u017ce mo\u017cliwo\u015bci modeli.<\/p>\n<p>Raport oferuje r\u00f3wnie\u017c wgl\u0105d we wzorce opad\u00f3w w tym samym sezonie. Oczekuje si\u0119, \u017ce Sahel, p\u00f3\u0142nocna Europa, Alaska i p\u00f3\u0142nocna Syberia otrzymaj\u0105 zwi\u0119kszone opady, podczas gdy Amazonia i cz\u0119\u015bci Australii mog\u0105 do\u015bwiadczy\u0107 zmniejszonych opad\u00f3w. Poziom wiarygodno\u015bci dla tych prognoz waha si\u0119 od niskiego do \u015bredniego, z umiarkowanymi mo\u017cliwo\u015bciami w niekt\u00f3rych regionach.<\/p>\n<p>Przechodz\u0105c do okresu od listopada do marca, prognoza wskazuje, \u017ce ciep\u0142e anomalie prawdopodobnie b\u0119d\u0105 dominowa\u0107 prawie wsz\u0119dzie, w tym w regionie Morza Ba\u0142tyckiego. Przewiduje si\u0119, \u017ce temperatury l\u0105du b\u0119d\u0105 wykazywa\u0107 wi\u0119ksze anomalie w por\u00f3wnaniu do temperatur oceanu. Przewiduje si\u0119, \u017ce Arktyka, powy\u017cej 60\u00b0 szeroko\u015bci geograficznej p\u00f3\u0142nocnej, do\u015bwiadczy anomalii temperatury ponad trzy razy wi\u0119kszych ni\u017c \u015brednia anomalia globalna. W \u017cyroskopie subpolarnym P\u00f3\u0142nocnego Atlantyku spodziewane s\u0105 ujemne anomalie, znane jako &#8220;dziura ocieplenia&#8221;, prawdopodobnie zwi\u0105zane z ograniczeniem atlantyckiej po\u0142udnikowej cyrkulacji wymiennej (AMOC). Poziom mo\u017cliwo\u015bci dla tych prognoz jest wysoki w wi\u0119kszo\u015bci region\u00f3w, zapewniaj\u0105c \u015bredni lub wysoki poziom wiarygodno\u015bci.<\/p>\n<p>Je\u015bli chodzi o prognozy opad\u00f3w w okresie od listopada do marca, wy\u017csze ni\u017c \u015brednie opady spodziewane s\u0105 w regionach po\u0142o\u017conych na du\u017cej szeroko\u015bci geograficznej na p\u00f3\u0142kuli p\u00f3\u0142nocnej, w tym w cz\u0119\u015bci regionu Morza Ba\u0142tyckiego. Subtropiki mog\u0105 jednak do\u015bwiadczy\u0107 zmniejszonych opad\u00f3w. Poziom mo\u017cliwo\u015bci waha si\u0119 od niskiego do umiarkowanego, z niskim lub \u015brednim zaufaniem do prognozy zwi\u0119kszonych opad\u00f3w w okre\u015blonych regionach, takich jak p\u00f3\u0142nocna Eurazja, Grenlandia i Kanadyjski Archipelag Arktyczny. Istniej\u0105 r\u00f3wnie\u017c sugestie dotycz\u0105ce wilgotniejszych warunk\u00f3w w Wielkim Rogu Afryki w tym okresie, chocia\u017c wiarygodno\u015b\u0107 danych jest niska ze wzgl\u0119du na ograniczone mo\u017cliwo\u015bci modeli.<\/p>\n<p>Wyniki tego raportu podkre\u015blaj\u0105 piln\u0105 potrzeb\u0119 adaptacji do zmian klimatu w regionie Morza Ba\u0142tyckiego. Prognozowany wzrost temperatury i zmiana wzorc\u00f3w opad\u00f3w mog\u0105 mie\u0107 znacz\u0105cy wp\u0142yw na r\u00f3\u017cne sektory, w tym rolnictwo, gospodark\u0119 wodn\u0105 i infrastruktur\u0119 przybrze\u017cn\u0105. Decydenci i interesariusze w regionie s\u0105 zach\u0119cani do uwzgl\u0119dnienia tych prognoz przy formu\u0142owaniu strategii na rzecz odporno\u015bci na zmiany klimatu i \u0142agodzenia ich skutk\u00f3w.<\/p>\n<p>Poniewa\u017c WMO nadal dostarcza istotnych informacji na temat pogody, klimatu i wody, kluczowe znaczenie dla narod\u00f3w i region\u00f3w, w tym tych otaczaj\u0105cych Morze Ba\u0142tyckie, ma priorytetowe traktowanie dzia\u0142a\u0144 na rzecz klimatu zgodnie z celami porozumienia paryskiego. \u015awiatowy Kongres Meteorologiczny, zaplanowany od 22 maja do 2 czerwca, b\u0119dzie platform\u0105 do dyskusji na temat wzmocnienia us\u0142ug pogodowych i klimatycznych w celu wsparcia dzia\u0142a\u0144 adaptacyjnych i \u0142agodz\u0105cych na ca\u0142ym \u015bwiecie.<\/p>\n<\/div><\/div><style type=\"text\/css\">.fusion-body .fusion-builder-column-0{width:100% !important;margin-top : 0px;margin-bottom : 20px;}.fusion-builder-column-0 > .fusion-column-wrapper {padding-top : 0px !important;padding-right : 0px !important;margin-right : 1.92%;padding-bottom : 0px !important;padding-left : 0px !important;margin-left : 1.92%;}@media only screen and (max-width:1024px) {.fusion-body .fusion-builder-column-0{width:100% !important;order : 0;}.fusion-builder-column-0 > .fusion-column-wrapper {margin-right : 1.92%;margin-left : 1.92%;}}@media only screen and (max-width:640px) {.fusion-body .fusion-builder-column-0{width:100% !important;order : 0;}.fusion-builder-column-0 > .fusion-column-wrapper {margin-right : 1.92%;margin-left : 1.92%;}}<\/style><\/div><\/div><style type=\"text\/css\">.fusion-body .fusion-flex-container.fusion-builder-row-1{ padding-top : 0px;margin-top : 0px;padding-right : 0px;padding-bottom : 0px;margin-bottom : 0px;padding-left : 0px;}<\/style><\/div>\n","protected":false},"excerpt":{"rendered":"","protected":false},"author":4,"featured_media":26721,"comment_status":"closed","ping_status":"closed","sticky":false,"template":"","format":"standard","meta":[],"categories":[137],"tags":[],"acf":[],"_links":{"self":[{"href":"https:\/\/balticwind.eu\/pl\/wp-json\/wp\/v2\/posts\/26724"}],"collection":[{"href":"https:\/\/balticwind.eu\/pl\/wp-json\/wp\/v2\/posts"}],"about":[{"href":"https:\/\/balticwind.eu\/pl\/wp-json\/wp\/v2\/types\/post"}],"author":[{"embeddable":true,"href":"https:\/\/balticwind.eu\/pl\/wp-json\/wp\/v2\/users\/4"}],"replies":[{"embeddable":true,"href":"https:\/\/balticwind.eu\/pl\/wp-json\/wp\/v2\/comments?post=26724"}],"version-history":[{"count":0,"href":"https:\/\/balticwind.eu\/pl\/wp-json\/wp\/v2\/posts\/26724\/revisions"}],"wp:featuredmedia":[{"embeddable":true,"href":"https:\/\/balticwind.eu\/pl\/wp-json\/wp\/v2\/media\/26721"}],"wp:attachment":[{"href":"https:\/\/balticwind.eu\/pl\/wp-json\/wp\/v2\/media?parent=26724"}],"wp:term":[{"taxonomy":"category","embeddable":true,"href":"https:\/\/balticwind.eu\/pl\/wp-json\/wp\/v2\/categories?post=26724"},{"taxonomy":"post_tag","embeddable":true,"href":"https:\/\/balticwind.eu\/pl\/wp-json\/wp\/v2\/tags?post=26724"}],"curies":[{"name":"wp","href":"https:\/\/api.w.org\/{rel}","templated":true}]}}