{"id":27911,"date":"2023-07-11T08:50:50","date_gmt":"2023-07-11T06:50:50","guid":{"rendered":"https:\/\/balticwind.eu\/?p=27911"},"modified":"2023-07-12T10:13:59","modified_gmt":"2023-07-12T08:13:59","slug":"bwo-transformacja-energetyki-morskiej-wymaga-silnej-gospodarki-morskiej-podkresla-stefan-thimm","status":"publish","type":"post","link":"https:\/\/balticwind.eu\/pl\/bwo-transformacja-energetyki-morskiej-wymaga-silnej-gospodarki-morskiej-podkresla-stefan-thimm\/","title":{"rendered":"BWO: Transformacja energetyki morskiej wymaga silnej gospodarki morskiej, podkre\u015bla Stefan Thimm"},"content":{"rendered":"<p><strong>W odpowiedzi na wniosek przedstawiony przez frakcje rz\u0105dowe, Stefan Thimm, dyrektor zarz\u0105dzaj\u0105cy BWO (Niemieckie Stowarzyszenie Operator\u00f3w Morskich Farm Wiatrowych), podkre\u015bla znaczenie silnej gospodarki morskiej dla powodzenia transformacji energetyki morskiej.<\/strong><\/p>\n<p>Thimm podkre\u015bla ogromny potencja\u0142 Niemiec i ich europejskich partner\u00f3w w rozwoju morskiej energetyki wiatrowej. Ambitne cele osi\u0105gni\u0119cia co najmniej 30 gigawat\u00f3w do 2030 r. i 70 gigawat\u00f3w do 2045 r. stanowi\u0105 ogromn\u0105 szans\u0119. Podkre\u015bla on jednak, \u017ce osi\u0105gni\u0119cie tych cel\u00f3w b\u0119dzie wymaga\u0142o trzykrotnego zwi\u0119kszenia obecnej zdolno\u015bci produkcyjnej turbin, fundament\u00f3w, kabli i statk\u00f3w instalacyjnych.<\/p>\n<blockquote><p><em>&#8220;\u2019Aplikacja morska\u2019 jest w\u0142a\u015bciwym sygna\u0142em we w\u0142a\u015bciwym czasie&#8221;<\/em> &#8211; <strong>m\u00f3wi Thimm,<\/strong> potwierdzaj\u0105c znaczenie wzmocnienia gospodarki morskiej dla osi\u0105gni\u0119cia cel\u00f3w ekspansji.<\/p><\/blockquote>\n<p>Thimm podkre\u015bla kluczow\u0105 rol\u0119 infrastruktury portowej jako centrum logistycznego dla morskiej energetyki wiatrowej. Aby zapewni\u0107 udan\u0105 transformacj\u0119 energetyczn\u0105, zaleca zwi\u0119kszenie powierzchni port\u00f3w do produkcji, wytwarzania, obs\u0142ugi i przechowywania komponent\u00f3w, w tym recyklingu starych system\u00f3w podczas demonta\u017cu. Thimm wzywa rz\u0105d federalny do zapewnienia wi\u0119kszego wsparcia finansowego odpowiedzialnym krajom zwi\u0105zkowym w celu zarz\u0105dzania znacznymi kosztami inwestycyjnymi zwi\u0105zanymi z rozwojem infrastruktury portowej.<\/p>\n<p>Dyrektor zarz\u0105dzaj\u0105cy BWO z zadowoleniem przyjmuje apel frakcji koalicyjnych o wsparcie finansowe i regulacyjne dla infrastruktury morskiej i zdolno\u015bci produkcyjnych. Thimm podkre\u015bla potencjalne tworzenie warto\u015bci dla przemys\u0142u morskiego poprzez budow\u0119 platform konwerterowych do pod\u0142\u0105czenia morskiej energii wiatrowej do sieci. Wyrazi\u0142 nadziej\u0119, \u017ce wsparcie to przyniesie korzy\u015bci stoczni Warnow w Rostock-Warnem\u00fcnde i lokalizacjom Grupy R\u00f6nner w Bremerhaven.<\/p>\n<p>Thimm podkre\u015bla potencja\u0142 tworzenia miejsc pracy w bran\u017cy morskiej energetyki wiatrowej, stwierdzaj\u0105c, \u017ce mo\u017ce ona sta\u0107 si\u0119 znacz\u0105cym pracodawc\u0105 dla lokalizacji morskich. Obecnie zatrudniaj\u0105ca 80 000 wykwalifikowanych pracownik\u00f3w w ca\u0142ej Europie, bran\u017ca ma na celu stworzenie do 300 000 miejsc pracy do 2030 roku.<\/p>\n<p>Ponadto Thimm z zadowoleniem przyjmuje skupienie si\u0119 frakcji koalicyjnych na elektrolizie morskiej i ich celu promowania ekspansji elektrolizer\u00f3w na morzu i na l\u0105dzie. Podkre\u015bla potrzeb\u0119 przyspieszenia skalowania i rozwoju tych technologii.<\/p>\n<p>Odnosz\u0105c si\u0119 do wniosku dotycz\u0105cego bezpiecze\u0144stwa infrastruktury krytycznej, Thimm podkre\u015bla potrzeb\u0119 szybkich odpowiedzi ze strony rz\u0105du federalnego w sprawie ochrony inwestycji w transformacj\u0119 energetyczn\u0105 na morzu. Podkre\u015bla znaczenie wsp\u00f3\u0142pracy w podejmowaniu nowych wyzwa\u0144 zwi\u0105zanych z polityk\u0105 bezpiecze\u0144stwa.<\/p>\n<p>Wniosek &#8220;Suwerenno\u015b\u0107 morska w zmieniaj\u0105cej si\u0119 erze&#8221; zosta\u0142 om\u00f3wiony i przyj\u0119ty w niemieckim Bundestagu 6 lipca 2023 roku.<\/p>\n","protected":false},"excerpt":{"rendered":"<p>W odpowiedzi na wniosek przedstawiony przez frakcje rz\u0105dowe, Stefan Thimm, dyrektor zarz\u0105dzaj\u0105cy BWO (Niemieckie Stowarzyszenie Operator\u00f3w Morskich Farm Wiatrowych), podkre\u015bla znaczenie silnej gospodarki morskiej dla powodzenia transformacji energetyki morskiej. Thimm podkre\u015bla ogromny potencja\u0142 Niemiec i ich europejskich partner\u00f3w w rozwoju morskiej energetyki wiatrowej. Ambitne cele osi\u0105gni\u0119cia co najmniej 30 gigawat\u00f3w do 2030 r. i 70 [&hellip;]<\/p>\n","protected":false},"author":8,"featured_media":27912,"comment_status":"closed","ping_status":"closed","sticky":false,"template":"","format":"standard","meta":[],"categories":[140,137,167,143],"tags":[],"acf":[],"_links":{"self":[{"href":"https:\/\/balticwind.eu\/pl\/wp-json\/wp\/v2\/posts\/27911"}],"collection":[{"href":"https:\/\/balticwind.eu\/pl\/wp-json\/wp\/v2\/posts"}],"about":[{"href":"https:\/\/balticwind.eu\/pl\/wp-json\/wp\/v2\/types\/post"}],"author":[{"embeddable":true,"href":"https:\/\/balticwind.eu\/pl\/wp-json\/wp\/v2\/users\/8"}],"replies":[{"embeddable":true,"href":"https:\/\/balticwind.eu\/pl\/wp-json\/wp\/v2\/comments?post=27911"}],"version-history":[{"count":0,"href":"https:\/\/balticwind.eu\/pl\/wp-json\/wp\/v2\/posts\/27911\/revisions"}],"wp:featuredmedia":[{"embeddable":true,"href":"https:\/\/balticwind.eu\/pl\/wp-json\/wp\/v2\/media\/27912"}],"wp:attachment":[{"href":"https:\/\/balticwind.eu\/pl\/wp-json\/wp\/v2\/media?parent=27911"}],"wp:term":[{"taxonomy":"category","embeddable":true,"href":"https:\/\/balticwind.eu\/pl\/wp-json\/wp\/v2\/categories?post=27911"},{"taxonomy":"post_tag","embeddable":true,"href":"https:\/\/balticwind.eu\/pl\/wp-json\/wp\/v2\/tags?post=27911"}],"curies":[{"name":"wp","href":"https:\/\/api.w.org\/{rel}","templated":true}]}}