{"id":28159,"date":"2023-07-17T11:40:44","date_gmt":"2023-07-17T09:40:44","guid":{"rendered":"https:\/\/balticwind.eu\/eolus-ubiega-sie-o-pozwolenie-na-budowe-morskiej-elektrowni-wiatrowej-vastvind\/"},"modified":"2023-07-17T11:40:47","modified_gmt":"2023-07-17T09:40:47","slug":"eolus-ubiega-sie-o-pozwolenie-na-budowe-morskiej-elektrowni-wiatrowej-vastvind","status":"publish","type":"post","link":"https:\/\/balticwind.eu\/pl\/eolus-ubiega-sie-o-pozwolenie-na-budowe-morskiej-elektrowni-wiatrowej-vastvind\/","title":{"rendered":"Eolus ubiega si\u0119 o pozwolenie na budow\u0119 morskiej elektrowni wiatrowej V\u00e4stvind"},"content":{"rendered":"<p><strong>Eolus z\u0142o\u017cy\u0142 wniosek o pozwolenie na budow\u0119 elektrowni wiatrowej V\u00e4stvind, zlokalizowanej na zach\u00f3d od G\u00f6teborga. Projekt sk\u0142ada si\u0119 z maksymalnie 50 turbin o zainstalowanej mocy 1000 MW i szacowanej rocznej produkcji energii elektrycznej wynosz\u0105cej oko\u0142o 4 TWh.<\/strong><\/p>\n<p>Projekt morskiej elektrowni wiatrowej zlokalizowany jest u zachodnich wybrze\u017cy Szwecji, za \u00d6cker\u00f6 i Kung\u00e4lv. Projekt mo\u017ce zosta\u0107 potencjalnie uko\u0144czony do 2029 r. i zapewni\u0107 znaczny dodatek zielonej energii elektrycznej wymaganej przez g\u0142\u00f3wne firmy w regionie, a tak\u017ce inne operacje. Jednym z przyk\u0142ad\u00f3w takich dzia\u0142a\u0144 jest port w G\u00f6teborgu, kt\u00f3ry stoi u progu zielonej transformacji, a tym samym gwa\u0142townego wzrostu zapotrzebowania na energi\u0119 elektryczn\u0105 w okresie do 2030 roku. W ramach zobowi\u0105zania do zabezpieczenia dostaw zielonej energii elektrycznej, G\u00f6teborgs Hamn AB sta\u0142 si\u0119 wsp\u00f3\u0142w\u0142a\u015bcicielem z 5% udzia\u0142em w projekcie.<\/p>\n<blockquote><p><em>&#8220;Roczna produkcja energii elektrycznej z V\u00e4stvind jest r\u00f3wnowa\u017cna ca\u0142emu obecnemu zu\u017cyciu energii elektrycznej w G\u00f6teborgu. Dostawy energii elektrycznej s\u0105 kluczow\u0105 kwesti\u0105 dla dalszego rozwoju regionu, a wiosn\u0105 gubernator hrabstwa stwierdzi\u0142, \u017ce w nadchodz\u0105cych latach w V\u00e4stra G\u00f6taland nale\u017cy zbudowa\u0107 kilka projekt\u00f3w morskiej energetyki wiatrowej &#8211; a tak\u017ce wi\u0119cej projekt\u00f3w l\u0105dowej energetyki wiatrowej &#8211; aby zaspokoi\u0107 zapotrzebowanie na 15 TWh nowej energii elektrycznej do 2030 roku. Du\u017ce projekty wytwarzania energii elektrycznej w regionie, te kt\u00f3re mo\u017cna uko\u0144czy\u0107 przed 2030 r., s\u0105 niewystarczaj\u0105ce. V\u00e4stvind mo\u017ce zosta\u0107 uko\u0144czony do 2029 r. i dlatego jest niezb\u0119dny, je\u015bli region ma mie\u0107 szans\u0119 na osi\u0105gni\u0119cie swojego celu&#8221;,<\/em> <strong>m\u00f3wi Per Witalisson, CEO Eolus.<\/strong><\/p>\n<p><em>&#8220;Bez nowych \u017ar\u00f3de\u0142 energii elektrycznej rozw\u00f3j regionu, a tym samym miejsca pracy w przemy\u015ble motoryzacyjnym i chemicznym, s\u0105 zagro\u017cone. Sam projekt elektrowni wiatrowej stworzy du\u017c\u0105 liczb\u0119 miejsc pracy w okolicy, zar\u00f3wno na etapie budowy, jak i podczas eksploatacji farmy. W oparciu o analiz\u0119 zach\u0119t i rekompensat zwi\u0105zanych z elektrowniami wiatrowymi przedstawion\u0105 wiosn\u0105, gminy \u00d6cker\u00f6 i Kung\u00e4lv mog\u0105 r\u00f3wnie\u017c spodziewa\u0107 si\u0119 otrzymania kilku milion\u00f3w koron szwedzkich rocznie przeznaczonych na dzia\u0142ania lokalne, je\u015bli propozycja zostanie wdro\u017cona&#8221;.<\/em><\/p><\/blockquote>\n<p>Wniosek o pozwolenie ma zosta\u0107 rozpatrzony zar\u00f3wno przez S\u0105d Krajowy i \u015arodowiskowy w V\u00e4stra G\u00f6taland, jak i przez rz\u0105d, poniewa\u017c projekt znajduje si\u0119 na wodach terytorialnych, za kt\u00f3re odpowiada S\u0105d Krajowy i \u015arodowiskowy, oraz w szwedzkiej strefie ekonomicznej, za kt\u00f3r\u0105 odpowiedzialny jest rz\u0105d. Wniosek o zezwolenie, w tym ocena oddzia\u0142ywania na \u015brodowisko, zostanie przekazany do konsultacji odpowiednim zainteresowanym stronom przed podj\u0119ciem decyzji w sprawie zezwolenia.<\/p>\n<blockquote><p><em>&#8220;Bardzo si\u0119 ciesz\u0119, \u017ce z\u0142o\u017cyli\u015bmy wniosek o pozwolenie i tym samym posuwamy projekt do przodu. Szwecja ma solidne przepisy dotycz\u0105ce ochrony \u015brodowiska i mamy nadziej\u0119, \u017ce informacje zwrotne z procesu konsultacji b\u0119d\u0105 konstruktywne i pomog\u0105 uczyni\u0107 projekt jeszcze lepszym. Naszym celem jest zaanga\u017cowanie si\u0119 w ci\u0105g\u0142y dialog z rybo\u0142\u00f3wstwem komercyjnym, szwedzkimi si\u0142ami zbrojnymi, gminami i innymi zainteresowanymi stronami w celu zidentyfikowania konstruktywnych rozwi\u0105za\u0144 w zakresie wsp\u00f3\u0142istnienia, kt\u00f3re pozwol\u0105 nam r\u00f3wnie\u017c wspiera\u0107 rozw\u00f3j dzia\u0142alno\u015bci zainteresowanych stron. Rybo\u0142\u00f3wstwo komercyjne ma d\u0142ug\u0105 tradycj\u0119 na zachodnim wybrze\u017cu Szwecji i jest wa\u017cnym dostawc\u0105 \u017cywno\u015bci. Rozpocz\u0119li\u015bmy z nimi dialog w celu om\u00f3wienia wynagrodzenia i \u015brodk\u00f3w kompensacyjnych za wp\u0142yw spowodowany przez farm\u0119&#8221;,<\/em> <strong>m\u00f3wi Anna Lundsg\u00e5rd, dyrektor dzia\u0142u offshore w Eolus.<\/strong><\/p><\/blockquote>\n<p><strong>Informacje o sytuacji elektrycznej w V\u00e4stra G\u00f6taland<\/strong><br \/>\nV\u00e4stra G\u00f6taland jest regionem Szwecji o zdecydowanie najwi\u0119kszej liczbie os\u00f3b pracuj\u0105cych w sektorze przemys\u0142owym. Produkcja energii elektrycznej w V\u00e4stra G\u00f6taland stanowi obecnie mniej ni\u017c jedn\u0105 trzeci\u0105 zu\u017cycia energii elektrycznej w regionie. Rada ds. Zielonej Transformacji w V\u00e4stra G\u00f6taland (Sw: R\u00e5det f\u00f6r gr\u00f6n industriomst\u00e4llning i V\u00e4stra G\u00f6taland), kt\u00f3rej przewodniczy gubernator hrabstwa i przewodnicz\u0105cy rady regionalnej, stwierdzi\u0142a, \u017ce do 2030 r. potrzebne jest nast\u0119pne 15 TWh nowej, wolnej od paliw kopalnych produkcji energii elektrycznej, aby spe\u0142ni\u0107 wymagania obecnej transformacji przemys\u0142owej i zatwierdzonych nowych zak\u0142ad\u00f3w, takich jak dwie fabryki baterii. Rada okre\u015bli\u0142a morsk\u0105 energetyk\u0119 wiatrow\u0105 jako g\u0142\u00f3wne \u017ar\u00f3d\u0142o nowej produkcji energii elektrycznej w V\u00e4stra G\u00f6taland w okresie do 2030 roku. (\u0179r\u00f3d\u0142o w j\u0119zyku szwedzkim: <a href=\"https:\/\/www.lansstyrelsen.se\/download\/18.579396b51864b78272023cbe\/1676971374013\/Brev-till-Busch-och-Pourmokhtari.pdf\">https:\/\/www.lansstyrelsen.se\/download\/18.579396b51864b78272023cbe\/1676971374013\/Brev-till-Busch-och-Pourmokhtari.pdf)<\/a><\/p>\n<p><strong>Informacje o farmie wiatrowej V\u00e4stvind<\/strong><\/p>\n<ul>\n<li>Planowana moc: 1 000 MW<\/li>\n<li>Planowana produkcja energii elektrycznej: 4-4,5 TWh rocznie<\/li>\n<li>Liczba turbin: Do 50 turbin o maksymalnej wysoko\u015bci 320 metr\u00f3w.<\/li>\n<li>Struktura w\u0142asno\u015bciowa: Eolus Offshore AB: 95%, G\u00f6teborgs Hamn AB: 5%<\/li>\n<li>Planowane rozpocz\u0119cie budowy: 2027 r.<\/li>\n<li>Planowane zako\u0144czenie: 2029 r.<\/li>\n<li>Wi\u0119cej informacji na temat projektu mo\u017cna znale\u017a\u0107 na stronie eolusvind.com\/vastvind (w j\u0119zyku szwedzkim).<\/li>\n<\/ul>\n<p>\u0179r\u00f3d\u0142o: Eolus<\/p>\n","protected":false},"excerpt":{"rendered":"<p>Eolus z\u0142o\u017cy\u0142 wniosek o pozwolenie na budow\u0119 elektrowni wiatrowej V\u00e4stvind, zlokalizowanej na zach\u00f3d od G\u00f6teborga. Projekt sk\u0142ada si\u0119 z maksymalnie 50 turbin o zainstalowanej mocy 1000 MW i szacowanej rocznej produkcji energii elektrycznej wynosz\u0105cej oko\u0142o 4 TWh. Projekt morskiej elektrowni wiatrowej zlokalizowany jest u zachodnich wybrze\u017cy Szwecji, za \u00d6cker\u00f6 i Kung\u00e4lv. Projekt mo\u017ce zosta\u0107 potencjalnie [&hellip;]<\/p>\n","protected":false},"author":8,"featured_media":5966,"comment_status":"closed","ping_status":"closed","sticky":false,"template":"","format":"standard","meta":[],"categories":[137,139,151],"tags":[],"acf":[],"_links":{"self":[{"href":"https:\/\/balticwind.eu\/pl\/wp-json\/wp\/v2\/posts\/28159"}],"collection":[{"href":"https:\/\/balticwind.eu\/pl\/wp-json\/wp\/v2\/posts"}],"about":[{"href":"https:\/\/balticwind.eu\/pl\/wp-json\/wp\/v2\/types\/post"}],"author":[{"embeddable":true,"href":"https:\/\/balticwind.eu\/pl\/wp-json\/wp\/v2\/users\/8"}],"replies":[{"embeddable":true,"href":"https:\/\/balticwind.eu\/pl\/wp-json\/wp\/v2\/comments?post=28159"}],"version-history":[{"count":0,"href":"https:\/\/balticwind.eu\/pl\/wp-json\/wp\/v2\/posts\/28159\/revisions"}],"wp:featuredmedia":[{"embeddable":true,"href":"https:\/\/balticwind.eu\/pl\/wp-json\/wp\/v2\/media\/5966"}],"wp:attachment":[{"href":"https:\/\/balticwind.eu\/pl\/wp-json\/wp\/v2\/media?parent=28159"}],"wp:term":[{"taxonomy":"category","embeddable":true,"href":"https:\/\/balticwind.eu\/pl\/wp-json\/wp\/v2\/categories?post=28159"},{"taxonomy":"post_tag","embeddable":true,"href":"https:\/\/balticwind.eu\/pl\/wp-json\/wp\/v2\/tags?post=28159"}],"curies":[{"name":"wp","href":"https:\/\/api.w.org\/{rel}","templated":true}]}}