{"id":28557,"date":"2023-08-02T11:25:34","date_gmt":"2023-08-02T09:25:34","guid":{"rendered":"https:\/\/balticwind.eu\/?p=28557"},"modified":"2023-08-02T11:27:43","modified_gmt":"2023-08-02T09:27:43","slug":"baltic-power-ze-strategicznym-pozwoleniem-na-budowe-morskiego-przylacza","status":"publish","type":"post","link":"https:\/\/balticwind.eu\/pl\/baltic-power-ze-strategicznym-pozwoleniem-na-budowe-morskiego-przylacza\/","title":{"rendered":"Baltic Power ze strategicznym pozwoleniem na budow\u0119 morskiego przy\u0142\u0105cza"},"content":{"rendered":"<p><strong>Baltic Power uzyska\u0142 pozwolenie na budow\u0119 morskiego przy\u0142\u0105cza. O decyzji poinformowa\u0142 wojewoda pomorski. Morsk\u0105 farm\u0119 wiatrow\u0105 Baltic Power b\u0119dzie tworzy\u0142o 76 turbin o jednostkowej mocy 15 MW i wysoko\u015bci ponad 200 metr\u00f3w pracuj\u0105cych na obszarze ok. 130 km2. Farma zostanie zlokalizowana oko\u0142o 23 km od brzegu, na wysoko\u015bci Choczewa oraz \u0141eby, gdzie powstanie port serwisowy farmy.<\/strong><\/p>\n<p>Zgodnie z zawiadomieniem wojewody decyzja zosta\u0142a wydana na wniosek z dnia 20.12.2022 r. z\u0142o\u017cony przez inwestora Baltic Power Sp. z o. a w trakcie prowadzonego post\u0119powania\u00a0nie wp\u0142yn\u0119\u0142y zastrze\u017cenia wobec planowanej inwestycji.<\/p>\n<p>&nbsp;<\/p>\n<p><img decoding=\"async\" class=\"wp-image-28558 aligncenter\" src=\"https:\/\/balticwind.eu\/wp-content\/uploads\/2023\/08\/Screenshot-2023-08-02-at-11.19.23.png\" alt=\"\" width=\"632\" height=\"866\" srcset=\"https:\/\/balticwind.eu\/wp-content\/uploads\/2023\/08\/Screenshot-2023-08-02-at-11.19.23-200x274.png 200w, https:\/\/balticwind.eu\/wp-content\/uploads\/2023\/08\/Screenshot-2023-08-02-at-11.19.23-219x300.png 219w, https:\/\/balticwind.eu\/wp-content\/uploads\/2023\/08\/Screenshot-2023-08-02-at-11.19.23-400x548.png 400w, https:\/\/balticwind.eu\/wp-content\/uploads\/2023\/08\/Screenshot-2023-08-02-at-11.19.23-600x822.png 600w, https:\/\/balticwind.eu\/wp-content\/uploads\/2023\/08\/Screenshot-2023-08-02-at-11.19.23-747x1024.png 747w, https:\/\/balticwind.eu\/wp-content\/uploads\/2023\/08\/Screenshot-2023-08-02-at-11.19.23-768x1052.png 768w, https:\/\/balticwind.eu\/wp-content\/uploads\/2023\/08\/Screenshot-2023-08-02-at-11.19.23-800x1096.png 800w, https:\/\/balticwind.eu\/wp-content\/uploads\/2023\/08\/Screenshot-2023-08-02-at-11.19.23-1121x1536.png 1121w, https:\/\/balticwind.eu\/wp-content\/uploads\/2023\/08\/Screenshot-2023-08-02-at-11.19.23.png 1188w\" sizes=\"(max-width: 632px) 100vw, 632px\" \/><\/p>\n<p>Baltic Power to obecnie najbardziej zaawansowany projekt budowy morskiej farmy wiatrowej w Polsce. Sp\u00f3\u0142ka zako\u0144czy\u0142a 2022 rok pe\u0142nym zabezpieczeniem um\u00f3w na wszystkie kluczowe komponenty niezb\u0119dne do powstania farmy wiatrowej w ramach zaplanowanego \u0142a\u0144cucha dostaw. W roku 2023, wraz z zabezpieczaniem wszystkich decyzji \u015brodowiskowych oraz pozwole\u0144 na budow\u0119, Baltic Power rozpoczyna pierwsze prace budowlane na l\u0105dzie.<\/p>\n<p>W maju tego roku jak informowali\u015bmy w <a href=\"https:\/\/balticwind.eu\/pl\/startuje-budowa-infrastruktury-przesylowej-dla-morskiej-farmy-wiatrowej-baltic-power\/\">BalticWind.EU<\/a> Grupa ORLEN i Northland Power rozpocz\u0119\u0142y ju\u017c w gminie Choczewo budow\u0119 l\u0105dowej stacji elektroenergetycznej, kt\u00f3ra umo\u017cliwi odebranie energii wytwarzanej na morzu przez farm\u0119 wiatrow\u0105 Baltic Power.<\/p>\n<p>Ca\u0142a infrastruktura towarzysz\u0105ca farmie Baltic Power zosta\u0142a zaprojektowana tak, aby zminimalizowa\u0107 wp\u0142yw inwestycji na \u015brodowisko. Stacja elektroenergetyczna, stanowi\u0105ca l\u0105dow\u0105 cz\u0119\u015b\u0107 farmy wiatrowej Baltic Power, b\u0119dzie pe\u0142ni\u0107 funkcj\u0119 w\u0119z\u0142a dla linii kablowych przesy\u0142aj\u0105cych energi\u0119 elektryczn\u0105 z oddalonych o blisko 30 km morskich stacji elektroenergetycznych. Niemal ca\u0142a trasa licz\u0105cego ok. 7 km odcinka l\u0105dowego kabla zostanie poprowadzona pod ziemi\u0105. Dotyczy to r\u00f3wnie\u017c pla\u017cy \u2013 dzi\u0119ki zastosowaniu tzw. przewiertu sterowanego, wyj\u015bcie mocy na l\u0105d zostanie poprowadzone na g\u0142\u0119boko\u015bci ok. 10 metr\u00f3w pod ziemi\u0105. Dzi\u0119ki temu b\u0119dzie ono niewidoczne i nie wp\u0142ynie na mo\u017cliwo\u015b\u0107 korzystania z pla\u017cy. Przebieg l\u0105dowej trasy kablowej zaprojektowano tak, aby inwestycja w minimalnym stopniu ingerowa\u0142a w \u015brodowisko naturalne i omija\u0142a cenne przyrodniczo obszary.<\/p>\n<p>Zgodnie z harmonogramem pierwsze prace instalacyjne na morzu rozpoczn\u0105 si\u0119 w roku 2024. Jednocze\u015bnie w 2022 r. Grupa ORLEN podj\u0119\u0142a strategiczn\u0105 decyzj\u0119 o budowie pierwszego w Polsce terminala instalacyjnego morskich farm wiatrowych. Inwestycja realizowana jest w porcie \u015awinouj\u015bcie i po zako\u0144czeniu budowy na prze\u0142omie 2024\/2025 roku b\u0119dzie jednym z najnowocze\u015bniejszych terminali w Europie. Jego nabrze\u017ca i place sk\u0142adowe pozwol\u0105 na transport i monta\u017c najnowocze\u015bniejszych turbin wiatrowych o mocy 15MW i wi\u0119kszych. Po zako\u0144czeniu budowy farma b\u0119dzie w stanie zasili\u0107 czyst\u0105 energi\u0105 ponad 1,5 miliona gospodarstw domowych.<\/p>\n<p>\u0179r\u00f3d\u0142o: Wojewoda Pomorski &amp; BalticWind.EU<\/p>\n","protected":false},"excerpt":{"rendered":"<p>Baltic Power uzyska\u0142 pozwolenie na budow\u0119 morskiego przy\u0142\u0105cza. O decyzji poinformowa\u0142 wojewoda pomorski. Morsk\u0105 farm\u0119 wiatrow\u0105 Baltic Power b\u0119dzie tworzy\u0142o 76 turbin o jednostkowej mocy 15 MW i wysoko\u015bci ponad 200 metr\u00f3w pracuj\u0105cych na obszarze ok. 130 km2. Farma zostanie zlokalizowana oko\u0142o 23 km od brzegu, na wysoko\u015bci Choczewa oraz \u0141eby, gdzie powstanie port serwisowy [&hellip;]<\/p>\n","protected":false},"author":8,"featured_media":28561,"comment_status":"closed","ping_status":"closed","sticky":false,"template":"","format":"standard","meta":[],"categories":[137,164,139],"tags":[],"acf":[],"_links":{"self":[{"href":"https:\/\/balticwind.eu\/pl\/wp-json\/wp\/v2\/posts\/28557"}],"collection":[{"href":"https:\/\/balticwind.eu\/pl\/wp-json\/wp\/v2\/posts"}],"about":[{"href":"https:\/\/balticwind.eu\/pl\/wp-json\/wp\/v2\/types\/post"}],"author":[{"embeddable":true,"href":"https:\/\/balticwind.eu\/pl\/wp-json\/wp\/v2\/users\/8"}],"replies":[{"embeddable":true,"href":"https:\/\/balticwind.eu\/pl\/wp-json\/wp\/v2\/comments?post=28557"}],"version-history":[{"count":0,"href":"https:\/\/balticwind.eu\/pl\/wp-json\/wp\/v2\/posts\/28557\/revisions"}],"wp:featuredmedia":[{"embeddable":true,"href":"https:\/\/balticwind.eu\/pl\/wp-json\/wp\/v2\/media\/28561"}],"wp:attachment":[{"href":"https:\/\/balticwind.eu\/pl\/wp-json\/wp\/v2\/media?parent=28557"}],"wp:term":[{"taxonomy":"category","embeddable":true,"href":"https:\/\/balticwind.eu\/pl\/wp-json\/wp\/v2\/categories?post=28557"},{"taxonomy":"post_tag","embeddable":true,"href":"https:\/\/balticwind.eu\/pl\/wp-json\/wp\/v2\/tags?post=28557"}],"curies":[{"name":"wp","href":"https:\/\/api.w.org\/{rel}","templated":true}]}}