{"id":29211,"date":"2023-08-24T23:52:29","date_gmt":"2023-08-24T21:52:29","guid":{"rendered":"https:\/\/balticwind.eu\/?p=29211"},"modified":"2023-08-25T15:38:54","modified_gmt":"2023-08-25T13:38:54","slug":"budowa-morskich-farm-wiatrowych-w-pierwszej-polowie-2023-roku-jak-radzi-sobie-morze-baltyckie","status":"publish","type":"post","link":"https:\/\/balticwind.eu\/pl\/budowa-morskich-farm-wiatrowych-w-pierwszej-polowie-2023-roku-jak-radzi-sobie-morze-baltyckie\/","title":{"rendered":"Budowa morskich farm wiatrowych w pierwszej po\u0142owie 2023 roku &#8211; jak radzi sobie Morze Ba\u0142tyckie?"},"content":{"rendered":"<p><strong>WindEurope podsumowa\u0142o rozw\u00f3j morskiej energetyki wiatrowej w Europie w pierwszej po\u0142owie 2023 roku. Jak na tle Europy prezentuje si\u0119 Morze Ba\u0142tyckie? Poni\u017cej przedstawiamy szczeg\u00f3\u0142y projekt\u00f3w budowanych w tym okresie.<\/strong><\/p>\n<p>W pierwszej po\u0142owie 2023 r. w Europie powsta\u0142o 2,1 GW nowych morskich farm wiatrowych, co zwi\u0119kszy\u0142o \u0142\u0105czn\u0105 moc morskiej energetyki wiatrowej do 32,4 GW. W Europie trwa\u0142a budowa 13 farm wiatrowych na etapie instalacji fundament\u00f3w i turbin &#8211; co stanowi \u0142\u0105cznie 7,2 GW nowej mocy. Ostateczne decyzje inwestycyjne zosta\u0142y podj\u0119te dla kolejnych 5 GW po op\u00f3\u017anieniach w ubieg\u0142ym roku. Ale to wci\u0105\u017c nie jest to, czego oczekuje UE. Jest to poni\u017cej poziomu niezb\u0119dnego do osi\u0105gni\u0119cia europejskich cel\u00f3w energetycznych i klimatycznych. Do 2030 r. UE powinna budowa\u0107 na morzu \u015brednio 11 GW rocznie.<\/p>\n<p><img decoding=\"async\" class=\"alignnone wp-image-29231 size-full\" src=\"https:\/\/balticwind.eu\/wp-content\/uploads\/2023\/08\/1280x830_24-02.png\" alt=\"\" width=\"2667\" height=\"1730\" srcset=\"https:\/\/balticwind.eu\/wp-content\/uploads\/2023\/08\/1280x830_24-02-200x130.png 200w, https:\/\/balticwind.eu\/wp-content\/uploads\/2023\/08\/1280x830_24-02-300x195.png 300w, https:\/\/balticwind.eu\/wp-content\/uploads\/2023\/08\/1280x830_24-02-400x259.png 400w, https:\/\/balticwind.eu\/wp-content\/uploads\/2023\/08\/1280x830_24-02-600x389.png 600w, https:\/\/balticwind.eu\/wp-content\/uploads\/2023\/08\/1280x830_24-02-768x498.png 768w, https:\/\/balticwind.eu\/wp-content\/uploads\/2023\/08\/1280x830_24-02-800x519.png 800w, https:\/\/balticwind.eu\/wp-content\/uploads\/2023\/08\/1280x830_24-02-1024x664.png 1024w, https:\/\/balticwind.eu\/wp-content\/uploads\/2023\/08\/1280x830_24-02-1200x778.png 1200w, https:\/\/balticwind.eu\/wp-content\/uploads\/2023\/08\/1280x830_24-02-1536x996.png 1536w, https:\/\/balticwind.eu\/wp-content\/uploads\/2023\/08\/1280x830_24-02.png 2667w\" sizes=\"(max-width: 2667px) 100vw, 2667px\" \/><\/p>\n<p><strong>Przy\u0142\u0105czone turbiny<\/strong><br \/>\n2 144 MW (212 turbin) &#8211; w tym 228 MW (24 turbiny) farmy wiatrowej Arcadis Ost 1 w niemieckiej cz\u0119\u015bci Morza Ba\u0142tyckiego &#8211; zosta\u0142o pod\u0142\u0105czonych do sieci w Europie w pierwszej po\u0142owie 2023 roku. Arcadis Ost 1 o \u0142\u0105cznej mocy 257 MW jest pierwsz\u0105 farm\u0105 wiatrow\u0105 wykorzystuj\u0105c\u0105 metod\u0119 instalacji turbin typu floating.<\/p>\n<p><strong>Zainstalowane fundamenty<\/strong><br \/>\nW Europie 6 farm wiatrowych mia\u0142o instalowane fundamenty, a instalacja turbin rozpocznie si\u0119 w drugiej po\u0142owie 2023 roku. Jedn\u0105 z nich jest morska farma wiatrowa Baltic Eagle na wodach niemieckich, gdzie zainstalowano 17 fundament\u00f3w. Ta 476 MW farma wiatrowa, na kt\u00f3rej b\u0119dzie dzia\u0142a\u0107 \u0142\u0105cznie 50 turbin, zostanie oddana do u\u017cytku w 2024 roku.<\/p>\n<p><strong>Uzyskane ostateczne decyzje inwestycyjne (FID)<\/strong><br \/>\nInwestycje w nowe farmy wiatrowe odradzaj\u0105 si\u0119 po tym, jak w 2022 r. \u017caden z du\u017cych projekt\u00f3w nie osi\u0105gn\u0105\u0142 ostatecznej decyzji inwestycyjnej (FID). W Europie 6 farm wiatrowych osi\u0105gn\u0119\u0142o FID w pierwszej po\u0142owie 2023 r., pozyskuj\u0105c prawie 15 mld EUR za 5 GW nowej mocy. Nie by\u0142o w\u015br\u00f3d tych farm \u017cadnej z Morza Ba\u0142tyckiego.<\/p>\n<p><strong>Moc wiatrak\u00f3w zainstalowanych na morzu<\/strong><br \/>\nMoc energetyki wiatrowej zainstalowanej na morzu w Europie wynosi obecnie 32 430 MW. Z tego na Morzu Ba\u0142tyckim:<\/p>\n<ul>\n<li>Finlandia 71 MW (3 farmy wiatrowe, 19 pod\u0142\u0105czonych turbin)<\/li>\n<li>Szwecja 192 MW (5 farm wiatrowych, 80 pod\u0142\u0105czonych turbin)<\/li>\n<li>Niemcy* 8 303 MW (31 farm wiatrowych, 1563 pod\u0142\u0105czonych turbin)<\/li>\n<li>Dania* 2.308 MW (15 farm wiatrowych, 631 pod\u0142\u0105czonych turbin)<br \/>\n* \u0141\u0105czne dane dla Morza P\u00f3\u0142nocnego i Ba\u0142tyckiego<\/li>\n<\/ul>\n<p>\u0179r\u00f3d\u0142o danych: Raport WindEurope podsumowuj\u0105cy instalacje morskie od 1 stycznia 2023 do 30 czerwca 2023.<\/p>\n","protected":false},"excerpt":{"rendered":"<p>WindEurope podsumowa\u0142o rozw\u00f3j morskiej energetyki wiatrowej w Europie w pierwszej po\u0142owie 2023 roku. Jak na tle Europy prezentuje si\u0119 Morze Ba\u0142tyckie? Poni\u017cej przedstawiamy szczeg\u00f3\u0142y projekt\u00f3w budowanych w tym okresie. W pierwszej po\u0142owie 2023 r. w Europie powsta\u0142o 2,1 GW nowych morskich farm wiatrowych, co zwi\u0119kszy\u0142o \u0142\u0105czn\u0105 moc morskiej energetyki wiatrowej do 32,4 GW. W Europie [&hellip;]<\/p>\n","protected":false},"author":6,"featured_media":29246,"comment_status":"closed","ping_status":"closed","sticky":false,"template":"","format":"standard","meta":[],"categories":[174,180,178,168,171,140,137,164,151],"tags":[],"acf":[],"_links":{"self":[{"href":"https:\/\/balticwind.eu\/pl\/wp-json\/wp\/v2\/posts\/29211"}],"collection":[{"href":"https:\/\/balticwind.eu\/pl\/wp-json\/wp\/v2\/posts"}],"about":[{"href":"https:\/\/balticwind.eu\/pl\/wp-json\/wp\/v2\/types\/post"}],"author":[{"embeddable":true,"href":"https:\/\/balticwind.eu\/pl\/wp-json\/wp\/v2\/users\/6"}],"replies":[{"embeddable":true,"href":"https:\/\/balticwind.eu\/pl\/wp-json\/wp\/v2\/comments?post=29211"}],"version-history":[{"count":0,"href":"https:\/\/balticwind.eu\/pl\/wp-json\/wp\/v2\/posts\/29211\/revisions"}],"wp:featuredmedia":[{"embeddable":true,"href":"https:\/\/balticwind.eu\/pl\/wp-json\/wp\/v2\/media\/29246"}],"wp:attachment":[{"href":"https:\/\/balticwind.eu\/pl\/wp-json\/wp\/v2\/media?parent=29211"}],"wp:term":[{"taxonomy":"category","embeddable":true,"href":"https:\/\/balticwind.eu\/pl\/wp-json\/wp\/v2\/categories?post=29211"},{"taxonomy":"post_tag","embeddable":true,"href":"https:\/\/balticwind.eu\/pl\/wp-json\/wp\/v2\/tags?post=29211"}],"curies":[{"name":"wp","href":"https:\/\/api.w.org\/{rel}","templated":true}]}}