{"id":30302,"date":"2023-09-28T10:46:41","date_gmt":"2023-09-28T08:46:41","guid":{"rendered":"https:\/\/balticwind.eu\/eurelectric-przyspieszenie-elektryfikacji-wymaga-infrastruktury\/"},"modified":"2024-05-17T07:06:16","modified_gmt":"2024-05-17T05:06:16","slug":"eurelectric-przyspieszenie-elektryfikacji-wymaga-infrastruktury","status":"publish","type":"post","link":"https:\/\/balticwind.eu\/pl\/eurelectric-przyspieszenie-elektryfikacji-wymaga-infrastruktury\/","title":{"rendered":"Eurelectric: Przyspieszenie elektryfikacji wymaga infrastruktury"},"content":{"rendered":"<p><strong>Szczyt kryzysu energetycznego mo\u017ce ju\u017c min\u0105\u0142, ale nie wyzwania zwi\u0105zane z dekarbonizacj\u0105 i bezpiecze\u0144stwem dostaw w Europie. Krajowa, czysta i odnawialna elektryfikacja pozostaje odpowiedzi\u0105, ale pilnie potrzebne s\u0105 wy\u017csze inwestycje i zmodernizowana infrastruktura, aby umo\u017cliwi\u0107 potrojenie wska\u017anik\u00f3w elektryfikacji do 2050 roku. W ci\u0105gu 6,5 roku do 2030 r. Europa musi przyci\u0105gn\u0105\u0107 bezprecedensowe inwestycje w rozbudow\u0119 sieci, wynika z <a href=\"https:\/\/powerbarometer.eurelectric.org\/power-barometer-2023\/\"> Power Barometer 2023 <\/a>Eurelectric .<\/strong><\/p>\n<p>Rok 2022 oznacza\u0142 znacz\u0105cy zwrot w sektorze energetycznym UE, zgodnie z edycj\u0105 Power Barometer 2023. Zaprezentowany dzi\u015b w Brukseli Barometr przedstawia kluczowe zmiany w sektorze energetycznym w oparciu o rygorystyczne badania i wiele \u017ar\u00f3de\u0142 danych.<\/p>\n<p>Po okresie historycznych trudno\u015bci, sektor wykaza\u0142 kilka pozytywnych trend\u00f3w. W nast\u0119pstwie bezprecedensowych skok\u00f3w cen i interwencji politycznych w 2022 r. zu\u017cycie gazu spad\u0142o o 19%, a miliony konsument\u00f3w przestawi\u0142y si\u0119 na elektryczne systemy grzewcze. Ceny energii r\u00f3wnie\u017c uleg\u0142y poprawie. Hurtowe ceny energii elektrycznej ustabilizowa\u0142y si\u0119 ze \u015brednio 227 euro za megawatogodzin\u0119 w 2022 r. do 100 euro za megawatogodzin\u0119 w tym roku, a ceny detaliczne posz\u0142y w ich \u015blady.<\/p>\n<p>Elektryfikacja transportu post\u0119powa\u0142a, sprzeda\u017c pojazd\u00f3w elektrycznych i autobus\u00f3w elektrycznych wzros\u0142a odpowiednio 21% i 13,7%. Rozw\u00f3j infrastruktury \u0142adowania jest jednak op\u00f3\u017aniony, podobnie jak inwestycje w sieci elektryczne.<\/p>\n<blockquote><p><strong>Sekretarz generalny Eurelectric, Kristian Rubin, powiedzia\u0142: <\/strong><em>&#8220;Potrzebujemy wi\u0119cej linii, wi\u0119cej cyfryzacji i wi\u0119cej odporno\u015bci na zmiany klimatu, aby nasze sieci nadawa\u0142y si\u0119 do net-zero. Wymaga to zmiany podej\u015bcia regulacyjnego. Operatorzy sieci musz\u0105 mie\u0107 mo\u017cliwo\u015b\u0107 dokonywania inwestycji wyprzedzaj\u0105cych, aby\u015bmy mogli zacz\u0105\u0107 przygotowywa\u0107 si\u0119 do wy\u017cszej elektryfikacji&#8221;.<\/em><\/p><\/blockquote>\n<p><strong>Generacja &#8211; obraz mieszany<\/strong><\/p>\n<p>Rozmieszczenie nowych mocy wytw\u00f3rczych r\u00f3\u017cni\u0142o si\u0119 znacznie w zale\u017cno\u015bci od technologii. Podczas gdy fotowoltaika odnotowa\u0142a rekordowe wdro\u017cenie na poziomie 41 GW, instalacje wiatrowe pozostawa\u0142y w tyle zar\u00f3wno na l\u0105dzie, jak i na morzu ze wzgl\u0119du na po\u0142\u0105czenie problem\u00f3w zwi\u0105zanych z \u0142a\u0144cuchem dostaw, powolne wydawanie pozwole\u0144 i s\u0142abe projekty przetargowe.<\/p>\n<p>Rosn\u0105ca zmienna generacja energii wiatrowej i s\u0142onecznej wymaga zwi\u0119kszenia technologii stabilnych i elastycznych w celu stabilizacji systemu. Opr\u00f3cz konwencjonalnych elektrowni, rozwi\u0105zania w zakresie magazynowania energii powinny zosta\u0107 znacznie zwi\u0119kszone. Chocia\u017c instalacje wzros\u0142y do 4,5 GW w 2022 r., aby zaspokoi\u0107 przysz\u0142e potrzeby systemu potrzeba oko\u0142o 11-14 GW rocznie.<\/p>\n<blockquote><p><strong>Kristian Rubin powiedzia\u0142: <\/strong><em>&#8220;Europa potrzebuje masowej elektryfikacji, aby wydosta\u0107 si\u0119 z u\u015bcisku Putina. A poniewa\u017c spo\u0142ecze\u0144stwo w coraz wi\u0119kszym stopniu polega na energii elektrycznej, musi ona by\u0107 niezawodna dla wszystkich&#8221;.<\/em><\/p><\/blockquote>\n<p>\u0179r\u00f3d\u0142o: Eurelectic<\/p>\n","protected":false},"excerpt":{"rendered":"<p>Szczyt kryzysu energetycznego mo\u017ce ju\u017c min\u0105\u0142, ale nie wyzwania zwi\u0105zane z dekarbonizacj\u0105 i bezpiecze\u0144stwem dostaw w Europie. Krajowa, czysta i odnawialna elektryfikacja pozostaje odpowiedzi\u0105, ale pilnie potrzebne s\u0105 wy\u017csze inwestycje i zmodernizowana infrastruktura, aby umo\u017cliwi\u0107 potrojenie wska\u017anik\u00f3w elektryfikacji do 2050 roku. W ci\u0105gu 6,5 roku do 2030 r. Europa musi przyci\u0105gn\u0105\u0107 bezprecedensowe inwestycje w rozbudow\u0119 [&hellip;]<\/p>\n","protected":false},"author":8,"featured_media":30298,"comment_status":"closed","ping_status":"closed","sticky":false,"template":"","format":"standard","meta":[],"categories":[137,167,1974],"tags":[],"acf":[],"_links":{"self":[{"href":"https:\/\/balticwind.eu\/pl\/wp-json\/wp\/v2\/posts\/30302"}],"collection":[{"href":"https:\/\/balticwind.eu\/pl\/wp-json\/wp\/v2\/posts"}],"about":[{"href":"https:\/\/balticwind.eu\/pl\/wp-json\/wp\/v2\/types\/post"}],"author":[{"embeddable":true,"href":"https:\/\/balticwind.eu\/pl\/wp-json\/wp\/v2\/users\/8"}],"replies":[{"embeddable":true,"href":"https:\/\/balticwind.eu\/pl\/wp-json\/wp\/v2\/comments?post=30302"}],"version-history":[{"count":0,"href":"https:\/\/balticwind.eu\/pl\/wp-json\/wp\/v2\/posts\/30302\/revisions"}],"wp:featuredmedia":[{"embeddable":true,"href":"https:\/\/balticwind.eu\/pl\/wp-json\/wp\/v2\/media\/30298"}],"wp:attachment":[{"href":"https:\/\/balticwind.eu\/pl\/wp-json\/wp\/v2\/media?parent=30302"}],"wp:term":[{"taxonomy":"category","embeddable":true,"href":"https:\/\/balticwind.eu\/pl\/wp-json\/wp\/v2\/categories?post=30302"},{"taxonomy":"post_tag","embeddable":true,"href":"https:\/\/balticwind.eu\/pl\/wp-json\/wp\/v2\/tags?post=30302"}],"curies":[{"name":"wp","href":"https:\/\/api.w.org\/{rel}","templated":true}]}}