{"id":31481,"date":"2023-10-26T08:21:44","date_gmt":"2023-10-26T06:21:44","guid":{"rendered":"https:\/\/balticwind.eu\/windeurope-net-zero-its-all-about-electrification\/"},"modified":"2024-05-17T07:06:03","modified_gmt":"2024-05-17T05:06:03","slug":"windeurope-net-zero-its-all-about-electrification","status":"publish","type":"post","link":"https:\/\/balticwind.eu\/pl\/windeurope-net-zero-its-all-about-electrification\/","title":{"rendered":"WindEurope: Net Zero? Wszystko kr\u0119ci si\u0119 wok\u00f3\u0142 elektryfikacji"},"content":{"rendered":"<p><strong>Sojusz na rzecz Elektryfikacji (The Electrification Alliance)** przedstawi\u0142 nowy &#8220;Manifest na rzecz Elektryfikacji&#8221; (&#8220;Electrification Manifesto&#8221;), wzywaj\u0105cy Komisj\u0119 Europejsk\u0105 do przyspieszenia elektryfikacji Europy. Manifest wzywa do opracowania specjalnego planu dzia\u0142ania na rzecz elektryfikacji w ci\u0105gu pierwszych 100 dni kadencji nowej Komisji Europejskiej. Podczas uroczysto\u015bci inauguracyjnej Kadri Simson, komisarz ds. energii, zosta\u0142a laureatk\u0105 inauguracyjnej &#8220;Europejskiej Nagrody Elektryfikacji&#8221; (&#8220;European Electrification Award&#8221;). Komisarz zosta\u0142a doceniona za jej niezachwiane zaanga\u017cowanie w rozw\u00f3j Zielonego \u0141adu UE i promowanie bezpo\u015bredniej, inteligentnej elektryfikacji europejskiego systemu energetycznego za pomoc\u0105 krajowej, czystej energii elektrycznej.<\/strong><\/p>\n<p>Obecnie mniej ni\u017c 25% ca\u0142ej energii zu\u017cywanej w Europie to energia elektryczna. Pozosta\u0142a energia wykorzystywana przez Europejczyk\u00f3w do ogrzewania dom\u00f3w, nap\u0119dzania pojazd\u00f3w i fabryk w du\u017cej mierze pochodzi z paliw kopalnych. To musi si\u0119 zmieni\u0107. Aby osi\u0105gn\u0105\u0107 neutralno\u015b\u0107 klimatyczn\u0105 do 2050 r., nawet trzy czwarte ko\u0144cowego zu\u017cycia energii w Europie zostanie bezpo\u015brednio lub po\u015brednio zelektryfikowane. Aby dostosowa\u0107 si\u0119 do Zielonego \u0141adu, do tego czasu ca\u0142a energia elektryczna b\u0119dzie musia\u0142a pochodzi\u0107 z czystych \u017ar\u00f3de\u0142 energii.<\/p>\n<p><strong>Wysi\u0142ki UE w zakresie elektryfikacji s\u0105 jednak niewystarczaj\u0105ce. Aby przyspieszy\u0107 elektryfikacj\u0119 bezpo\u015bredni\u0105, UE musi:<\/strong><\/p>\n<ul>\n<li>przyspieszy\u0107 rozw\u00f3j odnawialnych \u017ar\u00f3de\u0142 energii<\/li>\n<li>co najmniej podwoi\u0107 obecne inwestycje w optymalizacj\u0119 i rozbudow\u0119 sieci elektroenergetycznych<\/li>\n<li>wspiera\u0107 szybk\u0105 popularyzacj\u0119 zelektryfikowanych zastosowa\u0144 dla u\u017cytkownik\u00f3w ko\u0144cowych, takich jak samochody elektryczne i ci\u0119\u017car\u00f3wki w transporcie oraz pompy ciep\u0142a w ciep\u0142ownictwie.<\/li>\n<\/ul>\n<p>\u017badnego z tych cel\u00f3w nie da si\u0119 jednak osi\u0105gn\u0105\u0107 bez regulacji.<\/p>\n<p><strong>Nowy manifest dotycz\u0105cy elektryfikacji zaprezentowany<\/strong><\/p>\n<p>Organizacja Electrification Alliance \u00a0przedstawi\u0142a nowy <a href=\"https:\/\/elinkeu.clickdimensions.com\/c\/7\/eyJhaSI6NzEyMzQ2MTAsImUiOiJwYXdlbC53cm9iZWxAYmFsdGljd2luZC5ldSIsInJpIjoiY29udGFjdC04YmM0NjQ0MGIxYzJlYjExYmFjYzAwMjI0ODgxYTg1Zi1hYjY1YWJkZWQzNmY0ZTVhYmFlYzgyNzkyYTQxMjZiNiIsInJxIjoicDEtYjIzMjk2LTJiOGRkMWY4ZTcyMzQ2OTliN2U2ZjNiOGI4NDZmNmZhIiwicGgiOm51bGwsIm0iOmZhbHNlLCJ1aSI6IjIiLCJ1biI6IiIsInUiOiJodHRwczovL3dpbmRldXJvcGUub3JnL3dwLWNvbnRlbnQvdXBsb2Fkcy9maWxlcy9wb2xpY3kvcG9zaXRpb24tcGFwZXJzLzIwMjMxMDE3LUVsZWN0cmlmaWNhdGlvbi1BbGxpYW5jZS1NYW5pZmVzdG8ucGRmP19jbGRlZT1PdVRERUt1U3d4aHRSNW1uVzROWmU3cFlZR2VRblVaYXVCYlVRUW11TXp5V2FfRjZiTHFjZzBUVTR2UEpMZDE1JnJlY2lwaWVudGlkPWNvbnRhY3QtOGJjNDY0NDBiMWMyZWIxMWJhY2MwMDIyNDg4MWE4NWYtYWI2NWFiZGVkMzZmNGU1YWJhZWM4Mjc5MmE0MTI2YjYmZXNpZD05MWVlZmE1YS1iNjcxLWVlMTEtODE3OS0wMDIyNDg3ZmVlZDEifQ\/ajDHwXHk_-BQID6igQg6ng\">Manifest<\/a> okre\u015blaj\u0105cy kluczowe polityki maj\u0105ce na celu przyspieszenie wdra\u017cania bezpo\u015bredniej, inteligentnej elektryfikacji w Europie. Manifest wzywa do opracowania specjalnego planu dzia\u0142ania na rzecz elektryfikacji w ci\u0105gu pierwszych 100 dni kadencji nowej Komisji Europejskiej.<\/p>\n<p>Ten plan dzia\u0142ania na rzecz elektryfikacji powinien wyznaczy\u0107 cel 35% elektryfikacji ko\u0144cowego zu\u017cycia energii w ca\u0142ej UE do 2030 roku. Powinien on zapewni\u0107, \u017ce elektryfikacja stanie si\u0119 integralnym elementem krajowych plan\u00f3w energetyczno-klimatycznych pa\u0144stw cz\u0142onkowskich.<\/p>\n<p>Manifest wzywa r\u00f3wnie\u017c Komisj\u0119 Europejsk\u0105 do zwi\u0119kszenia inwestycji w sieci elektroenergetyczne. Europa musi dokona\u0107 przegl\u0105du planowania infrastruktury energetycznej &#8211; pocz\u0105wszy od natychmiastowej reformy rozporz\u0105dzenia TEN-E i dziesi\u0119cioletniego planu rozwoju sieci zar\u00f3wno dla operator\u00f3w system\u00f3w przesy\u0142owych, jak i dystrybucyjnych. Co najwa\u017cniejsze, planowanie sieci wymaga lepszej koordynacji i wi\u0119kszego nadzoru politycznego, aby zapewni\u0107 zerowy poziom emisji netto.<\/p>\n<p>Inne konkretne dzia\u0142ania polityczne zawarte w Manife\u015bcie obejmuj\u0105 programy maj\u0105ce na celu przyci\u0105gni\u0119cie wykwalifikowanych pracownik\u00f3w, priorytetowe traktowanie bezpo\u015bredniej, inteligentnej elektryfikacji w unijnych programach finansowania i finansowania oraz wzmocnienie pozycji u\u017cytkownik\u00f3w ko\u0144cowych w celu wykorzystania pe\u0142nego potencja\u0142u zarz\u0105dzania popytem.<\/p>\n<blockquote><p><strong>Giles Dickson, dyrektor generalny WindEurope, powiedzia\u0142:<\/strong> <em>&#8220;Energia elektryczna to tylko 23% energii, kt\u00f3r\u0105 dzi\u015b zu\u017cywamy. Reszta to benzyna, kt\u00f3r\u0105 wlewamy do naszych samochod\u00f3w, gaz, kt\u00f3ry spalamy w naszych domowych kot\u0142ach i paliwo, kt\u00f3re wlewamy do naszych samolot\u00f3w i statk\u00f3w. Prawie wszystko to s\u0105 paliwa kopalne. Mo\u017cemy wyeliminowa\u0107 paliwa kopalne poprzez elektryfikacj\u0119 transportu, ogrzewania i proces\u00f3w przemys\u0142owych. Elektryfikacja to najszybszy i najta\u0144szy spos\u00f3b na dekarbonizacj\u0119 energii. To oczywiste. UE musi go przyj\u0105\u0107&#8221;.<\/em><\/p>\n<p><strong>Kadri Simson, europejska komisarz ds. energii, powiedzia\u0142a:<\/strong> <em>&#8220;Elektryfikacja odegra kluczow\u0105 rol\u0119 w nast\u0119pnych dziesi\u0119cioleciach, aby zapewni\u0107 wydajny, bezpieczny, zdekarbonizowany i zintegrowany system energetyczny. Energia elektryczna stanie si\u0119 naszym g\u0142\u00f3wnym no\u015bnikiem energii do 2040 r. i musimy zapewni\u0107, \u017ce zar\u00f3wno warunki rynkowe, jak i infrastruktura przyspiesz\u0105 t\u0119 transformacj\u0119. Z niecierpliwo\u015bci\u0105 czekam na kontynuacj\u0119 naszej dobrej wsp\u00f3\u0142pracy z sektorem energetycznym w celu zbudowania silnego rynku UE, na kt\u00f3rym energia elektryczna jest zawsze wytwarzana w najta\u0144szy i najczystszy mo\u017cliwy spos\u00f3b oraz dostarczana tam, gdzie jest potrzebna&#8221;.<\/em><\/p><\/blockquote>\n<p><a href=\"https:\/\/elinkeu.clickdimensions.com\/c\/7\/eyJhaSI6NzEyMzQ2MTAsImUiOiJwYXdlbC53cm9iZWxAYmFsdGljd2luZC5ldSIsInJpIjoiY29udGFjdC04YmM0NjQ0MGIxYzJlYjExYmFjYzAwMjI0ODgxYTg1Zi1hYjY1YWJkZWQzNmY0ZTVhYmFlYzgyNzkyYTQxMjZiNiIsInJxIjoicDEtYjIzMjk2LTJiOGRkMWY4ZTcyMzQ2OTliN2U2ZjNiOGI4NDZmNmZhIiwicGgiOm51bGwsIm0iOmZhbHNlLCJ1aSI6IjIiLCJ1biI6IiIsInUiOiJodHRwczovL3dpbmRldXJvcGUub3JnL3dwLWNvbnRlbnQvdXBsb2Fkcy9maWxlcy9wb2xpY3kvcG9zaXRpb24tcGFwZXJzLzIwMjMxMDE3LUVsZWN0cmlmaWNhdGlvbi1BbGxpYW5jZS1NYW5pZmVzdG8ucGRmP19jbGRlZT1PdVRERUt1U3d4aHRSNW1uVzROWmU3cFlZR2VRblVaYXVCYlVRUW11TXp5V2FfRjZiTHFjZzBUVTR2UEpMZDE1JnJlY2lwaWVudGlkPWNvbnRhY3QtOGJjNDY0NDBiMWMyZWIxMWJhY2MwMDIyNDg4MWE4NWYtYWI2NWFiZGVkMzZmNGU1YWJhZWM4Mjc5MmE0MTI2YjYmZXNpZD05MWVlZmE1YS1iNjcxLWVlMTEtODE3OS0wMDIyNDg3ZmVlZDEifQ\/ajDHwXHk_-BQID6igQg6ng\">Przeczytaj pe\u0142ny manifest<\/a><\/p>\n<p><strong>Komisarz Kadri Simson otrzymuje Europejsk\u0105 Nagrod\u0119 Elektryfikacji<\/strong><\/p>\n<p>Sojusz na rzecz Elektryfikacji wr\u0119czy\u0142 r\u00f3wnie\u017c swoj\u0105 inauguracyjn\u0105 &#8220;Europejsk\u0105 Nagrod\u0119 Elektryfikacji&#8221; Kadri Simson, europejskiej komisarz ds. energii, za jej wybitny wk\u0142ad w przyspieszenie bezpo\u015bredniej elektryfikacji europejskiej gospodarki.<\/p>\n<p>W ci\u0105gu ostatnich lat komisarz Simson przy niezliczonych okazjach podkre\u015bla\u0142a strategiczne znaczenie krajowych odnawialnych \u017ar\u00f3de\u0142 energii i bezpo\u015bredniej elektryfikacji. Podczas jednego z najpowa\u017cniejszych kryzys\u00f3w energetycznych w historii Europy broni\u0142a Europejskiego Zielonego \u0141adu jako sposobu na wzmocnienie bezpiecze\u0144stwa energetycznego Europy i zapewnienie przyst\u0119pnych cen energii dla europejskich gospodarstw domowych i przemys\u0142u.<\/p>\n<p>Odegra\u0142a kluczow\u0105 rol\u0119 w kszta\u0142towaniu kluczowych polityk nap\u0119dzaj\u0105cych bezpo\u015bredni\u0105 elektryfikacj\u0119, w tym: REPowerEU, strategi\u0119 UE w zakresie energii s\u0142onecznej, strategi\u0119 UE w zakresie morskiej energii odnawialnej, dyrektyw\u0119 w sprawie charakterystyki energetycznej budynk\u00f3w, reform\u0119 UE w zakresie projektowania rynku energii elektrycznej, strategi\u0119 UE w zakresie integracji system\u00f3w energetycznych, a tak\u017ce ustaw\u0119 o surowcach krytycznych i ustaw\u0119 o zerowym zu\u017cyciu energii netto w przemy\u015ble w ramach unijnego planu przemys\u0142owego Zielonego \u0141adu.<\/p>\n<p>Ceremonia wr\u0119czenia nagr\u00f3d odby\u0142a si\u0119 na terenie fabryki Audi w Brukseli. Od 2018 r. w certyfikowanym zak\u0142adzie neutralnym pod wzgl\u0119dem emisji CO\u2082 produkowane s\u0105 wy\u0142\u0105cznie samochody w 100% elektryczne. Aby osi\u0105gn\u0105\u0107 neutralno\u015b\u0107 netto pod wzgl\u0119dem emisji CO\u2082, Audi Brussels wykorzystuje wy\u0142\u0105cznie zielon\u0105 energi\u0119, a nawet produkuje energi\u0119 elektryczn\u0105 ze \u017ar\u00f3de\u0142 odnawialnych na miejscu: 107 000 m\u00b2 ogniw s\u0142onecznych na dachach fabryki generuje rocznie oko\u0142o 9 000 megawatogodzin energii elektrycznej. Wszelkie emisje, kt\u00f3rych nie mo\u017cna jeszcze unikn\u0105\u0107 (oko\u0142o 5%), s\u0105 kompensowane przez projekty \u015brodowiskowe w celu osi\u0105gni\u0119cia neutralno\u015bci w\u0119glowej. Ponadto Audi Brussels bierze udzia\u0142 w programie \u015brodowiskowym Audi &#8220;Mission:Zero&#8221;, kt\u00f3rego celem jest zmniejszenie \u015bladu ekologicznego w logistyce i produkcji. Obecnie Audi bada mo\u017cliwo\u015b\u0107 realizacji projekt\u00f3w zwi\u0105zanych z energi\u0105 wiatrow\u0105 na terenie fabryki.<\/p>\n<p>\u0179r\u00f3d\u0142o: WindEurope<\/p>\n","protected":false},"excerpt":{"rendered":"<p>Sojusz na rzecz Elektryfikacji (The Electrification Alliance)** przedstawi\u0142 nowy &#8220;Manifest na rzecz Elektryfikacji&#8221; (&#8220;Electrification Manifesto&#8221;), wzywaj\u0105cy Komisj\u0119 Europejsk\u0105 do przyspieszenia elektryfikacji Europy. Manifest wzywa do opracowania specjalnego planu dzia\u0142ania na rzecz elektryfikacji w ci\u0105gu pierwszych 100 dni kadencji nowej Komisji Europejskiej. Podczas uroczysto\u015bci inauguracyjnej Kadri Simson, komisarz ds. energii, zosta\u0142a laureatk\u0105 inauguracyjnej &#8220;Europejskiej Nagrody Elektryfikacji&#8221; [&hellip;]<\/p>\n","protected":false},"author":8,"featured_media":31468,"comment_status":"closed","ping_status":"closed","sticky":false,"template":"","format":"standard","meta":[],"categories":[137,167,1974],"tags":[],"acf":[],"_links":{"self":[{"href":"https:\/\/balticwind.eu\/pl\/wp-json\/wp\/v2\/posts\/31481"}],"collection":[{"href":"https:\/\/balticwind.eu\/pl\/wp-json\/wp\/v2\/posts"}],"about":[{"href":"https:\/\/balticwind.eu\/pl\/wp-json\/wp\/v2\/types\/post"}],"author":[{"embeddable":true,"href":"https:\/\/balticwind.eu\/pl\/wp-json\/wp\/v2\/users\/8"}],"replies":[{"embeddable":true,"href":"https:\/\/balticwind.eu\/pl\/wp-json\/wp\/v2\/comments?post=31481"}],"version-history":[{"count":0,"href":"https:\/\/balticwind.eu\/pl\/wp-json\/wp\/v2\/posts\/31481\/revisions"}],"wp:featuredmedia":[{"embeddable":true,"href":"https:\/\/balticwind.eu\/pl\/wp-json\/wp\/v2\/media\/31468"}],"wp:attachment":[{"href":"https:\/\/balticwind.eu\/pl\/wp-json\/wp\/v2\/media?parent=31481"}],"wp:term":[{"taxonomy":"category","embeddable":true,"href":"https:\/\/balticwind.eu\/pl\/wp-json\/wp\/v2\/categories?post=31481"},{"taxonomy":"post_tag","embeddable":true,"href":"https:\/\/balticwind.eu\/pl\/wp-json\/wp\/v2\/tags?post=31481"}],"curies":[{"name":"wp","href":"https:\/\/api.w.org\/{rel}","templated":true}]}}