{"id":36525,"date":"2024-01-31T08:56:07","date_gmt":"2024-01-31T07:56:07","guid":{"rendered":"https:\/\/balticwind.eu\/baltic-sea-offshore-wind-2024-outlook-lasma-livzeniece-dyrektor-wykonawcza-w-lotewskim-stowarzyszeniu-energetyki-wiatrowej\/"},"modified":"2024-01-31T08:56:09","modified_gmt":"2024-01-31T07:56:09","slug":"baltic-sea-offshore-wind-2024-outlook-lasma-livzeniece-dyrektor-wykonawcza-w-lotewskim-stowarzyszeniu-energetyki-wiatrowej","status":"publish","type":"post","link":"https:\/\/balticwind.eu\/pl\/baltic-sea-offshore-wind-2024-outlook-lasma-livzeniece-dyrektor-wykonawcza-w-lotewskim-stowarzyszeniu-energetyki-wiatrowej\/","title":{"rendered":"\u201cBaltic Sea Offshore Wind \u2013 2024 Outlook\u201d: Lasma Livzeniece, Dyrektor Wykonawcza w \u0141otewskim Stowarzyszeniu Energetyki Wiatrowej"},"content":{"rendered":"<p><strong>BalticWind.EU spyta\u0142o lider\u00f3w bran\u017cy i kluczowych decydent\u00f3w o ich ocen\u0119 osi\u0105gni\u0119\u0107 minionego roku i prognozy na 2024. W dzisiejszym wywiadzie z serii \u201cBaltic Sea Offshore Wind \u2013 2024 Outlook\u201d przedstawiamy opini\u0119 Lasmy Livzeniece, Dyrektor Wykonawczej \u0141otewskiego Stowarzyszenia Energetyki Wiatrowej.<\/strong><\/p>\n<p><strong>Co by\u0142o najwa\u017cniejsze dla rozwoju morskiej energetyki wiatrowej w 2023 roku?<\/strong><\/p>\n<p>Z mojej perspektywy najbardziej znacz\u0105ce wydarzenia dla morskiej energetyki wiatrowej na \u0141otwie w 2023 r. by\u0142y zwi\u0105zane ze wsp\u00f3lnym \u0142otewsko-esto\u0144skim projektem &#8220;Elwind&#8221;, prowadzonym przez Agencj\u0119 Inwestycji i Rozwoju \u0141otwy (IDAL). Na podstawie decyzji Pa\u0144stwowego Biura Ochrony \u015arodowiska na \u0141otwie prace nad OO\u015a rozpocz\u0119to pod koniec 2023 roku. Wed\u0142ug IDAL, w ci\u0105gu najbli\u017cszych dw\u00f3ch lat przeprowadzonych zostanie ponad 20 r\u00f3\u017cnych bada\u0144 w celu przygotowania projektu do przetargu w 2026 roku. Du\u017ca cz\u0119\u015b\u0107 bada\u0144 zostanie uruchomiona na pocz\u0105tku tego roku. W pierwszej fazie bada\u0144 eksperci przeanalizuj\u0105 i oceni\u0105 wp\u0142yw farmy wiatrowej na szlaki migracyjne ptak\u00f3w i nietoperzy, a tak\u017ce na tarliska ryb i foki. Wszystkie badania b\u0119d\u0105 prowadzone w \u015bcis\u0142ej wsp\u00f3\u0142pracy z esto\u0144skim odpowiednikiem Elwind.<\/p>\n<p><strong>Jakie s\u0105 najwa\u017cniejsze wyzwania dla rozwoju morskiej energetyki wiatrowej w 2024 roku?<\/strong><\/p>\n<p>Jednym z najwi\u0119kszych wyzwa\u0144 zwi\u0105zanych z morsk\u0105 energetyk\u0105 wiatrow\u0105 na \u0141otwie w 2024 r. b\u0119dzie projekt aukcji dla morskich obszar\u00f3w licencyjnych (obszary, kt\u00f3re wykluczaj\u0105 projekt Elwind). Ministerstwo Klimatu i Energii potwierdza, \u017ce rozporz\u0105dzenie przetargowe rzeczywi\u015bcie znajduje si\u0119 na li\u015bcie rzeczy do zrobienia, jednak bran\u017ca dostrzega wiele niepewno\u015bci zwi\u0105zanych z tym procesem. To, czego brakowa\u0142o od czasu rozm\u00f3w o offshore, to jasne wyobra\u017cenie o tym czego \u0141otwa chce i potrzebuje jako pa\u0144stwo &#8211; strategia. Ministerstwo opracowuje kilka dokument\u00f3w (Krajowy Plan na rzecz Energii i Klimatu 2030 oraz Strategi\u0119 Energetyczn\u0105 2030 i kolejn\u0105 na rok 2050), kt\u00f3re maj\u0105 pom\u00f3c ca\u0142emu sektorowi energetycznemu, w tym bran\u017cy wiatrowej, i\u015b\u0107 naprz\u00f3d, jednak wiele pyta\u0144 pozostaje bez odpowiedzi. Inwestorzy pytaj\u0105 o przybli\u017cony harmonogram przetarg\u00f3w na morskie farmy wiatrowe na \u0141otwie, na kt\u00f3re nie udzielono odpowiedzi. A teraz, gdy \u0141otwa zobowi\u0105za\u0142a si\u0119 do kontynuowania badania biotop\u00f3w Life REEF, w jaki spos\u00f3b wyniki wp\u0142yn\u0105 na lokalizacje morskie? Obszary badawcze i morskie przecie\u017c si\u0119 pokrywaj\u0105. Co z sieci\u0105 &#8211; czy b\u0119dzie ona dost\u0119pna? Jak wspomniano wcze\u015bniej, istnieje wiele niewiadomych, kt\u00f3re spowalniaj\u0105 start offshore na \u0141otwie.<\/p>\n<p><strong>Na czym zwi\u0105zanym z morsk\u0105 energetyk\u0105 wiatrow\u0105 skupisz si\u0119 szczeg\u00f3lnie w 2024 roku?<\/strong><\/p>\n<p>W 2024 r. skupimy si\u0119 w szczeg\u00f3lno\u015bci na informowaniu w\u0142adz o korzy\u015bciach p\u0142yn\u0105cych z morskiej energetyki wiatrowej i mamy nadziej\u0119 na wsp\u00f3ln\u0105 prac\u0119 nad opracowaniem projektu aukcji. Wa\u017cne jest r\u00f3wnie\u017c \u015bledzenie rozwoju sytuacji w dw\u00f3ch najbli\u017cszych krajach s\u0105siaduj\u0105cych &#8211; Estonii i Litwie &#8211; aby zobaczy\u0107, jak zwyci\u0119zcy przetarg\u00f3w post\u0119puj\u0105 ze swoimi projektami, a tak\u017ce uczy\u0107 si\u0119 na ich b\u0142\u0119dach. B\u0119dzie to r\u00f3wnie\u017c jeden z temat\u00f3w, kt\u00f3rymi zajmiemy si\u0119 podczas konferencji WindWorks w Rydze w dniu 25 kwietnia, organizowanej wsp\u00f3lnym wysi\u0142kiem trzech stowarzysze\u0144 energetyki wiatrowej w krajach ba\u0142tyckich oraz Agencji Inwestycji i Rozwoju na \u0141otwie.<\/p>\n","protected":false},"excerpt":{"rendered":"<p>BalticWind.EU spyta\u0142o lider\u00f3w bran\u017cy i kluczowych decydent\u00f3w o ich ocen\u0119 osi\u0105gni\u0119\u0107 minionego roku i prognozy na 2024. W dzisiejszym wywiadzie z serii \u201cBaltic Sea Offshore Wind \u2013 2024 Outlook\u201d przedstawiamy opini\u0119 Lasmy Livzeniece, Dyrektor Wykonawczej \u0141otewskiego Stowarzyszenia Energetyki Wiatrowej. Co by\u0142o najwa\u017cniejsze dla rozwoju morskiej energetyki wiatrowej w 2023 roku? Z mojej perspektywy najbardziej znacz\u0105ce [&hellip;]<\/p>\n","protected":false},"author":8,"featured_media":36422,"comment_status":"closed","ping_status":"closed","sticky":false,"template":"","format":"standard","meta":[],"categories":[171,167],"tags":[],"acf":[],"_links":{"self":[{"href":"https:\/\/balticwind.eu\/pl\/wp-json\/wp\/v2\/posts\/36525"}],"collection":[{"href":"https:\/\/balticwind.eu\/pl\/wp-json\/wp\/v2\/posts"}],"about":[{"href":"https:\/\/balticwind.eu\/pl\/wp-json\/wp\/v2\/types\/post"}],"author":[{"embeddable":true,"href":"https:\/\/balticwind.eu\/pl\/wp-json\/wp\/v2\/users\/8"}],"replies":[{"embeddable":true,"href":"https:\/\/balticwind.eu\/pl\/wp-json\/wp\/v2\/comments?post=36525"}],"version-history":[{"count":0,"href":"https:\/\/balticwind.eu\/pl\/wp-json\/wp\/v2\/posts\/36525\/revisions"}],"wp:featuredmedia":[{"embeddable":true,"href":"https:\/\/balticwind.eu\/pl\/wp-json\/wp\/v2\/media\/36422"}],"wp:attachment":[{"href":"https:\/\/balticwind.eu\/pl\/wp-json\/wp\/v2\/media?parent=36525"}],"wp:term":[{"taxonomy":"category","embeddable":true,"href":"https:\/\/balticwind.eu\/pl\/wp-json\/wp\/v2\/categories?post=36525"},{"taxonomy":"post_tag","embeddable":true,"href":"https:\/\/balticwind.eu\/pl\/wp-json\/wp\/v2\/tags?post=36525"}],"curies":[{"name":"wp","href":"https:\/\/api.w.org\/{rel}","templated":true}]}}