{"id":36709,"date":"2024-02-06T09:04:41","date_gmt":"2024-02-06T08:04:41","guid":{"rendered":"https:\/\/balticwind.eu\/the-elwind-wind-park-project-begins-cooperation-with-a-dutch-company-ventolines\/"},"modified":"2024-02-06T09:08:34","modified_gmt":"2024-02-06T08:08:34","slug":"the-elwind-wind-park-project-begins-cooperation-with-a-dutch-company-ventolines","status":"publish","type":"post","link":"https:\/\/balticwind.eu\/pl\/the-elwind-wind-park-project-begins-cooperation-with-a-dutch-company-ventolines\/","title":{"rendered":"Projekt parku wiatrowego ELWIND rozpoczyna wsp\u00f3\u0142prac\u0119 z holendersk\u0105 firm\u0105 Ventolines"},"content":{"rendered":"<p><strong>Transgraniczny \u0142otewsko-esto\u0144ski projekt morskiej farmy wiatrowej ELWIND rozpoczyna wsp\u00f3\u0142prac\u0119 z holendersk\u0105 firm\u0105 Ventolines. Firma, jako dostawca us\u0142ug doradztwa technicznego, zgromadzi\u0142a znacz\u0105ce do\u015bwiadczenie w rozwoju park\u00f3w wiatrowych.<\/strong><\/p>\n<blockquote><p><em>&#8220;Ventolines uczestniczy\u0142a w projektach rozwoju park\u00f3w wiatrowych w Holandii, Szwecji, USA i innych krajach, udowadniaj\u0105c swoje kompetencje i profesjonalizm. Na potrzeby Elwind, firma zapewni wsparcie w przygotowaniu dokumentacji przetargowej na badania oddzia\u0142ywania na \u015brodowisko&#8221;,<\/em> <strong>podkre\u015bla J\u0101nis Lo\u010dmelis, szef dzia\u0142u projektu Elwind w \u0141otewskiej Agencji Inwestycji i Rozwoju.<\/strong><\/p><\/blockquote>\n<div id=\"attachment_36707\" style=\"width: 793px\" class=\"wp-caption aligncenter\"><img aria-describedby=\"caption-attachment-36707\" decoding=\"async\" class=\"wp-image-36707\" src=\"https:\/\/balticwind.eu\/wp-content\/uploads\/2024\/02\/whatsapp-image-2024-02-02-at-16.39.49.jpeg\" alt=\"\" width=\"783\" height=\"449\" srcset=\"https:\/\/balticwind.eu\/wp-content\/uploads\/2024\/02\/whatsapp-image-2024-02-02-at-16.39.49-200x115.jpeg 200w, https:\/\/balticwind.eu\/wp-content\/uploads\/2024\/02\/whatsapp-image-2024-02-02-at-16.39.49-300x172.jpeg 300w, https:\/\/balticwind.eu\/wp-content\/uploads\/2024\/02\/whatsapp-image-2024-02-02-at-16.39.49-400x229.jpeg 400w, https:\/\/balticwind.eu\/wp-content\/uploads\/2024\/02\/whatsapp-image-2024-02-02-at-16.39.49-600x344.jpeg 600w, https:\/\/balticwind.eu\/wp-content\/uploads\/2024\/02\/whatsapp-image-2024-02-02-at-16.39.49-768x440.jpeg 768w, https:\/\/balticwind.eu\/wp-content\/uploads\/2024\/02\/whatsapp-image-2024-02-02-at-16.39.49-800x459.jpeg 800w, https:\/\/balticwind.eu\/wp-content\/uploads\/2024\/02\/whatsapp-image-2024-02-02-at-16.39.49-1024x587.jpeg 1024w, https:\/\/balticwind.eu\/wp-content\/uploads\/2024\/02\/whatsapp-image-2024-02-02-at-16.39.49-1200x688.jpeg 1200w, https:\/\/balticwind.eu\/wp-content\/uploads\/2024\/02\/whatsapp-image-2024-02-02-at-16.39.49.jpeg 1500w\" sizes=\"(max-width: 783px) 100vw, 783px\" \/><p id=\"caption-attachment-36707\" class=\"wp-caption-text\"><em>\u0179r\u00f3d\u0142o: \u0141otewska Agencja Inwestycji i Rozwoju<\/em><\/p><\/div>\n<p>W ramach oceny oddzia\u0142ywania na \u015brodowisko przeanalizowany zostanie wp\u0142yw parku wiatrowego na przyrod\u0119, zwierz\u0119ta i skutki spo\u0142eczno-gospodarcze, w tym na szlaki \u017ceglugowe. Przeprowadzone zostan\u0105 r\u00f3wnie\u017c badania techniczne. Korzystaj\u0105c z wynik\u00f3w tych bada\u0144, ELWIND zamierza uzyska\u0107 wszystkie dane techniczne w celu zapewnienia odpowiedzialnego i zr\u00f3wnowa\u017conego rozwoju projektu. Oczekuje si\u0119, \u017ce badania rozpoczn\u0105 si\u0119 w tym roku i potrwaj\u0105 do 2026. Szczeg\u00f3lna uwaga zostanie po\u015bwi\u0119cona okre\u015bleniu potencjalnego wp\u0142ywu parku wiatrowego na zdolno\u015bci obronne kraju i podj\u0119ciu niezb\u0119dnych \u015brodk\u00f3w kompensacyjnych w przypadku wykrycia takiego wp\u0142ywu.<\/p>\n<blockquote><p><em>&#8220;To wa\u017cny kamie\u0144 milowy i osi\u0105gni\u0119cie dla projektu, kt\u00f3re dodaje pewno\u015bci siebie ca\u0142emu zespo\u0142owi ELWIND, poniewa\u017c kolejne kroki wymagaj\u0105 wysokiej jako\u015bci do\u015bwiadczenia i wiedzy specjalistycznej, kt\u00f3r\u0105 posiada Ventolines&#8221;<\/em> &#8211; <strong>m\u00f3wi T\u00f5nn Tuvikene, kierownik projektu ELWIND z esto\u0144skiego Centrum Inwestycji \u015arodowiskowych.<\/strong><\/p><\/blockquote>\n<p>Ventolines jest zintegrowanym dostawc\u0105 us\u0142ug w zakresie rozwoju projekt\u00f3w energii odnawialnej z du\u017cym do\u015bwiadczeniem w projektach morskich farm wiatrowych. Firma ma do\u015bwiadczenie zar\u00f3wno w projektach na Morzu Ba\u0142tyckim, jak i P\u00f3\u0142nocnym.<\/p>\n<p>Ca\u0142kowita kwota umowy wynosi 300 000 EUR, bez podatku VAT.<\/p>\n<p>Morska farma wiatrowa ELWIND b\u0119dzie wa\u017cnym projektem dla regionu Morza Ba\u0142tyckiego o du\u017cym wp\u0142ywie gospodarczym i spo\u0142ecznym. Budowa dw\u00f3ch obszar\u00f3w parku wiatrowego na \u0141otwie i w Estonii zapewni moc elektryczn\u0105 wynosz\u0105c\u0105 co najmniej 1000 megawat\u00f3w i stworzy co najmniej 2800 nowych miejsc pracy na \u0141otwie.<\/p>\n<p>\u0179r\u00f3d\u0142o: \u0141otewska Agencja Inwestycji i Rozwoju<\/p>\n","protected":false},"excerpt":{"rendered":"<p>Transgraniczny \u0142otewsko-esto\u0144ski projekt morskiej farmy wiatrowej ELWIND rozpoczyna wsp\u00f3\u0142prac\u0119 z holendersk\u0105 firm\u0105 Ventolines. Firma, jako dostawca us\u0142ug doradztwa technicznego, zgromadzi\u0142a znacz\u0105ce do\u015bwiadczenie w rozwoju park\u00f3w wiatrowych. &#8220;Ventolines uczestniczy\u0142a w projektach rozwoju park\u00f3w wiatrowych w Holandii, Szwecji, USA i innych krajach, udowadniaj\u0105c swoje kompetencje i profesjonalizm. Na potrzeby Elwind, firma zapewni wsparcie w przygotowaniu dokumentacji przetargowej [&hellip;]<\/p>\n","protected":false},"author":8,"featured_media":20742,"comment_status":"closed","ping_status":"closed","sticky":false,"template":"","format":"standard","meta":[],"categories":[180,171,137,139],"tags":[],"acf":[],"_links":{"self":[{"href":"https:\/\/balticwind.eu\/pl\/wp-json\/wp\/v2\/posts\/36709"}],"collection":[{"href":"https:\/\/balticwind.eu\/pl\/wp-json\/wp\/v2\/posts"}],"about":[{"href":"https:\/\/balticwind.eu\/pl\/wp-json\/wp\/v2\/types\/post"}],"author":[{"embeddable":true,"href":"https:\/\/balticwind.eu\/pl\/wp-json\/wp\/v2\/users\/8"}],"replies":[{"embeddable":true,"href":"https:\/\/balticwind.eu\/pl\/wp-json\/wp\/v2\/comments?post=36709"}],"version-history":[{"count":0,"href":"https:\/\/balticwind.eu\/pl\/wp-json\/wp\/v2\/posts\/36709\/revisions"}],"wp:featuredmedia":[{"embeddable":true,"href":"https:\/\/balticwind.eu\/pl\/wp-json\/wp\/v2\/media\/20742"}],"wp:attachment":[{"href":"https:\/\/balticwind.eu\/pl\/wp-json\/wp\/v2\/media?parent=36709"}],"wp:term":[{"taxonomy":"category","embeddable":true,"href":"https:\/\/balticwind.eu\/pl\/wp-json\/wp\/v2\/categories?post=36709"},{"taxonomy":"post_tag","embeddable":true,"href":"https:\/\/balticwind.eu\/pl\/wp-json\/wp\/v2\/tags?post=36709"}],"curies":[{"name":"wp","href":"https:\/\/api.w.org\/{rel}","templated":true}]}}