{"id":37195,"date":"2024-03-07T12:33:26","date_gmt":"2024-03-07T11:33:26","guid":{"rendered":"https:\/\/balticwind.eu\/?p=37195"},"modified":"2024-04-05T14:32:02","modified_gmt":"2024-04-05T12:32:02","slug":"ponad-10-000-uczestnikow-targow-kariery-edu-offshore-wind-2024","status":"publish","type":"post","link":"https:\/\/balticwind.eu\/pl\/ponad-10-000-uczestnikow-targow-kariery-edu-offshore-wind-2024\/","title":{"rendered":"Ponad 10.000 uczestnik\u00f3w targ\u00f3w kariery EDU OFFSHORE WIND 2024"},"content":{"rendered":"<p><strong>W Gda\u0144sku zako\u0144czy\u0142a si\u0119 druga edycja targ\u00f3w kariery EDU OFFSHORE WIND skierowanych g\u0142\u00f3wnie do m\u0142odzie\u017cy szkolnej i student\u00f3w. Tegorocznej edycji towarzyszy\u0142o has\u0142o \u201eZara\u017camy pasj\u0105 do zielonej energetyki\u201d. Miernikiem sukcesu wydarzenia jest przede wszystkim entuzjazm i ogromne zainteresowanie tematyk\u0105 transformacji energetycznej ze strony m\u0142odych ludzi, szk\u00f3\u0142 i uczelni, kt\u00f3rzy byli obecni w halach wystawowych Amber Expo w Gda\u0144sku w dniach 5-6 marca. BalticWind.EU od pocz\u0105tku inicjatywy jest strategicznym partnerem medialnym wydarzenia.<\/strong><\/p>\n<p>Targi zgromadzi\u0142y ponad 120 wystawc\u00f3w reprezentuj\u0105cych r\u00f3\u017cne etapy \u0142a\u0144cucha dostaw dla bran\u017cy morskiej energetyki wiatrowej. To unikalne na skal\u0119 europejsk\u0105 wydarzenie o nadrz\u0119dnym celu edukacji w zakresie zeroemisyjnych technologii i prezentacji \u015bcie\u017cek kariery w sektorze offshore. Wydarzenie po raz kolejny spotka\u0142o si\u0119 z bardzo dobrym przyj\u0119ciem firm tej bran\u017cy oraz \u015brodowisk edukacyjnych i szkolnictwa, b\u0119d\u0105c odpowiedzi\u0105 na rosn\u0105ce potrzeby zwi\u0105zane z zatrudnieniem w tej bran\u017cy.<\/p>\n<div id=\"attachment_37203\" style=\"width: 410px\" class=\"wp-caption alignright\"><img aria-describedby=\"caption-attachment-37203\" decoding=\"async\" class=\"wp-image-37203 size-fusion-400\" src=\"https:\/\/balticwind.eu\/wp-content\/uploads\/2024\/03\/EduOffshoreWind2024_2-400x267.jpeg\" alt=\"EduOffshoreWind2024. Source: Luminaris\" width=\"400\" height=\"267\" srcset=\"https:\/\/balticwind.eu\/wp-content\/uploads\/2024\/03\/EduOffshoreWind2024_2-200x133.jpeg 200w, https:\/\/balticwind.eu\/wp-content\/uploads\/2024\/03\/EduOffshoreWind2024_2-300x200.jpeg 300w, https:\/\/balticwind.eu\/wp-content\/uploads\/2024\/03\/EduOffshoreWind2024_2-400x267.jpeg 400w, https:\/\/balticwind.eu\/wp-content\/uploads\/2024\/03\/EduOffshoreWind2024_2-600x400.jpeg 600w, https:\/\/balticwind.eu\/wp-content\/uploads\/2024\/03\/EduOffshoreWind2024_2-768x512.jpeg 768w, https:\/\/balticwind.eu\/wp-content\/uploads\/2024\/03\/EduOffshoreWind2024_2-800x534.jpeg 800w, https:\/\/balticwind.eu\/wp-content\/uploads\/2024\/03\/EduOffshoreWind2024_2-1024x683.jpeg 1024w, https:\/\/balticwind.eu\/wp-content\/uploads\/2024\/03\/EduOffshoreWind2024_2-1200x800.jpeg 1200w, https:\/\/balticwind.eu\/wp-content\/uploads\/2024\/03\/EduOffshoreWind2024_2-1536x1025.jpeg 1536w\" sizes=\"(max-width: 400px) 100vw, 400px\" \/><p id=\"caption-attachment-37203\" class=\"wp-caption-text\">EduOffshoreWind2024. Source: Luminaris<\/p><\/div>\n<p>W\u015br\u00f3d otwieraj\u0105cych targi byli m.in. przedstawiciele w\u0142adz lokalnych. Mieczys\u0142aw Struk, marsza\u0142ek wojew\u00f3dztwa pomorskiego, podkre\u015bli\u0142, i\u017c bran\u017ca offshore stanowi szans\u0119 rozwoju dla regionu, za\u015b Aleksandra Dulkiewicz, prezydentka Gda\u0144ska, podkre\u015blaj\u0105c wiar\u0119 w moc edukacji i wsp\u00f3\u0142pracy wskaza\u0142a na rosn\u0105c\u0105 potrzeb\u0119 wykwalifikowanych pracownik\u00f3w dla firm, wspieraj\u0105c ide\u0119 EDU OFFSHORE WIND jako elementu konsekwentnie realizowanego programu edukacyjnego. Micha\u0142 Pasieczny, burmistrz miasta Rumi, zwr\u00f3ci\u0142 uwag\u0119 na znaczenie zapewnienia firmom zielonej energii dla sprzeda\u017cy produkt\u00f3w na skal\u0119 Unii Europejskiej co jest zwi\u0105zane z konieczno\u015bci\u0105 wype\u0142niania wymog\u00f3w ESG.<\/p>\n<p>Ma\u0142gosia Bartosik, wiceprezeska Wind Europe podkre\u015bli\u0142a ogromne wyzwania stoj\u0105ce przed sektorem offshore i konieczno\u015b\u0107 instalacji znacznie wi\u0119kszej ilo\u015bci mocy wiatrowych, aby spe\u0142ni\u0107 za\u0142o\u017cenia unijnej strategii przemys\u0142owej Net-Zero Industry Act, by produkcja kluczowych element\u00f3w odbywa\u0142a si\u0119 w Europie. Wspomnia\u0142a tak\u017ce, \u017ce targi EDU OFFSHORE WIND to wyj\u0105tkowa inicjatywa na skal\u0119 kontynentaln\u0105. Za\u015b Stefan Musiolik, sekretarz Baltic Sea States Subregional Conference, podkre\u015bli\u0142 konieczno\u015b\u0107 transgranicznej wsp\u00f3\u0142pracy w offshore nie tylko na poziomie pa\u0144stw, ale tak\u017ce region\u00f3w.<\/p>\n<div id=\"attachment_37206\" style=\"width: 410px\" class=\"wp-caption alignright\"><img aria-describedby=\"caption-attachment-37206\" decoding=\"async\" class=\"wp-image-37206 size-fusion-400\" src=\"https:\/\/balticwind.eu\/wp-content\/uploads\/2024\/03\/EduOffshoreWind2024_3-400x267.jpg\" alt=\"EduOffshoreWind2024. Source: Luminaris\" width=\"400\" height=\"267\" srcset=\"https:\/\/balticwind.eu\/wp-content\/uploads\/2024\/03\/EduOffshoreWind2024_3-200x133.jpg 200w, https:\/\/balticwind.eu\/wp-content\/uploads\/2024\/03\/EduOffshoreWind2024_3-300x200.jpg 300w, https:\/\/balticwind.eu\/wp-content\/uploads\/2024\/03\/EduOffshoreWind2024_3-400x267.jpg 400w, https:\/\/balticwind.eu\/wp-content\/uploads\/2024\/03\/EduOffshoreWind2024_3-600x400.jpg 600w, https:\/\/balticwind.eu\/wp-content\/uploads\/2024\/03\/EduOffshoreWind2024_3-768x512.jpg 768w, https:\/\/balticwind.eu\/wp-content\/uploads\/2024\/03\/EduOffshoreWind2024_3-800x534.jpg 800w, https:\/\/balticwind.eu\/wp-content\/uploads\/2024\/03\/EduOffshoreWind2024_3-1024x683.jpg 1024w, https:\/\/balticwind.eu\/wp-content\/uploads\/2024\/03\/EduOffshoreWind2024_3-1200x800.jpg 1200w, https:\/\/balticwind.eu\/wp-content\/uploads\/2024\/03\/EduOffshoreWind2024_3-1536x1025.jpg 1536w\" sizes=\"(max-width: 400px) 100vw, 400px\" \/><p id=\"caption-attachment-37206\" class=\"wp-caption-text\">EduOffshoreWind2024. Source: Luminaris<\/p><\/div>\n<p>Podczas pierwszego dnia zorganizowano r\u00f3wnie\u017c z\u0142o\u017cenie podpis\u00f3w na karcie, kt\u00f3ra zostanie zamkni\u0119ta w tzw. kapsule czasu i wmurowana podczas budowy fabryki wie\u017c wiatrowych Baltic Towers w Gda\u0144sku. Przy tej okazji szczeg\u00f3\u0142y inwestycji przybli\u017cy\u0142 prezes Baltic Towers Jakub Wnuczy\u0144ski.<\/p>\n<p>W czasie konferencji Pomorskiej Platformy Offshore organizowanej przy okazji targ\u00f3w podpisano tak\u017ce &#8220;Porozumienia dotycz\u0105ce Pomorskiego Partnerstwa na rzecz umiej\u0119tno\u015bci w ramach EU Pact for Skills&#8221;. W podpisaniu uczestniczy\u0142o ponad 30 kluczowych podmiot\u00f3w m.in. organizatorzy i inicjatorzy targ\u00f3w tj. Pomorska Platforma Offshore oraz Pomorskie Centrum Kompetencji Morskiej Energetyki Odnawialnej w Rumi, w\u0142adze samorz\u0105dowe, uczelnie wy\u017csze, organizacje bran\u017cowe, a tak\u017ce firmy z sektora offshore.<\/p>\n<p>Celem Porozumienia jest wzmocnienie w regionie pomorskim zasob\u00f3w w zakresie edukacji i rynku pracy dla rozwoju sektora energetyki odnawialnej ze szczeg\u00f3lnym uwzgl\u0119dnieniem morskiej energetyki wiatrowej zidentyfikowanych jako strategiczne obszary dla realizacji neutralno\u015bci klimatycznej w Unii Europejskiej poprzez dzia\u0142alno\u015b\u0107 na poziomie wojew\u00f3dzkim, krajowym, a tak\u017ce mi\u0119dzynarodowym w ramach wsp\u00f3\u0142pracy w Regionie Morza Ba\u0142tyckiego. Rozwijanie wsp\u00f3\u0142pracy mi\u0119dzynarodowej odbywa\u0107 si\u0119 b\u0119dzie przede wszystkim poprzez wsp\u00f3\u0142prac\u0119 z sieci\u0105 Wsp\u00f3\u0142pracy Subregionalnej Pa\u0144stw Morza Ba\u0142tyckiego (Baltic Sea States Subregional Co-operation,\u00a0BSSSC), kt\u00f3ra jest w\u015br\u00f3d sygnatariuszy wspieraj\u0105cych Porozumienie.<\/p>\n<div id=\"attachment_37209\" style=\"width: 410px\" class=\"wp-caption alignright\"><img aria-describedby=\"caption-attachment-37209\" decoding=\"async\" class=\"wp-image-37209 size-fusion-400\" src=\"https:\/\/balticwind.eu\/wp-content\/uploads\/2024\/03\/EduOffshoreWind2024_4-400x267.jpeg\" alt=\"EduOffshoreWind2024. Source: Luminaris\" width=\"400\" height=\"267\" srcset=\"https:\/\/balticwind.eu\/wp-content\/uploads\/2024\/03\/EduOffshoreWind2024_4-200x133.jpeg 200w, https:\/\/balticwind.eu\/wp-content\/uploads\/2024\/03\/EduOffshoreWind2024_4-300x200.jpeg 300w, https:\/\/balticwind.eu\/wp-content\/uploads\/2024\/03\/EduOffshoreWind2024_4-400x267.jpeg 400w, https:\/\/balticwind.eu\/wp-content\/uploads\/2024\/03\/EduOffshoreWind2024_4-600x400.jpeg 600w, https:\/\/balticwind.eu\/wp-content\/uploads\/2024\/03\/EduOffshoreWind2024_4-768x512.jpeg 768w, https:\/\/balticwind.eu\/wp-content\/uploads\/2024\/03\/EduOffshoreWind2024_4-800x534.jpeg 800w, https:\/\/balticwind.eu\/wp-content\/uploads\/2024\/03\/EduOffshoreWind2024_4-1024x683.jpeg 1024w, https:\/\/balticwind.eu\/wp-content\/uploads\/2024\/03\/EduOffshoreWind2024_4-1200x800.jpeg 1200w, https:\/\/balticwind.eu\/wp-content\/uploads\/2024\/03\/EduOffshoreWind2024_4-1536x1025.jpeg 1536w\" sizes=\"(max-width: 400px) 100vw, 400px\" \/><p id=\"caption-attachment-37209\" class=\"wp-caption-text\">EduOffshoreWind2024. Source: Luminaris<\/p><\/div>\n<p>W czasie targ\u00f3w mo\u017cna by\u0142o zobaczy\u0107 i dotkn\u0105\u0107 wielkogabarytowe elementy konstrukcji morskich farm wiatrowych, uczestniczy\u0107 w warsztatach i pokazach na \u017cywo. Dla m\u0142odych ludzi w jednym miejscu dost\u0119pni byli pracodawcy sektora morskiej energetyki wiatrowej i innych technologii zielonej energetyki. We wsp\u00f3\u0142pracy z Klastrem Technologii Wodorowych zorganizowane zosta\u0142y wodorowe warsztaty \u201eWodorowe Love\u201d &#8211; w ramach mi\u0119dzynarodowego projektu Green Skills for Hydrogen.<\/p>\n<p>W tym roku organizatorzy przygotowali dla odwiedzaj\u0105cych wiele nowo\u015bci w tym mi\u0119dzy innymi Wysp\u0119 Transformacji Energetycznej, stref\u0119 Job Truck, czyli miejsce umo\u017cliwiaj\u0105ce prezentacj\u0119 program\u00f3w praktyk, sta\u017cy oraz ofert pracy. Centralnym punktem by\u0142 FOOD TRUCK s\u0142u\u017c\u0105cy jako JOB WALL, na kt\u00f3rym wystawcy prezentowali swoje oferty. To r\u00f3wnie\u017c warsztaty, pokazy, oraz konkursy skierowane do m\u0142odzie\u017cy z my\u015bl\u0105 o zaszczepieniu w nich pasji do zielonej energetyki.<\/p>\n<p>Edukacyjne Targi Kariery EDU OFFSHORE WIND 2024 poprzedzi\u0142 jak w roku ubieg\u0142ym specjalny program edukacyjny dedykowany dla uczni\u00f3w zainteresowanych tematyk\u0105 morskich farm wiatrowych. W tegorocznej edycji wzi\u0119\u0142o udzia\u0142 ponad 150 szk\u00f3\u0142 z wojew\u00f3dztwa pomorskiego.<\/p>\n<p>Inicjatorami EDU OFFSHORE WIND s\u0105: Pomorska Platforma Rozwoju Morskiej Energetyki Wiatrowej na Ba\u0142tyku oraz Pomorskie Centrum Kompetencji Morskiej Energetyki Odnawialnej w Rumi. Zosta\u0142o ono zorganizowane przez Mi\u0119dzynarodowe Targi Gda\u0144skie S.A., Rumia Invest Park Sp. z o.o., Co-Made Sp. z o.o, oraz Fundacj\u0119 Innowacyjnego Przemys\u0142u Energetyki Morskiej. Za\u015b partnerami g\u0142\u00f3wnymi wydarzenia s\u0105: Samorz\u0105d Wojew\u00f3dztwa Pomorskiego i miasto Gda\u0144sk.<\/p>\n","protected":false},"excerpt":{"rendered":"<p>W Gda\u0144sku zako\u0144czy\u0142a si\u0119 druga edycja targ\u00f3w kariery EDU OFFSHORE WIND skierowanych g\u0142\u00f3wnie do m\u0142odzie\u017cy szkolnej i student\u00f3w. Tegorocznej edycji towarzyszy\u0142o has\u0142o \u201eZara\u017camy pasj\u0105 do zielonej energetyki\u201d. Miernikiem sukcesu wydarzenia jest przede wszystkim entuzjazm i ogromne zainteresowanie tematyk\u0105 transformacji energetycznej ze strony m\u0142odych ludzi, szk\u00f3\u0142 i uczelni, kt\u00f3rzy byli obecni w halach wystawowych Amber Expo [&hellip;]<\/p>\n","protected":false},"author":8,"featured_media":37200,"comment_status":"closed","ping_status":"closed","sticky":false,"template":"","format":"standard","meta":[],"categories":[1990,137,164,142,2010],"tags":[],"acf":[],"_links":{"self":[{"href":"https:\/\/balticwind.eu\/pl\/wp-json\/wp\/v2\/posts\/37195"}],"collection":[{"href":"https:\/\/balticwind.eu\/pl\/wp-json\/wp\/v2\/posts"}],"about":[{"href":"https:\/\/balticwind.eu\/pl\/wp-json\/wp\/v2\/types\/post"}],"author":[{"embeddable":true,"href":"https:\/\/balticwind.eu\/pl\/wp-json\/wp\/v2\/users\/8"}],"replies":[{"embeddable":true,"href":"https:\/\/balticwind.eu\/pl\/wp-json\/wp\/v2\/comments?post=37195"}],"version-history":[{"count":0,"href":"https:\/\/balticwind.eu\/pl\/wp-json\/wp\/v2\/posts\/37195\/revisions"}],"wp:featuredmedia":[{"embeddable":true,"href":"https:\/\/balticwind.eu\/pl\/wp-json\/wp\/v2\/media\/37200"}],"wp:attachment":[{"href":"https:\/\/balticwind.eu\/pl\/wp-json\/wp\/v2\/media?parent=37195"}],"wp:term":[{"taxonomy":"category","embeddable":true,"href":"https:\/\/balticwind.eu\/pl\/wp-json\/wp\/v2\/categories?post=37195"},{"taxonomy":"post_tag","embeddable":true,"href":"https:\/\/balticwind.eu\/pl\/wp-json\/wp\/v2\/tags?post=37195"}],"curies":[{"name":"wp","href":"https:\/\/api.w.org\/{rel}","templated":true}]}}