{"id":37967,"date":"2024-03-22T18:45:43","date_gmt":"2024-03-22T17:45:43","guid":{"rendered":"https:\/\/balticwind.eu\/?p=37967"},"modified":"2024-03-22T18:45:43","modified_gmt":"2024-03-22T17:45:43","slug":"kfw-capital-i-ignitis-group-dolaczaja-do-world-fund-aby-zainwestowac-300-mln-euro-w-zalozycieli-z-branzy-klimatycznej","status":"publish","type":"post","link":"https:\/\/balticwind.eu\/pl\/kfw-capital-i-ignitis-group-dolaczaja-do-world-fund-aby-zainwestowac-300-mln-euro-w-zalozycieli-z-branzy-klimatycznej\/","title":{"rendered":"KfW Capital i Ignitis Group do\u0142\u0105czaj\u0105 do World Fund, aby zainwestowa\u0107 300 mln euro w za\u0142o\u017cycieli z bran\u017cy klimatycznej"},"content":{"rendered":"<p><strong>World Fund, europejski fundusz venture capital skoncentrowany na klimacie, og\u0142osi\u0142, \u017ce pozyska\u0142 kolejne ponad 50 milion\u00f3w euro od instytucjonalnych LP. Nowi inwestorzy do\u0142\u0105czaj\u0105cy do przedsi\u0119wzi\u0119cia to KfW Capital oraz Ignitis Group.<\/strong><\/p>\n<p>Ignitis Group, zaanga\u017cowana w ulepszanie swojej strategii net-zero, postrzega inwestycje venture w technologie klimatyczne jako kluczowe. <strong>Darius Maik\u0161t\u0117nas, CEO Ignitis Group, stwierdzi\u0142<\/strong>: &#8220;Wyra\u017anie widzimy, \u017ce ta klasa aktyw\u00f3w ma kluczowe znaczenie dla sektora energetycznego, aby osi\u0105gn\u0105\u0107 cele klimatyczne UE i naszej strategii, a tak\u017ce utrzyma\u0107 przewag\u0119 konkurencyjn\u0105&#8221;.<\/p>\n<p><strong>Daria Saharova, jedna z za\u0142o\u017cycielek World Fund, doda\u0142a<\/strong>: &#8220;Postrzegamy to jako silny sygna\u0142 dla technologii klimatycznych w Europie, zw\u0142aszcza w kontek\u015bcie spowolnienia kapita\u0142u wysokiego ryzyka&#8221;.<\/p>\n<p>Pomimo tej pozytywnej dynamiki, poziom inwestycji w sektorze technologii klimatycznych nadal jest ni\u017cszy od tego, co jest potrzebne do osi\u0105gni\u0119cia europejskich cel\u00f3w w zakresie emisji. Wed\u0142ug danych BloombergNEF, wielko\u015b\u0107 finansowania musi pilnie wzrosn\u0105\u0107 o 590% rocznie do 4,35 bln USD rocznie. World Fund pozostaje zaanga\u017cowany w promowanie zwi\u0119kszonego zaanga\u017cowania rz\u0105d\u00f3w, LP i VC w celu wype\u0142nienia tej luki.<\/p>\n<p>Za\u0142o\u017cony przez zesp\u00f3\u0142 ekspert\u00f3w z r\u00f3\u017cnych dyscyplin naukowych, World Fund koncentruje si\u0119 na inwestowaniu w europejskie technologie o znacz\u0105cym potencjale klimatycznym. Fundusz jest zaanga\u017cowany we wspieranie przedsi\u0119biorc\u00f3w, kt\u00f3rzy opracowuj\u0105 technologie dla regeneruj\u0105cego si\u0119 \u015bwiata.<\/p>\n","protected":false},"excerpt":{"rendered":"<p>World Fund, europejski fundusz venture capital skoncentrowany na klimacie, og\u0142osi\u0142, \u017ce pozyska\u0142 kolejne ponad 50 milion\u00f3w euro od instytucjonalnych LP. Nowi inwestorzy do\u0142\u0105czaj\u0105cy do przedsi\u0119wzi\u0119cia to KfW Capital oraz Ignitis Group. Ignitis Group, zaanga\u017cowana w ulepszanie swojej strategii net-zero, postrzega inwestycje venture w technologie klimatyczne jako kluczowe. Darius Maik\u0161t\u0117nas, CEO Ignitis Group, stwierdzi\u0142: &#8220;Wyra\u017anie widzimy, [&hellip;]<\/p>\n","protected":false},"author":13,"featured_media":37961,"comment_status":"closed","ping_status":"closed","sticky":false,"template":"","format":"standard","meta":[],"categories":[137],"tags":[],"acf":[],"_links":{"self":[{"href":"https:\/\/balticwind.eu\/pl\/wp-json\/wp\/v2\/posts\/37967"}],"collection":[{"href":"https:\/\/balticwind.eu\/pl\/wp-json\/wp\/v2\/posts"}],"about":[{"href":"https:\/\/balticwind.eu\/pl\/wp-json\/wp\/v2\/types\/post"}],"author":[{"embeddable":true,"href":"https:\/\/balticwind.eu\/pl\/wp-json\/wp\/v2\/users\/13"}],"replies":[{"embeddable":true,"href":"https:\/\/balticwind.eu\/pl\/wp-json\/wp\/v2\/comments?post=37967"}],"version-history":[{"count":0,"href":"https:\/\/balticwind.eu\/pl\/wp-json\/wp\/v2\/posts\/37967\/revisions"}],"wp:featuredmedia":[{"embeddable":true,"href":"https:\/\/balticwind.eu\/pl\/wp-json\/wp\/v2\/media\/37961"}],"wp:attachment":[{"href":"https:\/\/balticwind.eu\/pl\/wp-json\/wp\/v2\/media?parent=37967"}],"wp:term":[{"taxonomy":"category","embeddable":true,"href":"https:\/\/balticwind.eu\/pl\/wp-json\/wp\/v2\/categories?post=37967"},{"taxonomy":"post_tag","embeddable":true,"href":"https:\/\/balticwind.eu\/pl\/wp-json\/wp\/v2\/tags?post=37967"}],"curies":[{"name":"wp","href":"https:\/\/api.w.org\/{rel}","templated":true}]}}