{"id":38085,"date":"2024-03-17T06:35:40","date_gmt":"2024-03-17T05:35:40","guid":{"rendered":"https:\/\/balticwind.eu\/?p=38085"},"modified":"2024-06-13T10:38:48","modified_gmt":"2024-06-13T08:38:48","slug":"pomorskie-centrum-kompetencji-morskiej-energetyki-odnawialnej","status":"publish","type":"post","link":"https:\/\/balticwind.eu\/pl\/pomorskie-centrum-kompetencji-morskiej-energetyki-odnawialnej\/","title":{"rendered":"PCK MEO w Rumi"},"content":{"rendered":"<div class=\"fusion-fullwidth fullwidth-box fusion-builder-row-1 fusion-flex-container nonhundred-percent-fullwidth non-hundred-percent-height-scrolling\" style=\"background-color: rgba(255,255,255,0);background-position: center center;background-repeat: no-repeat;border-width: 0px 0px 0px 0px;border-color:#eaeaea;border-style:solid;\" ><div class=\"fusion-builder-row fusion-row fusion-flex-align-items-flex-start\" style=\"max-width:1289.6px;margin-left: calc(-4% \/ 2 );margin-right: calc(-4% \/ 2 );\"><div class=\"fusion-layout-column fusion_builder_column fusion-builder-column-0 fusion_builder_column_1_1 1_1 fusion-flex-column\"><div class=\"fusion-column-wrapper fusion-flex-justify-content-flex-start fusion-content-layout-column\" style=\"background-position:left top;background-repeat:no-repeat;-webkit-background-size:cover;-moz-background-size:cover;-o-background-size:cover;background-size:cover;padding: 0px 0px 0px 0px;\"><div class=\"fusion-text fusion-text-1\"><p class=\"cvGsUA direction-ltr align-start para-style-title\"><span class=\"OYPEnA text-decoration-none text-strikethrough-none\">Pomorskie Centrum Kompetencji Morskiej Energetyki Odnawialnej w Rumi<\/span><span class=\"OYPEnA text-decoration-none text-strikethrough-none\"> jest jednym ze strategicznych przedsi\u0119wzi\u0119\u0107 Strategii Rozwoju Wojew\u00f3dztwa Pomorskiego 2030\u00a0<\/span><span class=\"OYPEnA text-decoration-none text-strikethrough-none\">uj\u0119tych w Regionalnym Programie Strategicznym w zakresie gospodarki, rynku pracy, oferty turystycznej\u00a0<\/span><span class=\"OYPEnA text-decoration-none text-strikethrough-none\">i czasu wolnego oraz w strategii Inteligentnych Specjalizacji Pomorza.<\/span><\/p>\n<p class=\"cvGsUA direction-ltr align-start para-style-title\"><span class=\"OYPEnA text-decoration-none text-strikethrough-none\">Projekt zosta\u0142 zainicjowany przez sp\u00f3\u0142k\u0119 <\/span><strong><span class=\"OYPEnA text-decoration-none text-strikethrough-none\">Rumia Invest Park<\/span><\/strong><span class=\"OYPEnA text-decoration-none text-strikethrough-none\"> wraz\u00a0<\/span><span class=\"OYPEnA text-decoration-none text-strikethrough-none\">z inicjatyw\u0105 powo\u0142ania Pomorskiej Platformy Offshore w 2020 roku.<\/span><\/p>\n<p class=\"cvGsUA direction-ltr align-start para-style-title\"><strong><span class=\"OYPEnA text-decoration-none text-strikethrough-none\">G\u0142\u00f3wne cele powstania Centrum Kompetencji:<\/span><\/strong><\/p>\n<ul>\n<li><span class=\"OYPEnA text-decoration-none text-strikethrough-none\">ograniczenie luki kompetencyjnej na regionalnym rynku pracy, kt\u00f3ra stanowi barier\u0119 w szybkim rozwoju morskiej energetyki odnawialnej<\/span> <span class=\"OYPEnA text-decoration-none text-strikethrough-none\">w wojew\u00f3dztwie pomorskim,<\/span><\/li>\n<li><span class=\"OYPEnA text-decoration-none text-strikethrough-none\">edukacja i popularyzacja wiedzy na temat offshore, zielonej energetyki w tym technologii wodorowych,<\/span><\/li>\n<li><span class=\"OYPEnA text-decoration-none text-strikethrough-none\">wsp\u00f3\u0142praca z r\u00f3\u017cnymi grupami interesariuszy (edukacja, nauka, biznes) poprzez konsolidacj\u0119 inicjatyw regionalnych na rzecz edukacji i rozwoju kwalifikacji.<\/span><\/li>\n<\/ul>\n<p class=\"cvGsUA direction-ltr align-start para-style-title\"><strong><span class=\"OYPEnA text-decoration-none text-strikethrough-none\">W\u015br\u00f3d zrealizowanych zada\u0144 s\u0105:<\/span><\/strong><\/p>\n<ul>\n<li><span class=\"OYPEnA text-decoration-none text-strikethrough-none\">opracowanie analizy stanu szkolnictwa zawodowego w 8 powiatach woj. pomorskiego pod k\u0105tem przygotowania szk\u00f3\u0142 dla sektora morskiej energetyki wiatrowej,<\/span><\/li>\n<li><span class=\"OYPEnA text-decoration-none text-strikethrough-none\">organizacja I i II edycji edukacyjnych targ\u00f3w kariery<\/span> <span class=\"OYPEnA text-decoration-none text-strikethrough-none\">EDU OFFSHORE WIND. \u0141\u0105cznie obie edycje odwiedzi\u0142o ponad 16.000 uczni\u00f3w, student\u00f3w, go\u015bci i wystawc\u00f3w. Zosta\u0142y one poprzedzone programem edukacyjnym dla szk\u00f3\u0142, ponad-podstawowych oraz uczelni w woj. pomorskim<\/span><\/li>\n<li><span class=\"OYPEnA text-decoration-none text-strikethrough-none\">przeprowadzenie warsztat\u00f3w edukacyjnych w 8 szko\u0142ach podstawowych w Rumi na temat MEW i rozwoju kompetencji w tym sektorze, w kt\u00f3rych uczestniczy\u0142o ok. 650 uczni\u00f3w,<\/span><\/li>\n<li><span class=\"OYPEnA text-decoration-none text-strikethrough-none\">prezentacja koncepcji i zrealizowanych projekt\u00f3w przez PCK MEO w czasie Tygodnia Zr\u00f3wnowa\u017conego Rozwoju 2023 (<\/span><span class=\"OYPEnA text-decoration-none text-strikethrough-none\">European Sustainable Energy Week 2023<\/span><span class=\"OYPEnA text-decoration-none text-strikethrough-none\">) w Brukseli,<\/span><\/li>\n<li><span class=\"OYPEnA text-decoration-none text-strikethrough-none\">opracowanie koncepcji programu edukacyjnego dla szk\u00f3\u0142 woj. pomorskiego \u2018Energia wiatru-Energia wolno\u015bci\u2019 dofinasowanego ze \u015brodk\u00f3w Wojew\u00f3dzkiego Funduszu Ochrony \u015arodowiska i Gospodarki Wodnej. Realizacja programu w okresie stycze\u0144-marzec 2024 w 15 szko\u0142ach: w Rumi, S\u0142upsku, L\u0119borku i Ustce.<\/span><\/li>\n<\/ul>\n<p class=\"cvGsUA direction-ltr align-start para-style-title\"><a href=\"http:\/\/www.offshore-pomerania.com\"><span class=\"OYPEnA text-decoration-none text-strikethrough-none\">www.offshore-pomerania.com<\/span><\/a><\/p>\n<p class=\"cvGsUA direction-ltr align-start para-style-title\"><a href=\"http:\/\/www.rumiainvest.pl\"><span class=\"OYPEnA text-decoration-none text-strikethrough-none\">www.rumiainvest.pl<\/span><\/a><\/p>\n<\/div><\/div><style type=\"text\/css\">.fusion-body .fusion-builder-column-0{width:100% !important;margin-top : 0px;margin-bottom : 0px;}.fusion-builder-column-0 > .fusion-column-wrapper {padding-top : 0px !important;padding-right : 0px !important;margin-right : 1.92%;padding-bottom : 0px !important;padding-left : 0px !important;margin-left : 1.92%;}@media only screen and (max-width:1024px) {.fusion-body .fusion-builder-column-0{width:100% !important;}.fusion-builder-column-0 > .fusion-column-wrapper {margin-right : 1.92%;margin-left : 1.92%;}}@media only screen and (max-width:640px) {.fusion-body .fusion-builder-column-0{width:100% !important;}.fusion-builder-column-0 > .fusion-column-wrapper {margin-right : 1.92%;margin-left : 1.92%;}}<\/style><\/div><\/div><style type=\"text\/css\">.fusion-body .fusion-flex-container.fusion-builder-row-1{ padding-top : 0px;margin-top : 0px;padding-right : 0px;padding-bottom : 0px;margin-bottom : 0px;padding-left : 0px;}<\/style><\/div>\n","protected":false},"excerpt":{"rendered":"","protected":false},"author":8,"featured_media":38088,"comment_status":"closed","ping_status":"closed","sticky":false,"template":"","format":"standard","meta":[],"categories":[2021],"tags":[],"acf":[],"_links":{"self":[{"href":"https:\/\/balticwind.eu\/pl\/wp-json\/wp\/v2\/posts\/38085"}],"collection":[{"href":"https:\/\/balticwind.eu\/pl\/wp-json\/wp\/v2\/posts"}],"about":[{"href":"https:\/\/balticwind.eu\/pl\/wp-json\/wp\/v2\/types\/post"}],"author":[{"embeddable":true,"href":"https:\/\/balticwind.eu\/pl\/wp-json\/wp\/v2\/users\/8"}],"replies":[{"embeddable":true,"href":"https:\/\/balticwind.eu\/pl\/wp-json\/wp\/v2\/comments?post=38085"}],"version-history":[{"count":0,"href":"https:\/\/balticwind.eu\/pl\/wp-json\/wp\/v2\/posts\/38085\/revisions"}],"wp:featuredmedia":[{"embeddable":true,"href":"https:\/\/balticwind.eu\/pl\/wp-json\/wp\/v2\/media\/38088"}],"wp:attachment":[{"href":"https:\/\/balticwind.eu\/pl\/wp-json\/wp\/v2\/media?parent=38085"}],"wp:term":[{"taxonomy":"category","embeddable":true,"href":"https:\/\/balticwind.eu\/pl\/wp-json\/wp\/v2\/categories?post=38085"},{"taxonomy":"post_tag","embeddable":true,"href":"https:\/\/balticwind.eu\/pl\/wp-json\/wp\/v2\/tags?post=38085"}],"curies":[{"name":"wp","href":"https:\/\/api.w.org\/{rel}","templated":true}]}}