{"id":38453,"date":"2024-04-26T12:59:21","date_gmt":"2024-04-26T10:59:21","guid":{"rendered":"https:\/\/balticwind.eu\/?p=38453"},"modified":"2024-04-26T12:59:21","modified_gmt":"2024-04-26T10:59:21","slug":"w-rydze-odbylo-sie-wydarzenie-z-okazji-50-lecia-wspolpracy-na-rzecz-ochrony-srodowiska-morza-baltyckiego","status":"publish","type":"post","link":"https:\/\/balticwind.eu\/pl\/w-rydze-odbylo-sie-wydarzenie-z-okazji-50-lecia-wspolpracy-na-rzecz-ochrony-srodowiska-morza-baltyckiego\/","title":{"rendered":"W Rydze odby\u0142o si\u0119 wydarzenie z okazji 50-lecia wsp\u00f3\u0142pracy na rzecz ochrony \u015brodowiska Morza Ba\u0142tyckiego"},"content":{"rendered":"<p><strong>25 kwietnia 2024 r. w Rydze na \u0141otwie mia\u0142 miejsce wa\u017cny moment w dyplomacji \u015brodowiskowej &#8211; obchody 50-lecia Komisji Helsi\u0144skiej (HELCOM), mi\u0119dzyrz\u0105dowej organizacji zajmuj\u0105cej si\u0119 ochron\u0105 Morza Ba\u0142tyckiego. Ten z\u0142oty jubileusz, kt\u00f3ry odby\u0142 si\u0119 w Bibliotece Narodowej \u0141otwy, podkre\u015bli\u0142 trwa\u0142e zaanga\u017cowanie kraj\u00f3w ba\u0142tyckich i ich partner\u00f3w w ochron\u0119 \u015brodowiska morskiego.<\/strong><\/p>\n<p>Wydarzenie zainaugurowa\u0142a \u0142otewska minister \u015brodowiska Inga B\u0113rzi\u0146a, wraz z fi\u0144skim ministrem \u015brodowiska Kaiem Mykk\u00e4nenem. Dzie\u0144 rozpocz\u0105\u0142 si\u0119 od spotkania ministerialnego, na kt\u00f3rym podkre\u015blono bie\u017c\u0105ce i przysz\u0142e zobowi\u0105zania dotycz\u0105ce zdrowia \u015brodowiskowego Morza Ba\u0142tyckiego.<\/p>\n<p>W\u015br\u00f3d wybitnych m\u00f3wc\u00f3w znalaz\u0142 si\u0119 Pekka Haavisto, cz\u0142onek parlamentu Finlandii, kt\u00f3ry wyg\u0142osi\u0142 przem\u00f3wienie inauguracyjne skupiaj\u0105ce si\u0119 na bezpiecze\u0144stwie regionalnym i stabilno\u015bci \u015brodowiska w obliczu obecnych napi\u0119\u0107 geopolitycznych. Dodatkowe spostrze\u017cenia przedstawili Karen Ellemann, Sekretarz Generalna Nordyckiej Rady Ministr\u00f3w, oraz Alan Haynie, Sekretarz Generalny Mi\u0119dzynarodowej Rady Bada\u0144 Morza, podkre\u015blaj\u0105c potrzeb\u0119 wsp\u00f3lnych, trwa\u0142ych wysi\u0142k\u00f3w w celu sprostania wyzwaniom \u015brodowiskowym.<\/p>\n<p>R\u00f3wnoleg\u0142e wydarzenie &#8220;Waves of Change&#8221;, zorganizowane przez Koalicj\u0119 Czystego Ba\u0142tyku i WWF 24 kwietnia, przygotowa\u0142o grunt pod dyskusj\u0119 na temat innowacyjnych strategii przyspieszenia dzia\u0142a\u0144 na rzecz \u015brodowiska i finansowania w regionie.<\/p>\n<div class=\"video-shortcode\">\n<blockquote class=\"twitter-tweet\" data-width=\"550\" data-dnt=\"true\">\n<p lang=\"en\" dir=\"ltr\">\ud83e\udd73\u202fHELCOM\u2019s 50th Anniversary celebration is here!\u202f\ud83e\udd73\u00a0<\/p>\n<p>Today, HELCOM&#39;s cherished friends and family will gather at the National Library of Latvia in Riga, to reflect on the past five decades of remarkable Baltic Sea collaboration!\u00a0\ud83c\udf0d <a href=\"https:\/\/t.co\/S4Whfodt2u\">pic.twitter.com\/S4Whfodt2u<\/a><\/p>\n<p>&mdash; HELCOM &#8211; the Helsinki Commission (@HELCOMInfo) <a href=\"https:\/\/twitter.com\/HELCOMInfo\/status\/1783398669753978960?ref_src=twsrc%5Etfw\">April 25, 2024<\/a><\/p><\/blockquote>\n<p><script async src=\"https:\/\/platform.twitter.com\/widgets.js\" charset=\"utf-8\"><\/script><\/div>\n<p>Uroczysto\u015b\u0107 pos\u0142u\u017cy\u0142a r\u00f3wnie\u017c jako platforma do refleksji nad osi\u0105gni\u0119ciami HELCOM i wyzwaniami, przed kt\u00f3rymi stan\u0119\u0142a w ci\u0105gu ostatnich pi\u0119ciu dekad. Komisja, ustanowiona wraz z Konwencj\u0105 Helsi\u0144sk\u0105 z 1974 r., odegra\u0142a kluczow\u0105 rol\u0119 we w\u0142\u0105czaniu kwestii \u015brodowiskowych do szerszej agendy politycznej, czyni\u0105c j\u0105 kamieniem w\u0119gielnym wsp\u00f3\u0142pracy regionalnej w regionie Morza Ba\u0142tyckiego.<\/p>\n<p>W miar\u0119 jak HELCOM wkracza w swoje kolejne p\u00f3\u0142wiecze, duch wsp\u00f3\u0142pracy i po\u015bwi\u0119cenia dla dobra Morza Ba\u0142tyckiego pozostaje silny, demonstruj\u0105c zbiorow\u0105 determinacj\u0119, aby zapewni\u0107 jego zachowanie dla przysz\u0142ych pokole\u0144. Wydarzenia w Rydze nie tylko uczci\u0142y wcze\u015bniejsze sukcesy, ale tak\u017ce odnowi\u0142y zobowi\u0105zania do lepszego zarz\u0105dzania \u015brodowiskiem jednego z najbardziej cenionych \u015brodowisk morskich w Europie, Morza Ba\u0142tyckiego.<\/p>\n","protected":false},"excerpt":{"rendered":"<p>25 kwietnia 2024 r. w Rydze na \u0141otwie mia\u0142 miejsce wa\u017cny moment w dyplomacji \u015brodowiskowej &#8211; obchody 50-lecia Komisji Helsi\u0144skiej (HELCOM), mi\u0119dzyrz\u0105dowej organizacji zajmuj\u0105cej si\u0119 ochron\u0105 Morza Ba\u0142tyckiego. Ten z\u0142oty jubileusz, kt\u00f3ry odby\u0142 si\u0119 w Bibliotece Narodowej \u0141otwy, podkre\u015bli\u0142 trwa\u0142e zaanga\u017cowanie kraj\u00f3w ba\u0142tyckich i ich partner\u00f3w w ochron\u0119 \u015brodowiska morskiego. Wydarzenie zainaugurowa\u0142a \u0142otewska minister \u015brodowiska [&hellip;]<\/p>\n","protected":false},"author":13,"featured_media":38446,"comment_status":"closed","ping_status":"closed","sticky":false,"template":"","format":"standard","meta":[],"categories":[171,137],"tags":[],"acf":[],"_links":{"self":[{"href":"https:\/\/balticwind.eu\/pl\/wp-json\/wp\/v2\/posts\/38453"}],"collection":[{"href":"https:\/\/balticwind.eu\/pl\/wp-json\/wp\/v2\/posts"}],"about":[{"href":"https:\/\/balticwind.eu\/pl\/wp-json\/wp\/v2\/types\/post"}],"author":[{"embeddable":true,"href":"https:\/\/balticwind.eu\/pl\/wp-json\/wp\/v2\/users\/13"}],"replies":[{"embeddable":true,"href":"https:\/\/balticwind.eu\/pl\/wp-json\/wp\/v2\/comments?post=38453"}],"version-history":[{"count":0,"href":"https:\/\/balticwind.eu\/pl\/wp-json\/wp\/v2\/posts\/38453\/revisions"}],"wp:featuredmedia":[{"embeddable":true,"href":"https:\/\/balticwind.eu\/pl\/wp-json\/wp\/v2\/media\/38446"}],"wp:attachment":[{"href":"https:\/\/balticwind.eu\/pl\/wp-json\/wp\/v2\/media?parent=38453"}],"wp:term":[{"taxonomy":"category","embeddable":true,"href":"https:\/\/balticwind.eu\/pl\/wp-json\/wp\/v2\/categories?post=38453"},{"taxonomy":"post_tag","embeddable":true,"href":"https:\/\/balticwind.eu\/pl\/wp-json\/wp\/v2\/tags?post=38453"}],"curies":[{"name":"wp","href":"https:\/\/api.w.org\/{rel}","templated":true}]}}