{"id":38615,"date":"2024-04-09T00:03:07","date_gmt":"2024-04-08T22:03:07","guid":{"rendered":"https:\/\/balticwind.eu\/rowerem-dla-klimatu-wywiad-z-organizatorami-climate-classic-poland\/"},"modified":"2024-05-13T00:05:10","modified_gmt":"2024-05-12T22:05:10","slug":"rowerem-dla-klimatu-wywiad-z-organizatorami-climate-classic-poland","status":"publish","type":"post","link":"https:\/\/balticwind.eu\/pl\/rowerem-dla-klimatu-wywiad-z-organizatorami-climate-classic-poland\/","title":{"rendered":"Rowerem dla Klimatu: Wywiad z Organizatorami Climate Classic Poland"},"content":{"rendered":"<p><em>Poni\u017cszy wywiad zosta\u0142 przeprowadzony w j\u0119zyku angielskim. Poni\u017csza wersja jest t\u0142umaczeniem oryginalnej rozmowy. <\/em><\/p>\n<p><strong>Nieco ponad miesi\u0105c pozosta\u0142 do drugiej edycji rajdu rowerowego Climate Classic Poland. Korzystaj\u0105c z okazji, \u017ce jako Baltic Wind jeste\u015bmy partnerem medialnym wydarzenia, usiad\u0142em z trzema wolontariuszami stoj\u0105cymi za inicjatyw\u0105 Dominikiem Gajerskim, Dominikiem Piotrowskim i Piotrem Rapaczem na pogaw\u0119dk\u0119. <\/strong><\/p>\n<p><strong>Moim celem w tej rozmowie by\u0142o dowiedzenie si\u0119, jaki jest cel tej inicjatywy, ale tak\u017ce czy faktycznie przynosi ona wymierne, zauwa\u017calne efekty. Rajdy Climate Classic s\u0105 organizowane w Holandii, Belgii, Francji i W\u0142oszech, aby zjednoczy\u0107 rowerzyst\u00f3w i zwr\u00f3ci\u0107 uwag\u0119 na problem podnoszenia si\u0119 poziomu m\u00f3rz w wyniku ocieplenia klimatu i topnienia lodowc\u00f3w. Uczestnicy rajd\u00f3w Climate Classic przejechali ju\u017c setki kilometr\u00f3w trasami, kt\u00f3re stan\u0105 si\u0119 nowymi liniami brzegowymi Europy, je\u015bli zmiany klimatyczne b\u0119d\u0105 post\u0119powa\u0107 w obecnym tempie. W przypadku pierwszej polskiej edycji rajdu w 2023 roku, blisko 350 rowerzyst\u00f3w wystartowa\u0142o z Gda\u0144ska i przejecha\u0142o przez \u017bu\u0142awy Wi\u015blane, region Pomorza, kt\u00f3ry cz\u0119\u015bciowo znajduje si\u0119 poni\u017cej poziomu morza i jest jednym z najbardziej zagro\u017conych podnosz\u0105cym si\u0119 poziomem morza.<\/strong><\/p>\n<p><b>Dominik, Piotr i Dominik. Dzi\u0119kuj\u0119 za spotkanie. Czy mo\u017cecie opowiedzie\u0107 nam o celach i misji rajdu rowerowego Climate Classic?<\/b><\/p>\n<p><span style=\"font-weight: 400;\">Tak, rajdy rowerowe Climate Classic, zainicjowane przez fundacj\u0119 Cycling 4 Climate za\u0142o\u017con\u0105 w Holandii w 2019 roku, maj\u0105 na celu zjednoczenie spo\u0142eczno\u015bci rowerowej, aby zwr\u00f3ci\u0107 uwag\u0119 na negatywne konsekwencje zmian klimatu i zmobilizowa\u0107 jednostki do podj\u0119cia konkretnych dzia\u0142a\u0144. Ich misj\u0105 jest podnoszenie \u015bwiadomo\u015bci na temat pilnej potrzeby przeciwdzia\u0142ania zmianom klimatycznym i zach\u0119canie zar\u00f3wno uczestnik\u00f3w, jak i szerszego spo\u0142ecze\u0144stwa do przyj\u0119cia bardziej zr\u00f3wnowa\u017conego stylu \u017cycia. Anga\u017cuj\u0105c rowerzyst\u00f3w w trudne trasy, kt\u00f3re symbolizuj\u0105 zbiorowy wysi\u0142ek potrzebny do spowolnienia zmian klimatycznych, wydarzenie promuje osobiste zaanga\u017cowanie w redukcj\u0119 \u015bladu w\u0119glowego i podkre\u015bla si\u0142\u0119 dzia\u0142a\u0144 spo\u0142eczno\u015bci w rozwi\u0105zywaniu kwestii \u015brodowiskowych.<\/span><\/p>\n<p><b>Jak du\u017cym sukcesem zako\u0144czy\u0142a si\u0119 pierwsza edycja wydarzenia w Polsce?<\/b><\/p>\n<p><span style=\"font-weight: 400;\">Sukces pierwszej edycji znacznie przekroczy\u0142 nasze oczekiwania zar\u00f3wno pod wzgl\u0119dem zainteresowania, jak i liczby uczestnik\u00f3w. Blisko 350 uczestnik\u00f3w podj\u0119\u0142o si\u0119 przejazdu przez \u017bu\u0142awy Wi\u015blane. Wsp\u00f3lnie przejechali 50 000 km w ci\u0105gu jednego dnia! Ka\u017cdy uczestnik z\u0142o\u017cy\u0142 osobiste zobowi\u0105zanie do zmniejszenia swojego \u015bladu w\u0119glowego, co demonstruje znacz\u0105ce zbiorowe zaanga\u017cowanie w budowanie \u015bwiadomo\u015bci i dzia\u0142ania na rzecz ochrony \u015brodowiska. Oczywi\u015bcie by\u0142oby zbyt optymistycznie wierzy\u0107, \u017ce ka\u017cdy uczestnik kierowa\u0142 si\u0119 trosk\u0105 o \u015brodowisko i \u017ce zobowi\u0105zania zosta\u0142y wype\u0142nione co do joty. Jednak s\u0105dz\u0105c po rozmowach z du\u017c\u0105 liczb\u0105 rowerzyst\u00f3w, mog\u0119 stwierdzi\u0107, \u017ce uda\u0142o nam si\u0119 sk\u0142oni\u0107 ich do my\u015blenia &#8211; nie tylko o konsekwencjach globalnego ocieplenia, ale tak\u017ce o tym, co mog\u0105 z tym zrobi\u0107. Zak\u0142adaj\u0105c ostro\u017cnie, \u017ce tylko co pi\u0105ty uczestnik wype\u0142ni\u0142 swoje zobowi\u0105zanie, wci\u0105\u017c uda\u0142o nam si\u0119 zmniejszy\u0107 emisj\u0119 CO2 o oko\u0142o 30 ton rocznie! Do wch\u0142oni\u0119cia takiej ilo\u015bci potrzebne by\u0142oby oko\u0142o tysi\u0105ca drzew. <\/span><\/p>\n<p><b>Rajd Climate Classic podkre\u015bla znaczenie redukcji \u015bladu w\u0119glowego. Czy mo\u017cesz wyja\u015bni\u0107, jak to dzia\u0142a w praktyce? W jaki spos\u00f3b uczestnicy mog\u0105 obliczy\u0107 i zobowi\u0105za\u0107 si\u0119 do zmniejszenia swojego \u015bladu w\u0119glowego?<\/b><\/p>\n<p><span style=\"font-weight: 400;\">Uczestnicy rajdu Climate Classic s\u0105 zach\u0119cani do obliczenia swojego \u015bladu w\u0119glowego jako pierwszego kroku w kierunku zrozumienia i zmniejszenia swojego wp\u0142ywu na \u015brodowisko. Nasz partner merytoryczny, Carbon Footprint Foundation, udost\u0119pnia uczestnikom sprytny kalkulator online do obliczania ich indywidualnego \u015bladu w\u0119glowego. Zebrali\u015bmy <\/span><a href=\"https:\/\/climateclassic.pl\/zobowiazanie\/\"><span style=\"font-weight: 400;\">kilka sugestii<\/span><\/a><span style=\"font-weight: 400;\"> obejmuj\u0105cych aspekty codziennego \u017cycia, takie jak zu\u017cycie energii, podr\u00f3\u017ce, dieta i inne, aby pom\u00f3c uczestnikom zdefiniowa\u0107 ich zobowi\u0105zanie. <\/span><\/p>\n<p><b>Czy m\u00f3g\u0142by\u015b podzieli\u0107 si\u0119 kilkoma konkretnymi najlepszymi praktykami promowanymi przez Climate Classic, aby zminimalizowa\u0107 ilo\u015b\u0107 odpad\u00f3w i promowa\u0107 zr\u00f3wnowa\u017cony rozw\u00f3j?<\/b><\/p>\n<p><span style=\"font-weight: 400;\">Nikt nie lubi, gdy m\u00f3wi mu si\u0119, co ma robi\u0107, zw\u0142aszcza gdy musi zrezygnowa\u0107 z rzeczy, kt\u00f3re uwa\u017ca za wygodne lub symbolizuj\u0105ce jego status spo\u0142eczny. Dlatego nie zach\u0119camy ludzi do rewolucji w ich codziennym \u017cyciu, ale staramy si\u0119 pokaza\u0107, \u017ce nawet niewielkie zmiany mog\u0105 co\u015b zmieni\u0107 i \u017ce takie modyfikacje s\u0105 \u0142atwiejsze i mniej bolesne do wdro\u017cenia, ni\u017c mo\u017ce si\u0119 wydawa\u0107 na pierwszy rzut oka. Uczynienie swojego \u017cycia bardziej przyjaznym dla klimatu mo\u017ce mie\u0107 wiele pozytywnych konsekwencji. Nieznaczne obni\u017cenie temperatury w domu b\u0119dzie ledwo zauwa\u017calne, ale mo\u017ce zaoszcz\u0119dzi\u0107 troch\u0119 pieni\u0119dzy. Przygl\u0105daj\u0105c si\u0119 bli\u017cej swojej konsumpcji, prawdopodobnie zdasz sobie spraw\u0119, \u017ce twoja szafa jest ju\u017c pe\u0142na koszul i kurtek i naprawd\u0119 nie potrzebujesz nowej tylko dlatego, \u017ce nowy wz\u00f3r wygl\u0105da tak \u0142adnie. Jazda rowerem do pracy zamiast samochodem z pewno\u015bci\u0105 poprawi kondycj\u0119, a ograniczenie spo\u017cycia mi\u0119sa mo\u017ce przyczyni\u0107 si\u0119 do zdrowszej i bardziej zr\u00f3\u017cnicowanej diety. Wreszcie, wyjazd na wakacje do miejsca, do kt\u00f3rego mo\u017cna dotrze\u0107 poci\u0105giem, mo\u017ce by\u0107 r\u00f3wnie przyjemny, jak odlot na odleg\u0142\u0105 tropikaln\u0105 wysp\u0119 &#8211; i najprawdopodobniej ta\u0144szy. <\/span><\/p>\n<p><b>Jakich nowych inicjatyw lub ulepsze\u0144 mog\u0105 spodziewa\u0107 si\u0119 uczestnicy rajdu Climate Classic w 2024 roku i w jaki spos\u00f3b przyczyniaj\u0105 si\u0119 one do realizacji og\u00f3lnych cel\u00f3w \u015brodowiskowych wydarzenia?<\/b><\/p>\n<p><span style=\"font-weight: 400;\">Przede wszystkim staramy si\u0119 dotrze\u0107 z naszym przekazem do wi\u0119kszej liczby os\u00f3b. Wi\u0105\u017ce si\u0119 to z podniesieniem rangi wydarzenia i stworzeniem atrakcji, kt\u00f3re przyci\u0105gn\u0105 t\u0142umy wi\u0119ksze ni\u017c tylko fani kolarstwa. Tegoroczny rajd rozpocznie si\u0119 z dziedzi\u0144ca <\/span><a href=\"https:\/\/hevelianum.pl\/en\/\"><span style=\"font-weight: 400;\">Hevelianum<\/span><\/a><span style=\"font-weight: 400;\">muzeum popularnonaukowego po\u0142o\u017conego na malowniczym wzg\u00f3rzu w samym sercu Gda\u0144ska. W miasteczku imprezy znajd\u0105 si\u0119 atrakcje i warsztaty dla rodzin uczestnik\u00f3w i m\u0142odzie\u017cy, maj\u0105ce na celu rozbudzenie zami\u0142owania do jazdy na rowerze i dba\u0142o\u015bci o \u015brodowisko. <\/span><\/p>\n<p><b>Wydarzenie takie jak to nie by\u0142oby mo\u017cliwe bez partner\u00f3w i sponsor\u00f3w. W jaki spos\u00f3b wsp\u00f3\u0142pracujecie z partnerami, takimi jak firmy i w\u0142adze lokalne, aby promowa\u0107 \u015bwiadomo\u015b\u0107 ekologiczn\u0105 i zr\u00f3wnowa\u017cony rozw\u00f3j poza samym wydarzeniem?<\/b><\/p>\n<p><span style=\"font-weight: 400;\">Rajd Climate Classic wsp\u00f3\u0142pracuje z wieloma partnerami, w tym firmami, w\u0142adzami lokalnymi i organizacjami ekologicznymi, aby wzmocni\u0107 swoje przes\u0142anie \u015brodowiskowe. Dzi\u0119ki wsp\u00f3\u0142pracy z partnerami strategicznymi, takimi jak InPost i Stowarzyszenia Energetyki Wiatrowej, a tak\u017ce organami samorz\u0105dowymi i fundacjami ekologicznymi, rajd rozszerza sw\u00f3j wp\u0142yw poza samo wydarzenie rowerowe, promuj\u0105c praktyki zr\u00f3wnowa\u017conego rozwoju w\u015br\u00f3d firm i zach\u0119caj\u0105c je do zmniejszenia \u015bladu w\u0119glowego. Partnerstwa te pomagaj\u0105 szerzej rozpowszechnia\u0107 \u015bwiadomo\u015b\u0107 ekologiczn\u0105 i zach\u0119ca\u0107 do zr\u00f3wnowa\u017conych praktyk w szerszej spo\u0142eczno\u015bci.<\/span><\/p>\n<p><span style=\"font-weight: 400;\">We wsp\u00f3\u0142pracy z Tr\u00f3jmiejskim Obszarem Metropolitalnym (Gda\u0144sk-Gdynia-Sopot) rozpocz\u0119li\u015bmy kampani\u0119 informacyjn\u0105 w mediach spo\u0142eczno\u015bciowych skupiaj\u0105c\u0105 si\u0119 na podkre\u015bleniu sposob\u00f3w, w jakie Unia Europejska promuje jazd\u0119 na rowerze. Kolejny zestaw post\u00f3w w mediach spo\u0142eczno\u015bciowych &#8211; ten we wsp\u00f3\u0142pracy z Carbon Footprint Foundation &#8211; koncentruje si\u0119 na praktykach przyjaznych dla \u015brodowiska, takich jak recykling lub dbanie o sprz\u0119t rowerowy w celu przed\u0142u\u017cenia jego u\u017cytkowania. Po zesz\u0142orocznym wydarzeniu nadwy\u017cka z wp\u0142at sponsor\u00f3w zosta\u0142a przekazana lokalnej szkole w celu sfinansowania inicjatyw na rzecz zr\u00f3wnowa\u017conego rozwoju. <\/span><\/p>\n<p><b>Czy mo\u017cecie przedstawi\u0107 logistyczne aspekty organizacji rajdu Climate Classic, szczeg\u00f3lnie pod wzgl\u0119dem zapewnienia minimalnego wp\u0142ywu na \u015brodowisko i maksymalizacji zaanga\u017cowania uczestnik\u00f3w?<\/b><\/p>\n<p><span style=\"font-weight: 400;\">Jeste\u015bmy przekonani, \u017ce nale\u017cy dawa\u0107 przyk\u0142ad i dlatego chcemy, aby \u015blad w\u0119glowy rajdu by\u0142 jak najmniejszy. Zach\u0119camy uczestnik\u00f3w do dojazdu na wydarzenie \u015brodkami transportu publicznego. Symbolicznie, dw\u00f3ch organizator\u00f3w, mieszkaj\u0105cych w Belgii, planuje przejecha\u0107 rowerem 1400 km do Gda\u0144ska, uciele\u015bniaj\u0105c zaanga\u017cowanie imprezy w minimalizacj\u0119 emisji.<\/span><\/p>\n<p><span style=\"font-weight: 400;\">Opieraj\u0105c si\u0119 na do\u015bwiadczeniach zdobytych w ubieg\u0142ym roku, postaramy si\u0119 wyeliminowa\u0107 lub przynajmniej ograniczy\u0107 praktyki, kt\u00f3re nie s\u0105 przyjazne dla \u015brodowiska. Chcemy zminimalizowa\u0107 ilo\u015b\u0107 odpad\u00f3w w wiosce rajdowej i na stacjach paliw, na przyk\u0142ad poprzez zapewnienie wody z kranu zamiast butelek. W wiosce rajdowej nie b\u0119dziemy u\u017cywa\u0107 generatora diesla, ale b\u0119dziemy pobiera\u0107 energi\u0119 elektryczn\u0105 z sieci. Nasz personel pomocniczy na trasie b\u0119dzie je\u017adzi\u0142 motocyklami, kt\u00f3re generuj\u0105 mniej emisji ni\u017c samochody, a tak\u017ce b\u0119dziemy mieli dwa elektryczne samochody serwisowe. Po zako\u0144czeniu rowerzy\u015bci otrzymaj\u0105 wegetaria\u0144ski posi\u0142ek. <\/span><\/p>\n<p><span style=\"font-weight: 400;\">Zgodnie z naszym apelem o rozs\u0105dn\u0105 konsumpcj\u0119, staramy si\u0119 zmniejszy\u0107 ilo\u015b\u0107 produkt\u00f3w potrzebnych do rajdu, zw\u0142aszcza tych, kt\u00f3rych ponowne u\u017cycie jest ma\u0142o prawdopodobne. Oferuj\u0105c znaczn\u0105 zni\u017ck\u0119 na op\u0142at\u0119 startow\u0105, zach\u0119camy uczestnik\u00f3w do korzystania z zesz\u0142orocznych koszulek. Kolarze mieli r\u00f3wnie\u017c mo\u017cliwo\u015b\u0107 nie zamawiania medali i nie b\u0119dziemy drukowa\u0107 numer\u00f3w startowych. Wreszcie, poprosili\u015bmy naszych sponsor\u00f3w, aby nie oferowali uczestnikom komercyjnych gad\u017cet\u00f3w. <\/span><\/p>\n<p><strong>Dzi\u0119kuj\u0119 za rozmow\u0119.<\/strong><\/p>\n<hr \/>\n<p>Osoby zainteresowane udzia\u0142em w tegorocznej edycji mog\u0105 zarejestrowa\u0107 si\u0119 na stronie <a href=\"https:\/\/climateclassic.pl\/\">climateclassic.pl<\/a><\/p>\n","protected":false},"excerpt":{"rendered":"<p>Poni\u017cszy wywiad zosta\u0142 przeprowadzony w j\u0119zyku angielskim. Poni\u017csza wersja jest t\u0142umaczeniem oryginalnej rozmowy. Nieco ponad miesi\u0105c pozosta\u0142 do drugiej edycji rajdu rowerowego Climate Classic Poland. Korzystaj\u0105c z okazji, \u017ce jako Baltic Wind jeste\u015bmy partnerem medialnym wydarzenia, usiad\u0142em z trzema wolontariuszami stoj\u0105cymi za inicjatyw\u0105 Dominikiem Gajerskim, Dominikiem Piotrowskim i Piotrem Rapaczem na pogaw\u0119dk\u0119. Moim celem w [&hellip;]<\/p>\n","protected":false},"author":4,"featured_media":38125,"comment_status":"closed","ping_status":"closed","sticky":false,"template":"","format":"standard","meta":[],"categories":[137],"tags":[],"acf":[],"_links":{"self":[{"href":"https:\/\/balticwind.eu\/pl\/wp-json\/wp\/v2\/posts\/38615"}],"collection":[{"href":"https:\/\/balticwind.eu\/pl\/wp-json\/wp\/v2\/posts"}],"about":[{"href":"https:\/\/balticwind.eu\/pl\/wp-json\/wp\/v2\/types\/post"}],"author":[{"embeddable":true,"href":"https:\/\/balticwind.eu\/pl\/wp-json\/wp\/v2\/users\/4"}],"replies":[{"embeddable":true,"href":"https:\/\/balticwind.eu\/pl\/wp-json\/wp\/v2\/comments?post=38615"}],"version-history":[{"count":0,"href":"https:\/\/balticwind.eu\/pl\/wp-json\/wp\/v2\/posts\/38615\/revisions"}],"wp:featuredmedia":[{"embeddable":true,"href":"https:\/\/balticwind.eu\/pl\/wp-json\/wp\/v2\/media\/38125"}],"wp:attachment":[{"href":"https:\/\/balticwind.eu\/pl\/wp-json\/wp\/v2\/media?parent=38615"}],"wp:term":[{"taxonomy":"category","embeddable":true,"href":"https:\/\/balticwind.eu\/pl\/wp-json\/wp\/v2\/categories?post=38615"},{"taxonomy":"post_tag","embeddable":true,"href":"https:\/\/balticwind.eu\/pl\/wp-json\/wp\/v2\/tags?post=38615"}],"curies":[{"name":"wp","href":"https:\/\/api.w.org\/{rel}","templated":true}]}}