{"id":39334,"date":"2024-06-12T00:06:39","date_gmt":"2024-06-11T22:06:39","guid":{"rendered":"https:\/\/balticwind.eu\/vestas-zabezpiecza-zamowienie-na-moc-72-mw-w-niemczech\/"},"modified":"2024-06-12T00:05:17","modified_gmt":"2024-06-11T22:05:17","slug":"vestas-zabezpiecza-zamowienie-na-moc-72-mw-w-niemczech","status":"publish","type":"post","link":"https:\/\/balticwind.eu\/pl\/vestas-zabezpiecza-zamowienie-na-moc-72-mw-w-niemczech\/","title":{"rendered":"Vestas zabezpiecza zam\u00f3wienie na moc 72 MW w Niemczech"},"content":{"rendered":"<p><strong>Vestas otrzyma\u0142 zam\u00f3wienie na moc 72 MW od Denker &amp; Wulf AG dla projektu energii wiatrowej Holtsee w Szlezwiku-Holsztynie w Niemczech. Vestas dostarczy dziesi\u0119\u0107 turbin wiatrowych V162-7,2 MW. Zam\u00f3wienie obejmuje dostaw\u0119, dostarczenie i uruchomienie turbin.<\/strong><\/p>\n<p>&#8220;To zam\u00f3wienie od klienta Denker &amp; Wulf AG podkre\u015bla wydajn\u0105 technologi\u0119 naszej platformy EnVentus, poniewa\u017c V162-7,2 MW idealnie pasuje do tego miejsca, zapewniaj\u0105c wysok\u0105 roczn\u0105 produkcj\u0119 i doskona\u0142y koszt energii dla naszego klienta&#8221;,<strong> m\u00f3wi Sulai Fahimi, Vice President Sales Central w Vestas<\/strong>. &#8220;Cieszymy si\u0119, \u017ce otrzymali\u015bmy ten projekt i tym samym wznowili\u015bmy nasz\u0105 wsp\u00f3\u0142prac\u0119 z Denker &amp; Wulf, jednym z najwi\u0119kszych deweloper\u00f3w projekt\u00f3w na rynku niemieckim. Nie mo\u017cemy si\u0119 doczeka\u0107 udanej wsp\u00f3\u0142pracy w przysz\u0142o\u015bci&#8221;.<\/p>\n<p>&#8220;Potrzebne s\u0105 nowe, wydajne technologie, aby jak najlepiej sprosta\u0107 zmieniaj\u0105cym si\u0119 wyzwaniom na szybko rozwijaj\u0105cym si\u0119 rynku energii wiatrowej&#8221; &#8211; <strong>m\u00f3wi Torsten Levsen, dyrektor generalny Denker &amp; Wulf AG<\/strong>. &#8220;Dzi\u0119ki nowej platformie EnVentus, Vestas mo\u017ce spe\u0142ni\u0107 nasze wymagania dotycz\u0105ce radzenia sobie z wyzwaniami ekonomicznymi i technicznymi&#8221;.<\/p>\n<p>Po zako\u0144czeniu budowy Vestas b\u0119dzie serwisowa\u0107 turbiny w ramach 20-letniej umowy serwisowej Active Output Management 5000 (AOM 5000), kt\u00f3rej celem jest zapewnienie optymalnej wydajno\u015bci aktyw\u00f3w.<\/p>\n<p>Oczekuje si\u0119, \u017ce dostawa turbin rozpocznie si\u0119 w czwartym kwartale 2025 r., a uruchomienie planowane jest na pierwsz\u0105 po\u0142ow\u0119 2026 r.<\/p>\n<p>\u0179r\u00f3d\u0142o: Vestas<\/p>\n","protected":false},"excerpt":{"rendered":"<p>Vestas otrzyma\u0142 zam\u00f3wienie na moc 72 MW od Denker &amp; Wulf AG dla projektu energii wiatrowej Holtsee w Szlezwiku-Holsztynie w Niemczech. Vestas dostarczy dziesi\u0119\u0107 turbin wiatrowych V162-7,2 MW. Zam\u00f3wienie obejmuje dostaw\u0119, dostarczenie i uruchomienie turbin. &#8220;To zam\u00f3wienie od klienta Denker &amp; Wulf AG podkre\u015bla wydajn\u0105 technologi\u0119 naszej platformy EnVentus, poniewa\u017c V162-7,2 MW idealnie pasuje do [&hellip;]<\/p>\n","protected":false},"author":8,"featured_media":39324,"comment_status":"closed","ping_status":"closed","sticky":false,"template":"","format":"standard","meta":[],"categories":[140,2045],"tags":[],"acf":[],"_links":{"self":[{"href":"https:\/\/balticwind.eu\/pl\/wp-json\/wp\/v2\/posts\/39334"}],"collection":[{"href":"https:\/\/balticwind.eu\/pl\/wp-json\/wp\/v2\/posts"}],"about":[{"href":"https:\/\/balticwind.eu\/pl\/wp-json\/wp\/v2\/types\/post"}],"author":[{"embeddable":true,"href":"https:\/\/balticwind.eu\/pl\/wp-json\/wp\/v2\/users\/8"}],"replies":[{"embeddable":true,"href":"https:\/\/balticwind.eu\/pl\/wp-json\/wp\/v2\/comments?post=39334"}],"version-history":[{"count":0,"href":"https:\/\/balticwind.eu\/pl\/wp-json\/wp\/v2\/posts\/39334\/revisions"}],"wp:featuredmedia":[{"embeddable":true,"href":"https:\/\/balticwind.eu\/pl\/wp-json\/wp\/v2\/media\/39324"}],"wp:attachment":[{"href":"https:\/\/balticwind.eu\/pl\/wp-json\/wp\/v2\/media?parent=39334"}],"wp:term":[{"taxonomy":"category","embeddable":true,"href":"https:\/\/balticwind.eu\/pl\/wp-json\/wp\/v2\/categories?post=39334"},{"taxonomy":"post_tag","embeddable":true,"href":"https:\/\/balticwind.eu\/pl\/wp-json\/wp\/v2\/tags?post=39334"}],"curies":[{"name":"wp","href":"https:\/\/api.w.org\/{rel}","templated":true}]}}