{"id":39444,"date":"2024-06-17T12:12:36","date_gmt":"2024-06-17T10:12:36","guid":{"rendered":"https:\/\/balticwind.eu\/?p=39444"},"modified":"2024-06-17T12:14:06","modified_gmt":"2024-06-17T10:14:06","slug":"dariusz-marzec-pge-energia-z-morskiej-farmy-wiatrowej-pge-poplynie-do-domow-w-2027-roku","status":"publish","type":"post","link":"https:\/\/balticwind.eu\/pl\/dariusz-marzec-pge-energia-z-morskiej-farmy-wiatrowej-pge-poplynie-do-domow-w-2027-roku\/","title":{"rendered":"Dariusz Marzec PGE: Energia z morskiej farmy wiatrowej PGE pop\u0142ynie do dom\u00f3w w 2027 roku"},"content":{"rendered":"<p><span style=\"font-weight: 400;\">PGE realizuje wraz z du\u0144skim partnerem projekt morskiej farmy wiatrowej. To najwi\u0119ksza do tej pory realizowana inwestycja w energetyk\u0119 wiatrow\u0105 w polskiej strefie ekonomicznej \u2013 informowa\u0142 Dariusz Marzec, prezes zarz\u0105du PGE, podczas konferencji PSEW 2024.<\/span><\/p>\n<div class=\"video-shortcode\">\n<div class=\"geodir-embed-container\"><iframe title=\"Dariusz Marzec PGE: Energy from PGE&#039;s offshore wind farm in 2027 #PSEW2024\" width=\"1240\" height=\"698\" src=\"https:\/\/www.youtube.com\/embed\/dSWx1ETecRk?feature=oembed\" frameborder=\"0\" allow=\"accelerometer; autoplay; clipboard-write; encrypted-media; gyroscope; picture-in-picture; web-share\" referrerpolicy=\"strict-origin-when-cross-origin\" allowfullscreen><\/iframe><\/div>\n<\/div>\n<p><span style=\"font-weight: 400;\">\u017br\u00f3d\u0142o: PAP MediaRoom<\/span><\/p>\n","protected":false},"excerpt":{"rendered":"<p>PGE realizuje wraz z du\u0144skim partnerem projekt morskiej farmy wiatrowej. To najwi\u0119ksza do tej pory realizowana inwestycja w energetyk\u0119 wiatrow\u0105 w polskiej strefie ekonomicznej \u2013 informowa\u0142 Dariusz Marzec, prezes zarz\u0105du PGE, podczas konferencji PSEW 2024. \u017br\u00f3d\u0142o: PAP MediaRoom<\/p>\n","protected":false},"author":8,"featured_media":39445,"comment_status":"closed","ping_status":"closed","sticky":false,"template":"","format":"standard","meta":[],"categories":[167,164],"tags":[],"acf":[],"_links":{"self":[{"href":"https:\/\/balticwind.eu\/pl\/wp-json\/wp\/v2\/posts\/39444"}],"collection":[{"href":"https:\/\/balticwind.eu\/pl\/wp-json\/wp\/v2\/posts"}],"about":[{"href":"https:\/\/balticwind.eu\/pl\/wp-json\/wp\/v2\/types\/post"}],"author":[{"embeddable":true,"href":"https:\/\/balticwind.eu\/pl\/wp-json\/wp\/v2\/users\/8"}],"replies":[{"embeddable":true,"href":"https:\/\/balticwind.eu\/pl\/wp-json\/wp\/v2\/comments?post=39444"}],"version-history":[{"count":0,"href":"https:\/\/balticwind.eu\/pl\/wp-json\/wp\/v2\/posts\/39444\/revisions"}],"wp:featuredmedia":[{"embeddable":true,"href":"https:\/\/balticwind.eu\/pl\/wp-json\/wp\/v2\/media\/39445"}],"wp:attachment":[{"href":"https:\/\/balticwind.eu\/pl\/wp-json\/wp\/v2\/media?parent=39444"}],"wp:term":[{"taxonomy":"category","embeddable":true,"href":"https:\/\/balticwind.eu\/pl\/wp-json\/wp\/v2\/categories?post=39444"},{"taxonomy":"post_tag","embeddable":true,"href":"https:\/\/balticwind.eu\/pl\/wp-json\/wp\/v2\/tags?post=39444"}],"curies":[{"name":"wp","href":"https:\/\/api.w.org\/{rel}","templated":true}]}}