{"id":39616,"date":"2024-07-01T11:42:19","date_gmt":"2024-07-01T09:42:19","guid":{"rendered":"https:\/\/balticwind.eu\/?p=39616"},"modified":"2024-07-01T11:49:33","modified_gmt":"2024-07-01T09:49:33","slug":"nowy-coo-w-eolus","status":"publish","type":"post","link":"https:\/\/balticwind.eu\/pl\/nowy-coo-w-eolus\/","title":{"rendered":"Nowy COO w Eolus"},"content":{"rendered":"<p style=\"font-weight: 400;\"><strong>Christer Baden Hansen, obecnie g\u0142\u00f3wny dyrektor handlowy (Chief Commercial Officer), zosta\u0142 mianowany g\u0142\u00f3wnym dyrektorem operacyjnym (Chief Operating Officer) i zast\u0119pc\u0105 dyrektora generalnego Eolus od 01 lipca 2024 roku. Eolus ma obecnie zaplanowanych 8 projekt\u00f3w offshore wind w Szwecji i 2 w Finlandii.<\/strong><\/p>\n<p style=\"font-weight: 400;\">Christer Baden Hansen do\u0142\u0105czy\u0142 do Eolus w lutym 2023 r. po d\u0142ugiej karierze w Vestas.<\/p>\n<blockquote>\n<p style=\"font-weight: 400;\">&#8220;Ciesz\u0119 si\u0119, \u017ce Christer zgodzi\u0142 si\u0119 obj\u0105\u0107 stanowisko dyrektora operacyjnego. Eolus jest na ekscytuj\u0105cej drodze wzrostu i jestem przekonany, \u017ce Christer b\u0119dzie nadal odgrywa\u0142 kluczow\u0105 rol\u0119 w przysz\u0142ym rozwoju i ekspansji Eolus, teraz z szersz\u0105 odpowiedzialno\u015bci\u0105&#8221;, m\u00f3wi Per Witalisson, dyrektor generalny Eolus.<\/p>\n<p style=\"font-weight: 400;\">&#8220;To fantastyczna okazja do kierowania rozwojem i realizacj\u0105 projekt\u00f3w odnawialnych \u017ar\u00f3de\u0142 energii, przyczyniaj\u0105cych si\u0119 do transformacji energetycznej. Eolus ma silne portfolio projekt\u00f3w, wykwalifikowan\u0105 organizacj\u0119 i d\u0142ugotrwa\u0142e partnerstwa, z kt\u00f3rymi nie mog\u0119 si\u0119 doczeka\u0107 dalszej pracy&#8221;, m\u00f3wi Christer Baden Hansen.<\/p>\n<\/blockquote>\n<p style=\"font-weight: 400;\">\u0179r\u00f3d\u0142o: Eolus<\/p>\n","protected":false},"excerpt":{"rendered":"<p>Christer Baden Hansen, obecnie g\u0142\u00f3wny dyrektor handlowy (Chief Commercial Officer), zosta\u0142 mianowany g\u0142\u00f3wnym dyrektorem operacyjnym (Chief Operating Officer) i zast\u0119pc\u0105 dyrektora generalnego Eolus od 01 lipca 2024 roku. Eolus ma obecnie zaplanowanych 8 projekt\u00f3w offshore wind w Szwecji i 2 w Finlandii. Christer Baden Hansen do\u0142\u0105czy\u0142 do Eolus w lutym 2023 r. po d\u0142ugiej karierze [&hellip;]<\/p>\n","protected":false},"author":8,"featured_media":39618,"comment_status":"closed","ping_status":"closed","sticky":false,"template":"","format":"standard","meta":[],"categories":[178,137,151],"tags":[],"acf":[],"_links":{"self":[{"href":"https:\/\/balticwind.eu\/pl\/wp-json\/wp\/v2\/posts\/39616"}],"collection":[{"href":"https:\/\/balticwind.eu\/pl\/wp-json\/wp\/v2\/posts"}],"about":[{"href":"https:\/\/balticwind.eu\/pl\/wp-json\/wp\/v2\/types\/post"}],"author":[{"embeddable":true,"href":"https:\/\/balticwind.eu\/pl\/wp-json\/wp\/v2\/users\/8"}],"replies":[{"embeddable":true,"href":"https:\/\/balticwind.eu\/pl\/wp-json\/wp\/v2\/comments?post=39616"}],"version-history":[{"count":0,"href":"https:\/\/balticwind.eu\/pl\/wp-json\/wp\/v2\/posts\/39616\/revisions"}],"wp:featuredmedia":[{"embeddable":true,"href":"https:\/\/balticwind.eu\/pl\/wp-json\/wp\/v2\/media\/39618"}],"wp:attachment":[{"href":"https:\/\/balticwind.eu\/pl\/wp-json\/wp\/v2\/media?parent=39616"}],"wp:term":[{"taxonomy":"category","embeddable":true,"href":"https:\/\/balticwind.eu\/pl\/wp-json\/wp\/v2\/categories?post=39616"},{"taxonomy":"post_tag","embeddable":true,"href":"https:\/\/balticwind.eu\/pl\/wp-json\/wp\/v2\/tags?post=39616"}],"curies":[{"name":"wp","href":"https:\/\/api.w.org\/{rel}","templated":true}]}}