{"id":39645,"date":"2024-07-01T23:54:47","date_gmt":"2024-07-01T21:54:47","guid":{"rendered":"https:\/\/balticwind.eu\/?p=39645"},"modified":"2024-07-01T16:12:29","modified_gmt":"2024-07-01T14:12:29","slug":"eolus-ubiega-sie-o-pozwolenie-na-budowe-morskiej-farmy-wiatrowej-skidbladner","status":"publish","type":"post","link":"https:\/\/balticwind.eu\/pl\/eolus-ubiega-sie-o-pozwolenie-na-budowe-morskiej-farmy-wiatrowej-skidbladner\/","title":{"rendered":"Eolus ubiega si\u0119 o pozwolenie na budow\u0119 morskiej farmy wiatrowej Skidbladner"},"content":{"rendered":"<div>\n<p><b>Eolus z\u0142o\u017cy\u0142 wniosek do szwedzkiego rz\u0105du o pozwolenie na budow\u0119 morskiej farmy wiatrowej Skidbladner, z maksymalnie 147 turbinami wiatrowymi zlokalizowanymi nieco ponad 20 kilometr\u00f3w na p\u00f3\u0142noc od Gotska Sand\u00f6n.<\/b><span class=\"apple-converted-space\">\u00a0<\/span><b>Szacowana produkcja energii elektrycznej b\u0119dzie wynosi\u0142a 11,7 TWh rocznie, co odpowiada po\u0142owie dzisiejszego zu\u017cycia energii elektrycznej w hrabstwie Sztokholm lub ponad dziesi\u0119ciokrotno\u015bci zapotrzebowania Gotlandii na energi\u0119 elektryczn\u0105.<\/b><\/p>\n<\/div>\n<div>\n<blockquote><p><img decoding=\"async\" class=\"alignleft wp-image-39654 size-medium\" src=\"https:\/\/balticwind.eu\/wp-content\/uploads\/2024\/07\/per-witalisson-200x300.jpg\" alt=\"\" width=\"200\" height=\"300\" srcset=\"https:\/\/balticwind.eu\/wp-content\/uploads\/2024\/07\/per-witalisson-200x300.jpg 200w, https:\/\/balticwind.eu\/wp-content\/uploads\/2024\/07\/per-witalisson-400x600.jpg 400w, https:\/\/balticwind.eu\/wp-content\/uploads\/2024\/07\/per-witalisson-600x900.jpg 600w, https:\/\/balticwind.eu\/wp-content\/uploads\/2024\/07\/per-witalisson-683x1024.jpg 683w, https:\/\/balticwind.eu\/wp-content\/uploads\/2024\/07\/per-witalisson-768x1152.jpg 768w, https:\/\/balticwind.eu\/wp-content\/uploads\/2024\/07\/per-witalisson-800x1200.jpg 800w, https:\/\/balticwind.eu\/wp-content\/uploads\/2024\/07\/per-witalisson-1024x1536.jpg 1024w, https:\/\/balticwind.eu\/wp-content\/uploads\/2024\/07\/per-witalisson-1200x1800.jpg 1200w, https:\/\/balticwind.eu\/wp-content\/uploads\/2024\/07\/per-witalisson-1366x2048.jpg 1366w, https:\/\/balticwind.eu\/wp-content\/uploads\/2024\/07\/per-witalisson.jpg 1707w\" sizes=\"(max-width: 200px) 100vw, 200px\" \/>&#8220;Bior\u0105c pod uwag\u0119 ogromne zapotrzebowanie na now\u0105 produkcj\u0119 energii elektrycznej w Szwecji, morska energetyka wiatrowa b\u0119dzie musia\u0142a by\u0107 stopniowo rozbudowywana przez wiele lat. Farma wiatrowa tej wielko\u015bci mia\u0142aby zatem znacz\u0105cy wk\u0142ad w szwedzkie dostawy energii elektrycznej&#8221; &#8211; m\u00f3wi Per Witalisson, dyrektor generalny Eolus.<\/p><\/blockquote>\n<\/div>\n<div>\n<p>Eolus planuje kilka morskich farm wiatrowych na szwedzkich wodach, z kt\u00f3rych dwie znajduj\u0105 si\u0119 w szwedzkiej strefie ekonomicznej u wybrze\u017cy Gotlandii: Skidbladner i Herkules. \u0141\u0105cznie maj\u0105 one potencja\u0142 dostarczenia Szwecji 4,6 GW mocy zainstalowanej i \u0142\u0105cznej produkcji energii elektrycznej na poziomie oko\u0142o 25 TWh rocznie. Skidbladner, kt\u00f3ry osi\u0105ga wa\u017cny kamie\u0144 milowy wraz ze z\u0142o\u017ceniem wniosku do rz\u0105du, obejmuje obszar projektu o powierzchni oko\u0142o 1400 kilometr\u00f3w kwadratowych. Mo\u017ce tam powsta\u0107 maksymalnie 147 turbin wiatrowych, o maksymalnej \u0142\u0105cznej wysoko\u015bci 360 metr\u00f3w do wierzcho\u0142ka \u0142opaty, zamontowanych na p\u0142ywaj\u0105cych fundamentach, kt\u00f3re s\u0105 zakotwiczone na dnie morskim.<\/p>\n<\/div>\n<div>\n<blockquote><p>&#8220;Celem Gotlandii jest posiadanie ca\u0142kowicie odnawialnego systemu energetycznego do 2040 roku, a inicjatywy takie jak morska farma wiatrowa Skidbladner bardzo dobrze wpisuj\u0105 si\u0119 w ten plan&#8221; &#8211; m\u00f3wi Lars Thomsson, koordynator Energy Island Gotland.<span class=\"apple-converted-space\">\u00a0<\/span><\/p><\/blockquote>\n<p>Obszar farmy wiatrowej Skidbladner znajduje si\u0119 oko\u0142o 100 kilometr\u00f3w na po\u0142udniowy wsch\u00f3d od Sztokholmu i 20 kilometr\u00f3w na p\u00f3\u0142noc od Gotska Sand\u00f6n. Oczekuje si\u0119, \u017ce farma wiatrowa zostanie uko\u0144czona do 2033 r., a jej roczna produkcja wyniesie 11,7 TWh. Odpowiada to energii elektrycznej dla milion\u00f3w gospodarstw domowych &#8211; mniej wi\u0119cej po\u0142owie obecnego zu\u017cycia energii elektrycznej w hrabstwie Sztokholm lub ponad dziesi\u0119ciokrotno\u015bci rocznego zapotrzebowania Gotlandii na energi\u0119 elektryczn\u0105.<\/p>\n<\/div>\n<div>\n<blockquote><p><img decoding=\"async\" class=\"alignleft wp-image-39648 size-medium\" src=\"https:\/\/balticwind.eu\/wp-content\/uploads\/2024\/07\/anna-lundsgard-head-of-offshore-eolus-200x300.jpg\" alt=\"\" width=\"200\" height=\"300\" srcset=\"https:\/\/balticwind.eu\/wp-content\/uploads\/2024\/07\/anna-lundsgard-head-of-offshore-eolus-200x300.jpg 200w, https:\/\/balticwind.eu\/wp-content\/uploads\/2024\/07\/anna-lundsgard-head-of-offshore-eolus-400x600.jpg 400w, https:\/\/balticwind.eu\/wp-content\/uploads\/2024\/07\/anna-lundsgard-head-of-offshore-eolus-600x900.jpg 600w, https:\/\/balticwind.eu\/wp-content\/uploads\/2024\/07\/anna-lundsgard-head-of-offshore-eolus-683x1024.jpg 683w, https:\/\/balticwind.eu\/wp-content\/uploads\/2024\/07\/anna-lundsgard-head-of-offshore-eolus-768x1152.jpg 768w, https:\/\/balticwind.eu\/wp-content\/uploads\/2024\/07\/anna-lundsgard-head-of-offshore-eolus-800x1200.jpg 800w, https:\/\/balticwind.eu\/wp-content\/uploads\/2024\/07\/anna-lundsgard-head-of-offshore-eolus-1024x1536.jpg 1024w, https:\/\/balticwind.eu\/wp-content\/uploads\/2024\/07\/anna-lundsgard-head-of-offshore-eolus-1200x1800.jpg 1200w, https:\/\/balticwind.eu\/wp-content\/uploads\/2024\/07\/anna-lundsgard-head-of-offshore-eolus-1366x2048.jpg 1366w, https:\/\/balticwind.eu\/wp-content\/uploads\/2024\/07\/anna-lundsgard-head-of-offshore-eolus-scaled.jpg 1707w\" sizes=\"(max-width: 200px) 100vw, 200px\" \/>&#8220;Jedn\u0105 z zalet p\u0142ywaj\u0105cej elektrowni wiatrowej jest to, \u017ce mo\u017cna j\u0105 umie\u015bci\u0107 dalej od wybrze\u017ca, gdzie warunki wiatrowe s\u0105 jeszcze lepsze, a wp\u0142yw wizualny jest minimalny. Eolus by\u0142 pionierem, gdy zaczynali\u015bmy jako deweloper energii wiatrowej w latach 90-tych. Teraz cieszymy si\u0119, \u017ce b\u0119dziemy jednymi z pierwszych, kt\u00f3rzy zrealizuj\u0105 p\u0142ywaj\u0105c\u0105 elektrowni\u0119 wiatrow\u0105 na Morzu Ba\u0142tyckim&#8221; &#8211; m\u00f3wi Anna Lundsg\u00e5rd, szefowa dzia\u0142u morskiej energetyki wiatrowej w Eolus.<\/p><\/blockquote>\n<\/div>\n<div>\n<p>\u0179r\u00f3d\u0142o: Eolus<\/p>\n<\/div>\n","protected":false},"excerpt":{"rendered":"<p>Eolus z\u0142o\u017cy\u0142 wniosek do szwedzkiego rz\u0105du o pozwolenie na budow\u0119 morskiej farmy wiatrowej Skidbladner, z maksymalnie 147 turbinami wiatrowymi zlokalizowanymi nieco ponad 20 kilometr\u00f3w na p\u00f3\u0142noc od Gotska Sand\u00f6n.\u00a0Szacowana produkcja energii elektrycznej b\u0119dzie wynosi\u0142a 11,7 TWh rocznie, co odpowiada po\u0142owie dzisiejszego zu\u017cycia energii elektrycznej w hrabstwie Sztokholm lub ponad dziesi\u0119ciokrotno\u015bci zapotrzebowania Gotlandii na energi\u0119 elektryczn\u0105. [&hellip;]<\/p>\n","protected":false},"author":8,"featured_media":39657,"comment_status":"closed","ping_status":"closed","sticky":false,"template":"","format":"standard","meta":[],"categories":[137,139,151],"tags":[],"acf":[],"_links":{"self":[{"href":"https:\/\/balticwind.eu\/pl\/wp-json\/wp\/v2\/posts\/39645"}],"collection":[{"href":"https:\/\/balticwind.eu\/pl\/wp-json\/wp\/v2\/posts"}],"about":[{"href":"https:\/\/balticwind.eu\/pl\/wp-json\/wp\/v2\/types\/post"}],"author":[{"embeddable":true,"href":"https:\/\/balticwind.eu\/pl\/wp-json\/wp\/v2\/users\/8"}],"replies":[{"embeddable":true,"href":"https:\/\/balticwind.eu\/pl\/wp-json\/wp\/v2\/comments?post=39645"}],"version-history":[{"count":0,"href":"https:\/\/balticwind.eu\/pl\/wp-json\/wp\/v2\/posts\/39645\/revisions"}],"wp:featuredmedia":[{"embeddable":true,"href":"https:\/\/balticwind.eu\/pl\/wp-json\/wp\/v2\/media\/39657"}],"wp:attachment":[{"href":"https:\/\/balticwind.eu\/pl\/wp-json\/wp\/v2\/media?parent=39645"}],"wp:term":[{"taxonomy":"category","embeddable":true,"href":"https:\/\/balticwind.eu\/pl\/wp-json\/wp\/v2\/categories?post=39645"},{"taxonomy":"post_tag","embeddable":true,"href":"https:\/\/balticwind.eu\/pl\/wp-json\/wp\/v2\/tags?post=39645"}],"curies":[{"name":"wp","href":"https:\/\/api.w.org\/{rel}","templated":true}]}}