{"id":40398,"date":"2024-09-02T08:58:33","date_gmt":"2024-09-02T06:58:33","guid":{"rendered":"https:\/\/balticwind.eu\/?p=40398"},"modified":"2024-09-02T08:59:05","modified_gmt":"2024-09-02T06:59:05","slug":"windeurope-porty-kluczem-do-rozwoju-energetyki-wiatrowej-na-morzu","status":"publish","type":"post","link":"https:\/\/balticwind.eu\/pl\/windeurope-porty-kluczem-do-rozwoju-energetyki-wiatrowej-na-morzu\/","title":{"rendered":"WindEurope: Porty kluczem do rozwoju energetyki wiatrowej na morzu"},"content":{"rendered":"<p><strong>Dyrektor generalny WindEurope, <a href=\"https:\/\/www.linkedin.com\/in\/giles-dickson-98607229\/\">Giles Dickson<\/a>, przemawia\u0142 na konferencji <a href=\"https:\/\/www.linkedin.com\/feed\/hashtag\/?keywords=ons2024&amp;highlightedUpdateUrns=urn%3Ali%3Aactivity%3A7234204030900588544\">ONS 2024<\/a> w Stavanger w Norwegii.<\/strong><\/p>\n<p>Dyskusja panelowa dotyczy\u0142a wyzwa\u0144 zwi\u0105zanych z \u0142a\u0144cuchem dostaw morskiej energetyki wiatrowej.<\/p>\n<p>Giles Dickson wspomnia\u0142 o kluczowej roli <a href=\"https:\/\/www.linkedin.com\/feed\/hashtag\/?keywords=ports&amp;highlightedUpdateUrns=urn%3Ali%3Aactivity%3A7234204030900588544\">port\u00f3w<\/a> w ekspansji morskiej energetyki wiatrowej i jej <a href=\"https:\/\/www.linkedin.com\/feed\/hashtag\/?keywords=supplychain&amp;highlightedUpdateUrns=urn%3Ali%3Aactivity%3A7234204030900588544\">\u0142a\u0144cucha dostaw<\/a>. Europa musi zainwestowa\u0107 8,5 mld euro w infrastruktur\u0119 portow\u0105 do 2030 roku. Pieni\u0105dze powinny zosta\u0107 przeznaczone na rozbudow\u0119 teren\u00f3w portowych, wzmocnienie ci\u0119\u017ckiego za\u0142adunku i port\u00f3w dalekomorskich.<\/p>\n<blockquote><p>\u201eEuropejskie porty nie s\u0105 gotowe na rozw\u00f3j morskiej energetyki wiatrowej, jakiego oczekuje Europa. Jest to bardzo niepokoj\u0105ce. Nie mo\u017cna bowiem budowa\u0107 morskich farm wiatrowych bez port\u00f3w. Je\u015bli porty nie s\u0105 gotowe, to wszystkie inne ogromne wysi\u0142ki i inwestycje, kt\u00f3re s\u0105 podejmowane w ca\u0142ym \u0142a\u0144cuchu warto\u015bci morskiej energetyki wiatrowej, mog\u0105 zosta\u0107 zmarnowane\u201d, <strong>powiedzia\u0142 Giles Dickson<\/strong>.<\/p><\/blockquote>\n<p>Ju\u017c w marcu tego roku Wind Europe opublikowa\u0142a podsumowanie kluczowych informacji dotycz\u0105cych znaczenia port\u00f3w w rozwoju morskiej energetyki wiatrowej.<\/p>\n<p><img decoding=\"async\" class=\"size-large wp-image-40390 aligncenter\" src=\"https:\/\/balticwind.eu\/wp-content\/uploads\/2024\/09\/Zrzut-ekranu-2024-09-1-o-23.40.24-1024x579.png\" alt=\"\" width=\"1024\" height=\"579\" srcset=\"https:\/\/balticwind.eu\/wp-content\/uploads\/2024\/09\/Zrzut-ekranu-2024-09-1-o-23.40.24-200x113.png 200w, https:\/\/balticwind.eu\/wp-content\/uploads\/2024\/09\/Zrzut-ekranu-2024-09-1-o-23.40.24-300x170.png 300w, https:\/\/balticwind.eu\/wp-content\/uploads\/2024\/09\/Zrzut-ekranu-2024-09-1-o-23.40.24-400x226.png 400w, https:\/\/balticwind.eu\/wp-content\/uploads\/2024\/09\/Zrzut-ekranu-2024-09-1-o-23.40.24-600x339.png 600w, https:\/\/balticwind.eu\/wp-content\/uploads\/2024\/09\/Zrzut-ekranu-2024-09-1-o-23.40.24-768x434.png 768w, https:\/\/balticwind.eu\/wp-content\/uploads\/2024\/09\/Zrzut-ekranu-2024-09-1-o-23.40.24-800x452.png 800w, https:\/\/balticwind.eu\/wp-content\/uploads\/2024\/09\/Zrzut-ekranu-2024-09-1-o-23.40.24-1024x579.png 1024w, https:\/\/balticwind.eu\/wp-content\/uploads\/2024\/09\/Zrzut-ekranu-2024-09-1-o-23.40.24-1200x679.png 1200w, https:\/\/balticwind.eu\/wp-content\/uploads\/2024\/09\/Zrzut-ekranu-2024-09-1-o-23.40.24-1536x869.png 1536w\" sizes=\"(max-width: 1024px) 100vw, 1024px\" \/> \u0179r\u00f3d\u0142o: WindEurope<\/p>\n","protected":false},"excerpt":{"rendered":"<p>Dyrektor generalny WindEurope, Giles Dickson, przemawia\u0142 na konferencji ONS 2024 w Stavanger w Norwegii. Dyskusja panelowa dotyczy\u0142a wyzwa\u0144 zwi\u0105zanych z \u0142a\u0144cuchem dostaw morskiej energetyki wiatrowej. Giles Dickson wspomnia\u0142 o kluczowej roli port\u00f3w w ekspansji morskiej energetyki wiatrowej i jej \u0142a\u0144cucha dostaw. Europa musi zainwestowa\u0107 8,5 mld euro w infrastruktur\u0119 portow\u0105 do 2030 roku. Pieni\u0105dze powinny [&hellip;]<\/p>\n","protected":false},"author":8,"featured_media":40395,"comment_status":"closed","ping_status":"closed","sticky":false,"template":"","format":"standard","meta":[],"categories":[137,167,142],"tags":[],"acf":[],"_links":{"self":[{"href":"https:\/\/balticwind.eu\/pl\/wp-json\/wp\/v2\/posts\/40398"}],"collection":[{"href":"https:\/\/balticwind.eu\/pl\/wp-json\/wp\/v2\/posts"}],"about":[{"href":"https:\/\/balticwind.eu\/pl\/wp-json\/wp\/v2\/types\/post"}],"author":[{"embeddable":true,"href":"https:\/\/balticwind.eu\/pl\/wp-json\/wp\/v2\/users\/8"}],"replies":[{"embeddable":true,"href":"https:\/\/balticwind.eu\/pl\/wp-json\/wp\/v2\/comments?post=40398"}],"version-history":[{"count":0,"href":"https:\/\/balticwind.eu\/pl\/wp-json\/wp\/v2\/posts\/40398\/revisions"}],"wp:featuredmedia":[{"embeddable":true,"href":"https:\/\/balticwind.eu\/pl\/wp-json\/wp\/v2\/media\/40395"}],"wp:attachment":[{"href":"https:\/\/balticwind.eu\/pl\/wp-json\/wp\/v2\/media?parent=40398"}],"wp:term":[{"taxonomy":"category","embeddable":true,"href":"https:\/\/balticwind.eu\/pl\/wp-json\/wp\/v2\/categories?post=40398"},{"taxonomy":"post_tag","embeddable":true,"href":"https:\/\/balticwind.eu\/pl\/wp-json\/wp\/v2\/tags?post=40398"}],"curies":[{"name":"wp","href":"https:\/\/api.w.org\/{rel}","templated":true}]}}