{"id":40512,"date":"2024-09-18T09:06:33","date_gmt":"2024-09-18T07:06:33","guid":{"rendered":"https:\/\/balticwind.eu\/?p=40512"},"modified":"2024-09-18T10:38:41","modified_gmt":"2024-09-18T08:38:41","slug":"ostatnia-niemiecka-aukcja-ladowych-farm-wiatrowych-ustanowila-rekord","status":"publish","type":"post","link":"https:\/\/balticwind.eu\/pl\/ostatnia-niemiecka-aukcja-ladowych-farm-wiatrowych-ustanowila-rekord\/","title":{"rendered":"Ostatnia niemiecka aukcja l\u0105dowych farm wiatrowych ustanowi\u0142a rekord"},"content":{"rendered":"<p><strong>Najnowsza niemiecka aukcja l\u0105dowej energetyki wiatrowej przynios\u0142a 2,7 GW nowych mocy, co stanowi znacz\u0105cy krok w kierunku realizacji krajowych cel\u00f3w w zakresie energii odnawialnej na rok 2030. Federalna Agencja Sieci (Bundesnetzagentur) ustali\u0142a \u015bredni\u0105 cen\u0119 wykonania na poziomie 73,30 EUR\/MWh, zgodnie z poprzednimi przetargami.<\/strong><\/p>\n<p><strong>Rekordowy udzia\u0142, korzystne odwr\u00f3cenie trendu<\/strong><\/p>\n<p>Spo\u015br\u00f3d 239 zg\u0142oszonych projekt\u00f3w 230 zapewni\u0142o sobie dotacje, co oznacza pierwsz\u0105 nadsubskrypcj\u0119 aukcji od lutego 2022 roku. \u0141\u0105czny wolumen ofert przekroczy\u0142 2,9 GW, przekraczaj\u0105c roczny cel ekspansji wynosz\u0105cy 2,5 GW. <strong>Klaus M\u00fcller, prezes Bundesnetzagentur, pochwali\u0142 wynik<\/strong>: \u201eTen przetarg jest rekordowy. Wolumen ofert w tej rundzie jest wy\u017cszy ni\u017c kiedykolwiek wcze\u015bniej\u201d.<\/p>\n<p>Ceny ofertowe w aukcji waha\u0142y si\u0119 od 5,73 do 7,35 eurocent\u00f3w za kilowatogodzin\u0119 (ct\/kWh), a \u015brednia przyznana cena wynios\u0142a 7,33 ct\/kWh, nieco poni\u017cej maksymalnej dozwolonej ceny 7,35 ct\/kWh, doda\u0142.<\/p>\n<p><strong>Post\u0119p w realizacji cel\u00f3w energetycznych na 2030<\/strong><\/p>\n<p>Niemcy zamierzaj\u0105 niemal podwoi\u0107 swoj\u0105 moc l\u0105dowej energetyki wiatrowej do 115 GW do 2030 r., z obecnych 62,1 GW. Osi\u0105gni\u0119cie tego celu jest kluczem do osi\u0105gni\u0119cia celu, jakim jest 80% energii elektrycznej ze \u017ar\u00f3de\u0142 odnawialnych do 2030 roku.<\/p>\n<p>Chocia\u017c nadsubskrypcja wskazuje na rosn\u0105ce zaufanie, nadal istniej\u0105 wyzwania, takie jak poprawa pozwole\u0144 i przepustowo\u015bci sieci. Niemniej jednak aukcja ta sygnalizuje, \u017ce Niemcy s\u0105 na dobrej drodze do przyspieszenia transformacji energetyki odnawialnej, w kt\u00f3rej kluczow\u0105 rol\u0119 odgrywa l\u0105dowa energetyka wiatrowa.<\/p>\n<p>\u0179r\u00f3d\u0142o: bundesnetzagentur.de\/<\/p>\n","protected":false},"excerpt":{"rendered":"<p>Najnowsza niemiecka aukcja l\u0105dowej energetyki wiatrowej przynios\u0142a 2,7 GW nowych mocy, co stanowi znacz\u0105cy krok w kierunku realizacji krajowych cel\u00f3w w zakresie energii odnawialnej na rok 2030. Federalna Agencja Sieci (Bundesnetzagentur) ustali\u0142a \u015bredni\u0105 cen\u0119 wykonania na poziomie 73,30 EUR\/MWh, zgodnie z poprzednimi przetargami. Rekordowy udzia\u0142, korzystne odwr\u00f3cenie trendu Spo\u015br\u00f3d 239 zg\u0142oszonych projekt\u00f3w 230 zapewni\u0142o sobie [&hellip;]<\/p>\n","protected":false},"author":8,"featured_media":40273,"comment_status":"closed","ping_status":"closed","sticky":false,"template":"","format":"standard","meta":[],"categories":[140,2045],"tags":[],"acf":[],"_links":{"self":[{"href":"https:\/\/balticwind.eu\/pl\/wp-json\/wp\/v2\/posts\/40512"}],"collection":[{"href":"https:\/\/balticwind.eu\/pl\/wp-json\/wp\/v2\/posts"}],"about":[{"href":"https:\/\/balticwind.eu\/pl\/wp-json\/wp\/v2\/types\/post"}],"author":[{"embeddable":true,"href":"https:\/\/balticwind.eu\/pl\/wp-json\/wp\/v2\/users\/8"}],"replies":[{"embeddable":true,"href":"https:\/\/balticwind.eu\/pl\/wp-json\/wp\/v2\/comments?post=40512"}],"version-history":[{"count":0,"href":"https:\/\/balticwind.eu\/pl\/wp-json\/wp\/v2\/posts\/40512\/revisions"}],"wp:featuredmedia":[{"embeddable":true,"href":"https:\/\/balticwind.eu\/pl\/wp-json\/wp\/v2\/media\/40273"}],"wp:attachment":[{"href":"https:\/\/balticwind.eu\/pl\/wp-json\/wp\/v2\/media?parent=40512"}],"wp:term":[{"taxonomy":"category","embeddable":true,"href":"https:\/\/balticwind.eu\/pl\/wp-json\/wp\/v2\/categories?post=40512"},{"taxonomy":"post_tag","embeddable":true,"href":"https:\/\/balticwind.eu\/pl\/wp-json\/wp\/v2\/tags?post=40512"}],"curies":[{"name":"wp","href":"https:\/\/api.w.org\/{rel}","templated":true}]}}