{"id":40523,"date":"2024-09-24T06:30:22","date_gmt":"2024-09-24T04:30:22","guid":{"rendered":"https:\/\/balticwind.eu\/?p=40523"},"modified":"2024-09-23T20:40:41","modified_gmt":"2024-09-23T18:40:41","slug":"dzien-dostawcy-laczy-polskie-i-globalne-firmy-w-branzy-offshore-wind-wydarzenie-zorganizowaly-polenergia-i-equinor","status":"publish","type":"post","link":"https:\/\/balticwind.eu\/pl\/dzien-dostawcy-laczy-polskie-i-globalne-firmy-w-branzy-offshore-wind-wydarzenie-zorganizowaly-polenergia-i-equinor\/","title":{"rendered":"Dzie\u0144 Dostawcy \u0142\u0105czy polskie i globalne firmy w bran\u017cy offshore wind. Wydarzenie zorganizowa\u0142y Polenergia i Equinor"},"content":{"rendered":"<div class=\"page\" title=\"Page 1\">\n<div class=\"layoutArea\">\n<div class=\"column\">\n<p><strong>Kilkadziesia\u0328t polskich firm zainteresowanych udzia\u0142em w realizacji morskich farm wiatrowych Ba\u0142tyk 2 i Ba\u0142tyk 3 wzie\u0328\u0142o udzia\u0142 w Dniu Dostawcy, kto\u0301ry odby\u0142 sie\u0328 w Gdan\u0301sku. Wydarzenie zosta\u0142o zorganizowane przez Polenergie\u0328 i Equinor, kto\u0301re wspo\u0301lnie realizuja\u0328 projekty morskich farm wiatrowych Ba\u0142tyk, a takz\u0307e g\u0142o\u0301wnych dostawco\u0301w kabli wewne\u0328trznych i eksportowych. Celem Dnia Dostawcy jest wejs\u0301cie polskich wykonawco\u0301w na rynek offshore wind oraz w\u0142a\u0328czenie ich w globalny \u0142an\u0301cuch dostaw.<\/strong><\/p>\n<p>Wydarzenie zorganizowane w Gdan\u0301sku by\u0142o skierowane do polskich firm, kto\u0301re moga\u0328 zostac\u0301 partnerami g\u0142o\u0301wnych dostawco\u0301w i wykonawco\u0301w projekto\u0301w Ba\u0142tyk 2 i Ba\u0142tyk 3 w zakresie infrastruktury do wyprowadzenia mocy z morskich farm wiatrowych. G\u0142o\u0301wnymi dostawcami dla obu projekto\u0301w sa\u0328 firmy Seaway7, Jan De Nul i Hellenic Cables, kto\u0301re odpowiadac\u0301 be\u0328da\u0328 za zaprojektowanie, produkcje\u0328, dostawe\u0328 i instalacje\u0328 kabli wewne\u0328trznych oraz kabli eksportowych, a takz\u0307e firma Visser &amp; Smit Hanab, kto\u0301ra odpowiedzialna jest za wykonanie przewierto\u0301w w rejonie wyjs\u0301cia na la\u0328d dla obu projekto\u0301w.<\/p>\n<\/div>\n<\/div>\n<div id=\"attachment_40555\" style=\"width: 1034px\" class=\"wp-caption aligncenter\"><img aria-describedby=\"caption-attachment-40555\" decoding=\"async\" class=\"size-large wp-image-40555\" src=\"https:\/\/balticwind.eu\/wp-content\/uploads\/2024\/09\/Outlook-fkw0ec0a-1024x576.png\" alt=\"\u0179r\u00f3d\u0142o: Polenergia \/ Equinor\" width=\"1024\" height=\"576\" srcset=\"https:\/\/balticwind.eu\/wp-content\/uploads\/2024\/09\/Outlook-fkw0ec0a-200x113.png 200w, https:\/\/balticwind.eu\/wp-content\/uploads\/2024\/09\/Outlook-fkw0ec0a-300x169.png 300w, https:\/\/balticwind.eu\/wp-content\/uploads\/2024\/09\/Outlook-fkw0ec0a-400x225.png 400w, https:\/\/balticwind.eu\/wp-content\/uploads\/2024\/09\/Outlook-fkw0ec0a-600x338.png 600w, https:\/\/balticwind.eu\/wp-content\/uploads\/2024\/09\/Outlook-fkw0ec0a-768x432.png 768w, https:\/\/balticwind.eu\/wp-content\/uploads\/2024\/09\/Outlook-fkw0ec0a-800x450.png 800w, https:\/\/balticwind.eu\/wp-content\/uploads\/2024\/09\/Outlook-fkw0ec0a-1024x576.png 1024w, https:\/\/balticwind.eu\/wp-content\/uploads\/2024\/09\/Outlook-fkw0ec0a-1200x675.png 1200w, https:\/\/balticwind.eu\/wp-content\/uploads\/2024\/09\/Outlook-fkw0ec0a-1536x864.png 1536w, https:\/\/balticwind.eu\/wp-content\/uploads\/2024\/09\/Outlook-fkw0ec0a.png 1920w\" sizes=\"(max-width: 1024px) 100vw, 1024px\" \/><p id=\"caption-attachment-40555\" class=\"wp-caption-text\">\u0179r\u00f3d\u0142o: Polenergia \/ Equinor<\/p><\/div>\n<\/div>\n<div class=\"page\" title=\"Page 2\">\n<div class=\"layoutArea\">\n<div class=\"column\">\n<blockquote><p>\u2013 Morskie farmy wiatrowe Ba\u0142tyk 2 i Ba\u0142tyk 3 odegraja\u0328 ogromna\u0328 role\u0328 w polskiej transformacji energetycznej. Nasza\u0328 ambicja\u0328 jest jednak nie tylko oddanie obu inwestycji do uz\u0307ytku, ale takz\u0307e jak najwie\u0328kszy udzia\u0142 polskich wykonawco\u0301w w procesie ich budowy i eksploatacji. Rozwo\u0301j morskiej energetyki wiatrowej to wielka szansa dla polskich firm, dlatego juz\u0307 po raz kolejny zorganizowalis\u0301my Dzien\u0301 Dostawcy. Przyje\u0328ty przez nas model \u0142a\u0328czenia polskich i globalnych firm spotyka sie\u0328 z pozytywnym odbiorem. Przedsie\u0328biorcy bardzo cenia\u0328 sobie moz\u0307liwos\u0301c\u0301 bezpos\u0301redniego kontaktu i rozmo\u0301w, kto\u0301re przynosza\u0328 im praktyczna\u0328 wiedze\u0328 oraz konkretne odpowiedzi na pytania i wa\u0328tpliwos\u0301ci, a g\u0142o\u0301wnym wykonawcom &#8211; rozpoznanie lokalnego rynku i stworzenie bazy przysz\u0142ych kontrahento\u0301w \u2013 <strong>podkres\u0301la Marta Porzuczek, Dyrektorka Dzia\u0142u Ochrony S\u0301rodowiska i Zro\u0301wnowaz\u0307onego Rozwoju w Grupie Polenergia.<\/strong><\/p><\/blockquote>\n<p>Uczestnicy wydarzenia mogli zapoznac\u0301 sie\u0328 m.in. z harmonogramem inwestycji, poszukiwanymi kompetencjami, innowacjami oraz aktualnymi standardami i wymaganiami dla dostawco\u0301w. Przedsie\u0328biorcy dowiedzieli sie\u0328 jakie firmy sa\u0328 poszukiwane, w jaki sposo\u0301b aplikowac\u0301 oraz jakie warunki nalez\u0307y spe\u0142nic\u0301, aby dostac\u0301 sie\u0328 do puli potencjalnych dostawco\u0301w i uczestniczyc\u0301 w procesie rozwoju morskiej energetyki wiatrowej w Polsce. W trakcie indywidualnych sesji tematycznych mieli okazje\u0328 porozmawiac\u0301 z przedstawicielami Seaway7, Jan De Nul, Hellenic Cables, a takz\u0307e Visser &amp; Smit Hanab o konkretnych pakietach zakupowych.<\/p>\n<blockquote><p>\u2013 Cieszy nas tak duz\u0307e zainteresowanie udzia\u0142em w realizacji projekto\u0301w morskich farm wiatrowych Ba\u0142tyk. Zalez\u0307y nam na jak najwie\u0328kszym zaangaz\u0307owaniu polskich przedsie\u0328biorco\u0301w w rozwo\u0301j krajowego sektora offshore wind. W wielu dziedzinach lokalne firmy dysponuja\u0328 na tyle duz\u0307ym potencja\u0142em, zaawansowana\u0328 technologia\u0328 i wykwalifikowanymi kadrami, aby uczestniczyc\u0301 w naszych projektach. Zaro\u0301wno na etapie budowy, jak i po\u0301z\u0301niejszej obs\u0142ugi i serwisu. Projekty Ba\u0142tyk 2 i Ba\u0142tyk 3 wchodza\u0328 w kluczowa\u0328 faze\u0328. Mamy juz\u0307 komplet pozwolen\u0301 i przygotowujemy sie\u0328 do rozpocze\u0328cia prac budowlanych. Kolejny Dzien\u0301 Dostawcy umoz\u0307liwi\u0142 polskim firmom zaprezentowanie swojego potencja\u0142u w zakresie morskiej energetyki wiatrowej \u2013 <strong>mo\u0301wi Andrzej Popadiuk, Stakeholder Manager, Equinor Polska.<\/strong><\/p><\/blockquote>\n<\/div>\n<\/div>\n<blockquote>\n<div id=\"attachment_40552\" style=\"width: 1034px\" class=\"wp-caption aligncenter\"><img aria-describedby=\"caption-attachment-40552\" decoding=\"async\" class=\"size-large wp-image-40552\" src=\"https:\/\/balticwind.eu\/wp-content\/uploads\/2024\/09\/Outlook-geihktz2-1024x576.png\" alt=\"\u0179r\u00f3d\u0142o: Polenergia \/ Equinor\" width=\"1024\" height=\"576\" srcset=\"https:\/\/balticwind.eu\/wp-content\/uploads\/2024\/09\/Outlook-geihktz2-200x113.png 200w, https:\/\/balticwind.eu\/wp-content\/uploads\/2024\/09\/Outlook-geihktz2-300x169.png 300w, https:\/\/balticwind.eu\/wp-content\/uploads\/2024\/09\/Outlook-geihktz2-400x225.png 400w, https:\/\/balticwind.eu\/wp-content\/uploads\/2024\/09\/Outlook-geihktz2-600x338.png 600w, https:\/\/balticwind.eu\/wp-content\/uploads\/2024\/09\/Outlook-geihktz2-768x432.png 768w, https:\/\/balticwind.eu\/wp-content\/uploads\/2024\/09\/Outlook-geihktz2-800x450.png 800w, https:\/\/balticwind.eu\/wp-content\/uploads\/2024\/09\/Outlook-geihktz2-1024x576.png 1024w, https:\/\/balticwind.eu\/wp-content\/uploads\/2024\/09\/Outlook-geihktz2-1200x675.png 1200w, https:\/\/balticwind.eu\/wp-content\/uploads\/2024\/09\/Outlook-geihktz2-1536x864.png 1536w, https:\/\/balticwind.eu\/wp-content\/uploads\/2024\/09\/Outlook-geihktz2.png 1920w\" sizes=\"(max-width: 1024px) 100vw, 1024px\" \/><p id=\"caption-attachment-40552\" class=\"wp-caption-text\">\u0179r\u00f3d\u0142o: Polenergia \/ Equinor<\/p><\/div><\/blockquote>\n<\/div>\n<div class=\"page\" title=\"Page 3\">\n<div class=\"layoutArea\">\n<div class=\"column\">\n<p>Dzien\u0301 Dostawcy, kto\u0301ry dotyczy\u0142 wykonawco\u0301w kabli wewne\u0328trznych i eksportowych, to kolejne tego typu wydarzenie zorganizowane przez Polenergie\u0328 i Equinor. Wczes\u0301niejsze spotkania, zorganizowano z Siemens Gamesa Renewable Energy \u2013 dostawca\u0328 generatoro\u0301w turbin oraz z Hitachi Energy &#8211; g\u0142o\u0301wnym dostawca\u0328 i wykonawca\u0328 infrastruktury elektroenergetycznej dla projekto\u0301w Ba\u0142tyk 2 i Ba\u0142tyk 3.<\/p>\n<p><strong>O projektach morskich farm wiatrowych Ba\u0142tyk<\/strong><\/p>\n<p>Polenergia i Equinor wspo\u0301lnie realizuja\u0328 na polskim morzu trzy projekty morskich farm wiatrowych Ba\u0142tyk, o \u0142a\u0328cznej mocy do 3000 MW.<\/p>\n<p>Projekty Ba\u0142tyk 2 i Ba\u0142tyk 3, kto\u0301re sa\u0328 realizowane w pierwszej fazie rozwoju morskiej energetyki wiatrowej w Polsce, sa\u0328 zlokalizowane w polskiej wy\u0142a\u0328cznej strefie ekonomicznej Morza Ba\u0142tyckiego, w odleg\u0142os\u0301ci od 22 do 37 km od linii brzegowej. Pierwsza energia z obu projekto\u0301w ma pop\u0142yna\u0328c\u0301 do sieci juz\u0307 w 2027 roku, komercyjny etap ich uz\u0307ytkowania zaplanowano od 2028 roku.<\/p>\n<\/div>\n<\/div>\n<div id=\"attachment_40549\" style=\"width: 1034px\" class=\"wp-caption aligncenter\"><img aria-describedby=\"caption-attachment-40549\" decoding=\"async\" class=\"size-large wp-image-40549\" src=\"https:\/\/balticwind.eu\/wp-content\/uploads\/2024\/09\/Zrzut-ekranu-2024-09-23-o-19.53.23-1024x575.png\" alt=\"\u0179r\u00f3d\u0142o: Polenergia \/ Equinor\" width=\"1024\" height=\"575\" srcset=\"https:\/\/balticwind.eu\/wp-content\/uploads\/2024\/09\/Zrzut-ekranu-2024-09-23-o-19.53.23-200x112.png 200w, https:\/\/balticwind.eu\/wp-content\/uploads\/2024\/09\/Zrzut-ekranu-2024-09-23-o-19.53.23-300x168.png 300w, https:\/\/balticwind.eu\/wp-content\/uploads\/2024\/09\/Zrzut-ekranu-2024-09-23-o-19.53.23-400x225.png 400w, https:\/\/balticwind.eu\/wp-content\/uploads\/2024\/09\/Zrzut-ekranu-2024-09-23-o-19.53.23-600x337.png 600w, https:\/\/balticwind.eu\/wp-content\/uploads\/2024\/09\/Zrzut-ekranu-2024-09-23-o-19.53.23-768x431.png 768w, https:\/\/balticwind.eu\/wp-content\/uploads\/2024\/09\/Zrzut-ekranu-2024-09-23-o-19.53.23-800x449.png 800w, https:\/\/balticwind.eu\/wp-content\/uploads\/2024\/09\/Zrzut-ekranu-2024-09-23-o-19.53.23-1024x575.png 1024w, https:\/\/balticwind.eu\/wp-content\/uploads\/2024\/09\/Zrzut-ekranu-2024-09-23-o-19.53.23-1200x674.png 1200w, https:\/\/balticwind.eu\/wp-content\/uploads\/2024\/09\/Zrzut-ekranu-2024-09-23-o-19.53.23-1536x862.png 1536w, https:\/\/balticwind.eu\/wp-content\/uploads\/2024\/09\/Zrzut-ekranu-2024-09-23-o-19.53.23.png 1842w\" sizes=\"(max-width: 1024px) 100vw, 1024px\" \/><p id=\"caption-attachment-40549\" class=\"wp-caption-text\">\u0179r\u00f3d\u0142o: Polenergia \/ Equinor<\/p><\/div>\n<\/div>\n<div class=\"page\" title=\"Page 4\">\n<div class=\"layoutArea\">\n<div class=\"column\">\n<p>W kolejnej fazie rozwoju morskiej energetyki wiatrowej w Polsce, Polenergia i Equinor realizuja\u0328 projekt Ba\u0142tyk 1, kto\u0301ry be\u0328dzie oddalony od brzegu o 81 km. Ba\u0142tyk 1, o mocy do 1560 MW, to projekt najwie\u0328kszej farmy wiatrowej w polskiej cze\u0328s\u0301ci Morza Ba\u0142tyckiego, kto\u0301ry jest przygotowywany do aukcji w 2025 roku.<\/p>\n<p>Morskie farmy wiatrowe Ba\u0142tyk zasila\u0328 zielona\u0328 energia\u0328 ponad 4 miliony gospodarstw domowych.<\/p>\n<\/div>\n<\/div>\n<\/div>\n<div class=\"page\" title=\"Page 5\">\n<div class=\"layoutArea\">\n<div class=\"column\">\n<p>\u0179r\u00f3d\u0142o: Polenergia<\/p>\n<\/div>\n<\/div>\n<\/div>\n","protected":false},"excerpt":{"rendered":"<p>Kilkadziesia\u0328t polskich firm zainteresowanych udzia\u0142em w realizacji morskich farm wiatrowych Ba\u0142tyk 2 i Ba\u0142tyk 3 wzie\u0328\u0142o udzia\u0142 w Dniu Dostawcy, kto\u0301ry odby\u0142 sie\u0328 w Gdan\u0301sku. Wydarzenie zosta\u0142o zorganizowane przez Polenergie\u0328 i Equinor, kto\u0301re wspo\u0301lnie realizuja\u0328 projekty morskich farm wiatrowych Ba\u0142tyk, a takz\u0307e g\u0142o\u0301wnych dostawco\u0301w kabli wewne\u0328trznych i eksportowych. Celem Dnia Dostawcy jest wejs\u0301cie polskich wykonawco\u0301w [&hellip;]<\/p>\n","protected":false},"author":8,"featured_media":40546,"comment_status":"closed","ping_status":"closed","sticky":false,"template":"","format":"standard","meta":[],"categories":[137,164,2010],"tags":[],"acf":[],"_links":{"self":[{"href":"https:\/\/balticwind.eu\/pl\/wp-json\/wp\/v2\/posts\/40523"}],"collection":[{"href":"https:\/\/balticwind.eu\/pl\/wp-json\/wp\/v2\/posts"}],"about":[{"href":"https:\/\/balticwind.eu\/pl\/wp-json\/wp\/v2\/types\/post"}],"author":[{"embeddable":true,"href":"https:\/\/balticwind.eu\/pl\/wp-json\/wp\/v2\/users\/8"}],"replies":[{"embeddable":true,"href":"https:\/\/balticwind.eu\/pl\/wp-json\/wp\/v2\/comments?post=40523"}],"version-history":[{"count":0,"href":"https:\/\/balticwind.eu\/pl\/wp-json\/wp\/v2\/posts\/40523\/revisions"}],"wp:featuredmedia":[{"embeddable":true,"href":"https:\/\/balticwind.eu\/pl\/wp-json\/wp\/v2\/media\/40546"}],"wp:attachment":[{"href":"https:\/\/balticwind.eu\/pl\/wp-json\/wp\/v2\/media?parent=40523"}],"wp:term":[{"taxonomy":"category","embeddable":true,"href":"https:\/\/balticwind.eu\/pl\/wp-json\/wp\/v2\/categories?post=40523"},{"taxonomy":"post_tag","embeddable":true,"href":"https:\/\/balticwind.eu\/pl\/wp-json\/wp\/v2\/tags?post=40523"}],"curies":[{"name":"wp","href":"https:\/\/api.w.org\/{rel}","templated":true}]}}