{"id":40704,"date":"2024-10-15T08:55:47","date_gmt":"2024-10-15T06:55:47","guid":{"rendered":"https:\/\/balticwind.eu\/?p=40704"},"modified":"2024-10-15T23:06:37","modified_gmt":"2024-10-15T21:06:37","slug":"terminal-offshore-w-porcie-gdansk-umowa-z-wykonawca-podpisana","status":"publish","type":"post","link":"https:\/\/balticwind.eu\/pl\/terminal-offshore-w-porcie-gdansk-umowa-z-wykonawca-podpisana\/","title":{"rendered":"Terminal offshore w Porcie Gda\u0144sk: umowa z wykonawc\u0105 podpisana"},"content":{"rendered":"<p><strong>W Porcie Gda\u0144sk powstanie nowy hub przemys\u0142owo-us\u0142ugowy przeznaczony do obs\u0142ugi statk\u00f3w instalacyjnych do budowy i eksploatacji morskich farm wiatrowych. Centrum Unijnych Projekt\u00f3w Transportowych podpisa\u0142o umow\u0119 z wykonawc\u0105 terminalu instalacyjnego. Ten znacz\u0105cy projekt otrzyma ponad 900 mln z\u0142 dofinansowania z Krajowego Planu Odbudowy (KPO).<\/strong><\/p>\n<p>Budowa terminalu instalacyjnego jest kluczowym elementem infrastrukturalnym wspieraj\u0105cym rozw\u00f3j odnawialnych \u017ar\u00f3de\u0142 energii na polskim Ba\u0142tyku. Dzi\u0119ki zmniejszeniu odleg\u0142o\u015bci mi\u0119dzy terminalami a projektami morskich farm wiatrowych, inwestycja nie tylko obni\u017cy koszty, ale tak\u017ce zapewni terminow\u0105 realizacj\u0119 takich projekt\u00f3w.<\/p>\n<p>Ca\u0142kowity koszt projektu w Gda\u0144sku to blisko 1,18 mld z\u0142, z czego ponad 900 mln z\u0142 pochodzi z dofinansowania unijnego. Za budow\u0119 terminalu odpowiedzialna b\u0119dzie firma Istrana, kt\u00f3ra wygra\u0142a przetarg. Inwestycja, wspierana w ramach Krajowego Planu Odbudowy, ma zosta\u0107 uko\u0144czona do 2026 roku.<\/p>\n<p>Rozw\u00f3j morskich farm wiatrowych w Polsce b\u0119dzie mia\u0142 znacz\u0105cy wp\u0142yw na mo\u017cliwo\u015bci wytwarzania energii w kraju i rozw\u00f3j sieci przesy\u0142owej. Inicjatywa ta ma r\u00f3wnie\u017c kluczowe znaczenie dla zdolno\u015bci Polski do osi\u0105gni\u0119cia cel\u00f3w klimatycznych i \u015brodowiskowych w zakresie odnawialnych \u017ar\u00f3de\u0142 energii i redukcji emisji CO2. Zgodnie z Polityk\u0105 Energetyczn\u0105 Polski do 2040 roku, celem jest osi\u0105gni\u0119cie 5,9 GW mocy zainstalowanej w energetyce wiatrowej do 2030 roku i 11 GW do 2040 roku.<\/p>\n<p>Terminal ten odegra kluczow\u0105 rol\u0119 w u\u0142atwianiu rozwoju morskiej energetyki wiatrowej, pomagaj\u0105c Polsce w przej\u015bciu na bardziej ekologiczn\u0105 energi\u0119 i zwi\u0119kszaj\u0105c niezale\u017cno\u015b\u0107 energetyczn\u0105.<\/p>\n<p>\u0179r\u00f3d\u0142o: MFiPR<\/p>\n","protected":false},"excerpt":{"rendered":"<p>W Porcie Gda\u0144sk powstanie nowy hub przemys\u0142owo-us\u0142ugowy przeznaczony do obs\u0142ugi statk\u00f3w instalacyjnych do budowy i eksploatacji morskich farm wiatrowych. Centrum Unijnych Projekt\u00f3w Transportowych podpisa\u0142o umow\u0119 z wykonawc\u0105 terminalu instalacyjnego. Ten znacz\u0105cy projekt otrzyma ponad 900 mln z\u0142 dofinansowania z Krajowego Planu Odbudowy (KPO). Budowa terminalu instalacyjnego jest kluczowym elementem infrastrukturalnym wspieraj\u0105cym rozw\u00f3j odnawialnych \u017ar\u00f3de\u0142 energii [&hellip;]<\/p>\n","protected":false},"author":8,"featured_media":40627,"comment_status":"closed","ping_status":"closed","sticky":false,"template":"","format":"standard","meta":[],"categories":[137,164,139],"tags":[],"acf":[],"_links":{"self":[{"href":"https:\/\/balticwind.eu\/pl\/wp-json\/wp\/v2\/posts\/40704"}],"collection":[{"href":"https:\/\/balticwind.eu\/pl\/wp-json\/wp\/v2\/posts"}],"about":[{"href":"https:\/\/balticwind.eu\/pl\/wp-json\/wp\/v2\/types\/post"}],"author":[{"embeddable":true,"href":"https:\/\/balticwind.eu\/pl\/wp-json\/wp\/v2\/users\/8"}],"replies":[{"embeddable":true,"href":"https:\/\/balticwind.eu\/pl\/wp-json\/wp\/v2\/comments?post=40704"}],"version-history":[{"count":0,"href":"https:\/\/balticwind.eu\/pl\/wp-json\/wp\/v2\/posts\/40704\/revisions"}],"wp:featuredmedia":[{"embeddable":true,"href":"https:\/\/balticwind.eu\/pl\/wp-json\/wp\/v2\/media\/40627"}],"wp:attachment":[{"href":"https:\/\/balticwind.eu\/pl\/wp-json\/wp\/v2\/media?parent=40704"}],"wp:term":[{"taxonomy":"category","embeddable":true,"href":"https:\/\/balticwind.eu\/pl\/wp-json\/wp\/v2\/categories?post=40704"},{"taxonomy":"post_tag","embeddable":true,"href":"https:\/\/balticwind.eu\/pl\/wp-json\/wp\/v2\/tags?post=40704"}],"curies":[{"name":"wp","href":"https:\/\/api.w.org\/{rel}","templated":true}]}}