{"id":40986,"date":"2024-11-21T06:30:52","date_gmt":"2024-11-21T05:30:52","guid":{"rendered":"https:\/\/balticwind.eu\/?p=40986"},"modified":"2024-11-21T09:06:21","modified_gmt":"2024-11-21T08:06:21","slug":"ignitis-o-przyszlosci-ekologi-w-morzu-baltyckim","status":"publish","type":"post","link":"https:\/\/balticwind.eu\/pl\/ignitis-o-przyszlosci-ekologi-w-morzu-baltyckim\/","title":{"rendered":"Ignitis o przysz\u0142o\u015bci ekologi w Morzu Ba\u0142tyckim"},"content":{"rendered":"<p><b>Sytuacja w Morzu Ba\u0142tyckim, jednym z pi\u0119ciu najbardziej zanieczyszczonych m\u00f3rz na \u015bwiecie, nie poprawi\u0142a si\u0119 w ostatnich latach, ale wysi\u0142ki r\u00f3\u017cnych grup spo\u0142ecznych, w\u0142adz publicznych i przedsi\u0119biorstw mog\u0105 przynie\u015b\u0107 rezultaty.<\/b> <b>Morska farma wiatrowa Curonian Nord, obecnie rozwijana przez mi\u0119dzynarodow\u0105 firm\u0119 zajmuj\u0105c\u0105 si\u0119 zielon\u0105 energi\u0105, Ignitis Renewables, mo\u017ce r\u00f3wnie\u017c przynie\u015b\u0107 korzy\u015bci Morzu Ba\u0142tyckiemu i z pewno\u015bci\u0105 mie\u0107 pozytywny wp\u0142yw na ekosystemy Morza Ba\u0142tyckiego w perspektywie d\u0142ugoterminowej.<\/b><\/p>\n<p><span style=\"font-weight: 400;\">Dyskusja na temat tego, jakie dzia\u0142ania powinny zosta\u0107 podj\u0119te przez wszystkie zainteresowane strony, aby odwr\u00f3ci\u0107 negatywne procesy zachodz\u0105ce w Morzu Ba\u0142tyckim, odby\u0142a si\u0119 podczas konferencji o nazwie Przysz\u0142o\u015b\u0107 ekologii w Morzu Ba\u0142tyckim, zainicjowanej przez Ignitis Renewables podczas festiwalu Sveika, Neringa.<\/span><\/p>\n<p><span style=\"font-weight: 400;\">Virginijus Sinkevi\u010dius, by\u0142y komisarz europejski i pose\u0142 do Parlamentu Europejskiego, zauwa\u017cy\u0142 w swojej prezentacji, \u017ce dzisiejsze trendy w Morzu Ba\u0142tyckim budz\u0105 bardzo powa\u017cne obawy, a zanieczyszczenie tego akwenu osi\u0105gn\u0119\u0142o poziom krytyczny &#8211; oko\u0142o 93% jego terytorium cierpi na eutrofizacj\u0119 spowodowan\u0105 nadmiarem sk\u0142adnik\u00f3w od\u017cywczych (g\u0142\u00f3wnie azotu i fosforu), czyli zmianami w ekosystemie.<\/span><\/p>\n<blockquote><p><span style=\"font-weight: 400;\">\u201eMorze Ba\u0142tyckie jest jak zlew dla ca\u0142ego regionu. Nasze ryby maj\u0105 nawet pozytywne wyniki test\u00f3w na obecno\u015b\u0107 substancji z sektora farmaceutycznego, mimo \u017ce ryby nie potrzebuj\u0105 ibuprofenu na b\u00f3le g\u0142owy! Najwi\u0119kszym b\u00f3lem g\u0142owy jest dzia\u0142alno\u015b\u0107 cz\u0142owieka, kt\u00f3rej wp\u0142yw jest dodatkowo pot\u0119gowany przez zamkni\u0119ty charakter Morza Ba\u0142tyckiego i zmiany klimatu\u201d &#8211; <\/span><b>m\u00f3wi V. Sinkevi\u010dius<\/b><span style=\"font-weight: 400;\">.<\/span><\/p><\/blockquote>\n<p><span style=\"font-weight: 400;\">Stwierdzi\u0142 jednak, \u017ce z pewno\u015bci\u0105 mamy sposoby na zmian\u0119 sytuacji w Morzu Ba\u0142tyckim, ale wymaga to zjednoczenia si\u0119 i podj\u0119cia konkretnych dzia\u0142a\u0144.<\/span><\/p>\n<p><img decoding=\"async\" class=\"alignnone size-full wp-image-40976\" src=\"https:\/\/balticwind.eu\/wp-content\/uploads\/2024\/11\/DabarMatau_20240921LT401977-2048x1365-1.jpg\" alt=\"\" width=\"2048\" height=\"1365\" srcset=\"https:\/\/balticwind.eu\/wp-content\/uploads\/2024\/11\/DabarMatau_20240921LT401977-2048x1365-1-200x133.jpg 200w, https:\/\/balticwind.eu\/wp-content\/uploads\/2024\/11\/DabarMatau_20240921LT401977-2048x1365-1-300x200.jpg 300w, https:\/\/balticwind.eu\/wp-content\/uploads\/2024\/11\/DabarMatau_20240921LT401977-2048x1365-1-400x267.jpg 400w, https:\/\/balticwind.eu\/wp-content\/uploads\/2024\/11\/DabarMatau_20240921LT401977-2048x1365-1-600x400.jpg 600w, https:\/\/balticwind.eu\/wp-content\/uploads\/2024\/11\/DabarMatau_20240921LT401977-2048x1365-1-768x512.jpg 768w, https:\/\/balticwind.eu\/wp-content\/uploads\/2024\/11\/DabarMatau_20240921LT401977-2048x1365-1-800x533.jpg 800w, https:\/\/balticwind.eu\/wp-content\/uploads\/2024\/11\/DabarMatau_20240921LT401977-2048x1365-1-1024x683.jpg 1024w, https:\/\/balticwind.eu\/wp-content\/uploads\/2024\/11\/DabarMatau_20240921LT401977-2048x1365-1-1200x800.jpg 1200w, https:\/\/balticwind.eu\/wp-content\/uploads\/2024\/11\/DabarMatau_20240921LT401977-2048x1365-1-1536x1024.jpg 1536w, https:\/\/balticwind.eu\/wp-content\/uploads\/2024\/11\/DabarMatau_20240921LT401977-2048x1365-1.jpg 2048w\" sizes=\"(max-width: 2048px) 100vw, 2048px\" \/><\/p>\n<p><b>Wszystkie \u015brodki zosta\u0142y ju\u017c znalezione<\/b><\/p>\n<p><span style=\"font-weight: 400;\">Simonas Gentvilas, minister \u015brodowiska, powiedzia\u0142 na konferencji, \u017ce spo\u0142ecze\u0144stwo mo\u017ce podj\u0105\u0107 dzia\u0142ania maj\u0105ce na celu ochron\u0119 Morza Ba\u0142tyckiego przed zanieczyszczeniem, ale oznacza to, \u017ce r\u00f3\u017cne jego grupy b\u0119d\u0105 musia\u0142y p\u00f3j\u015b\u0107 na pewne kompromisy.<\/span><\/p>\n<blockquote><p><span style=\"font-weight: 400;\">\u201eDu\u017ca cz\u0119\u015b\u0107 populacji miejskiej nadal nie osi\u0105gn\u0119\u0142a 100% pod\u0142\u0105czenia do sieci kanalizacyjnych, a sieci te nie wychwytuj\u0105 wszystkich zanieczyszcze\u0144. Oznacza to, \u017ce szampony, fosfor, potas i inne zanieczyszczenia dostaj\u0105 si\u0119 do rzek przez sieci kanalizacyjne i gromadz\u0105 si\u0119 w Zalewie Kuro\u0144skim\u201d &#8211; <\/span><b>powiedzia\u0142 S. Gentvilas<\/b><span style=\"font-weight: 400;\">.<\/span><\/p><\/blockquote>\n<p><span style=\"font-weight: 400;\">Podczas konferencji zauwa\u017cono, \u017ce morze, kt\u00f3re obmywa brzegi Litwy, b\u0119dzie musia\u0142o przej\u015b\u0107 transformacj\u0119 nie tylko ze wzgl\u0119du na potrzeb\u0119 dbania o jego czysto\u015b\u0107, ale tak\u017ce dlatego, \u017ce ten zbiornik wodny wkr\u00f3tce stanie si\u0119 bardzo wa\u017cn\u0105 cz\u0119\u015bci\u0105 ekosystemu energetycznego.<\/span><\/p>\n<p><span style=\"font-weight: 400;\">Darius Maik\u0161t\u0117nas, dyrektor generalny Ignitis Group, firmy rozwijaj\u0105cej pierwsz\u0105 morsk\u0105 farm\u0119 wiatrow\u0105 w krajach ba\u0142tyckich, Curonian Nord, powiedzia\u0142, \u017ce projekt ten b\u0119dzie musia\u0142 zosta\u0107 zrealizowany przy zapewnieniu maksymalnego bezpiecze\u0144stwa i ochrony \u015brodowiska. \u201eMusimy pomy\u015ble\u0107 o sposobach zminimalizowania wp\u0142ywu na \u015brodowisko podczas budowy i rozwoju farmy wiatrowej, w tym o sposobach maksymalizacji jej korzy\u015bci\u201d &#8211; <\/span><b>zauwa\u017cy\u0142 D. Maik\u0161t\u0117nas<\/b><span style=\"font-weight: 400;\">.<\/span><\/p>\n<p><span style=\"font-weight: 400;\">Wed\u0142ug niego sektor morskiej energetyki wiatrowej jest ju\u017c wystarczaj\u0105co dojrza\u0142y i ma za sob\u0105 dziesi\u0119ciolecia rozwoju, z wieloma technologiami, kt\u00f3re radz\u0105 sobie z r\u00f3\u017cnymi wyzwaniami \u015brodowiskowymi &#8211; wszystko, co musisz zrobi\u0107, to zainwestowa\u0107 w te rozwi\u0105zania.<\/span><\/p>\n<p><img decoding=\"async\" class=\"alignnone size-full wp-image-40979\" src=\"https:\/\/balticwind.eu\/wp-content\/uploads\/2024\/11\/DabarMatau_20240921LT401811-2048x1365-1.jpg\" alt=\"\" width=\"2048\" height=\"1365\" srcset=\"https:\/\/balticwind.eu\/wp-content\/uploads\/2024\/11\/DabarMatau_20240921LT401811-2048x1365-1-200x133.jpg 200w, https:\/\/balticwind.eu\/wp-content\/uploads\/2024\/11\/DabarMatau_20240921LT401811-2048x1365-1-300x200.jpg 300w, https:\/\/balticwind.eu\/wp-content\/uploads\/2024\/11\/DabarMatau_20240921LT401811-2048x1365-1-400x267.jpg 400w, https:\/\/balticwind.eu\/wp-content\/uploads\/2024\/11\/DabarMatau_20240921LT401811-2048x1365-1-600x400.jpg 600w, https:\/\/balticwind.eu\/wp-content\/uploads\/2024\/11\/DabarMatau_20240921LT401811-2048x1365-1-768x512.jpg 768w, https:\/\/balticwind.eu\/wp-content\/uploads\/2024\/11\/DabarMatau_20240921LT401811-2048x1365-1-800x533.jpg 800w, https:\/\/balticwind.eu\/wp-content\/uploads\/2024\/11\/DabarMatau_20240921LT401811-2048x1365-1-1024x683.jpg 1024w, https:\/\/balticwind.eu\/wp-content\/uploads\/2024\/11\/DabarMatau_20240921LT401811-2048x1365-1-1200x800.jpg 1200w, https:\/\/balticwind.eu\/wp-content\/uploads\/2024\/11\/DabarMatau_20240921LT401811-2048x1365-1-1536x1024.jpg 1536w, https:\/\/balticwind.eu\/wp-content\/uploads\/2024\/11\/DabarMatau_20240921LT401811-2048x1365-1.jpg 2048w\" sizes=\"(max-width: 2048px) 100vw, 2048px\" \/><img decoding=\"async\" class=\"wp-image-11147\" src=\"https:\/\/ignitisrenewables.com\/wp-content\/uploads\/2024\/11\/DabarMatau_20240921LT401811-1024x683.jpg\" sizes=\"auto, (max-width: 1024px) 100vw, 1024px\" srcset=\"https:\/\/ignitisrenewables.com\/wp-content\/uploads\/2024\/11\/DabarMatau_20240921LT401811-1024x683.jpg 1024w, https:\/\/ignitisrenewables.com\/wp-content\/uploads\/2024\/11\/DabarMatau_20240921LT401811-300x200.jpg 300w, https:\/\/ignitisrenewables.com\/wp-content\/uploads\/2024\/11\/DabarMatau_20240921LT401811-768x512.jpg 768w, https:\/\/ignitisrenewables.com\/wp-content\/uploads\/2024\/11\/DabarMatau_20240921LT401811-1536x1024.jpg 1536w, https:\/\/ignitisrenewables.com\/wp-content\/uploads\/2024\/11\/DabarMatau_20240921LT401811-2048x1365.jpg 2048w\" alt=\"\" width=\"1024\" height=\"683\" \/><\/p>\n<p><b>Turbiny wiatrowe zamiast tankowc\u00f3w<\/b><\/p>\n<p><span style=\"font-weight: 400;\">Minister S. Gentvilas r\u00f3wnie\u017c popar\u0142 to podej\u015bcie, zauwa\u017caj\u0105c, \u017ce obawy opinii publicznej dotycz\u0105ce potencjalnego wp\u0142ywu morskiej farmy wiatrowej na \u015brodowisko s\u0105 zrozumia\u0142e, ale istniej\u0105 \u015brodki maj\u0105ce na celu zminimalizowanie tego wp\u0142ywu. Je\u015bli chodzi o sektor energetyczny, konieczne jest spojrzenie na szerszy obraz, kt\u00f3rego ocena pokazuje, \u017ce projekty morskiej energetyki wiatrowej s\u0105 nieuniknione.<\/span><\/p>\n<blockquote><p><span style=\"font-weight: 400;\">\u201eKa\u017cdego roku, kiedy kupujemy gaz, rop\u0119 i energi\u0119 elektryczn\u0105, wysy\u0142amy 6,5 miliarda euro za granic\u0119. Statystycznie jest to 2.000 EUR wyj\u0119te z kieszeni ka\u017cdego Litwina. Dzi\u0119ki odpowiedniemu projektowi farmy wiatrowej mamy mo\u017cliwo\u015b\u0107 faktycznej poprawy sytuacji na Morzu Ba\u0142tyckim. Zamiast tankowc\u00f3w powinni\u015bmy wi\u0119c zobaczy\u0107 turbiny wiatrowe, kt\u00f3re wywo\u0142ywa\u0142yby skojarzenia z czystym morzem\u201d &#8211; <\/span><b>powiedzia\u0142<\/b><span style=\"font-weight: 400;\">.<\/span><\/p><\/blockquote>\n<p><span style=\"font-weight: 400;\">Vytautas Grubliauskas, by\u0142y burmistrz K\u0142ajpedy, kt\u00f3ry r\u00f3wnie\u017c wzi\u0105\u0142 udzia\u0142 w konferencji, przypomnia\u0142, \u017ce by\u0142y dyskusje na temat projektu budowy terminalu skroplonego gazu ziemnego, ale dzi\u015b nikt nie w\u0105tpi w jego korzy\u015bci i znaczenie w zakresie niezale\u017cno\u015bci energetycznej i bezpiecze\u0144stwa narodowego.<\/span><\/p>\n<p><b>Potencjalne korzy\u015bci dla ekosystem\u00f3w<\/b><\/p>\n<p><span style=\"font-weight: 400;\">Prof. Art\u016bras Razinkovas-Baziukas z Instytutu Bada\u0144 Morskich Uniwersytetu w K\u0142ajpedzie, kt\u00f3ry r\u00f3wnie\u017c wyg\u0142osi\u0142 prezentacj\u0119 na konferencji, poinformowa\u0142, \u017ce naukowcy prowadz\u0105 obecnie kilka bardzo du\u017cych europejskich bada\u0144 dotycz\u0105cych \u015brodowiska Morza Ba\u0142tyckiego, kt\u00f3re ujawniaj\u0105, \u017ce sytuacja nie jest dobra.<\/span><\/p>\n<p><span style=\"font-weight: 400;\">Profesor zauwa\u017cy\u0142 jednak, \u017ce istniej\u0105 \u015brodki, kt\u00f3re mog\u0105 przyczyni\u0107 si\u0119 do lepszego zarz\u0105dzania zasobami morskimi, przywr\u00f3cenia r\u00f3\u017cnorodno\u015bci biologicznej i poprawy jako\u015bci \u015brodowiska. Projekt morskiej energetyki wiatrowej r\u00f3wnie\u017c mo\u017ce si\u0119 do tego przyczyni\u0107.<\/span><\/p>\n<blockquote><p><span style=\"font-weight: 400;\">\u201eProjekty morskiej energetyki wiatrowej maj\u0105 wp\u0142yw na ekosystemy podczas budowy turbin wiatrowych. Kiedy farma wiatrowa zacznie dzia\u0142a\u0107, mo\u017ce nawet przynie\u015b\u0107 korzy\u015bci, zw\u0142aszcza na Morzu Ba\u0142tyckim. Na przyk\u0142ad ma\u0142\u017ce praktycznie znikn\u0119\u0142y w naszych wodach. Mamy nadziej\u0119, \u017ce po wybudowaniu turbin wiatrowych ich fundamenty stan\u0105 si\u0119 siedliskami ma\u0142\u017cy\u201d &#8211; <\/span><b>wyja\u015bni\u0142a A. Razinkovas-Baziukas<\/b><span style=\"font-weight: 400;\">.<\/span><\/p><\/blockquote>\n<p><span style=\"font-weight: 400;\">Naukowiec podkre\u015bli\u0142 r\u00f3wnie\u017c, \u017ce na terenie morskiej farmy wiatrowej nie b\u0119dzie dozwolone rybo\u0142\u00f3wstwo; ryby nie b\u0119d\u0105 niepokojone i b\u0119d\u0105 mia\u0142y obszary do bezpiecznego tar\u0142a, dzi\u0119ki czemu obecnie uszczuplone zasoby ryb zaczn\u0105 ponownie rosn\u0105\u0107.<\/span><\/p>\n<p><span style=\"font-weight: 400;\">Ignitis Renewables rozwija pierwsz\u0105 morsk\u0105 farm\u0119 wiatrow\u0105 w krajach ba\u0142tyckich, Curonian Nord. Projekt, o mocy do 700 megawat\u00f3w (MW), b\u0119dzie generowa\u0142 oko\u0142o 3 terawatogodzin (TWh) zielonej energii elektrycznej rocznie, co zaspokoi\u0142oby oko\u0142o jednej czwartej obecnego zapotrzebowania Litwy na energi\u0119 elektryczn\u0105. Rozpocz\u0119cie dzia\u0142alno\u015bci farmy wiatrowej planowane jest na oko\u0142o 2030 rok.<\/span><\/p>\n<p><span style=\"font-weight: 400;\">Wi\u0119cej informacji na temat projektu mo\u017cna znale\u017a\u0107 na stronie <\/span><a href=\"https:\/\/ignitisrenewables.com\/the-future-of-ecology-in-the-baltic-sea-it-is-not-too-late-to-change-the-situation\/blank\"><span style=\"font-weight: 400;\">curoniannord.com<\/span><\/a><span style=\"font-weight: 400;\">.<\/span><\/p>\n<p><span style=\"font-weight: 400;\">\u0179r\u00f3d\u0142o: Ignitis Renewables<\/span><\/p>\n","protected":false},"excerpt":{"rendered":"<p>Sytuacja w Morzu Ba\u0142tyckim, jednym z pi\u0119ciu najbardziej zanieczyszczonych m\u00f3rz na \u015bwiecie, nie poprawi\u0142a si\u0119 w ostatnich latach, ale wysi\u0142ki r\u00f3\u017cnych grup spo\u0142ecznych, w\u0142adz publicznych i przedsi\u0119biorstw mog\u0105 przynie\u015b\u0107 rezultaty. Morska farma wiatrowa Curonian Nord, obecnie rozwijana przez mi\u0119dzynarodow\u0105 firm\u0119 zajmuj\u0105c\u0105 si\u0119 zielon\u0105 energi\u0105, Ignitis Renewables, mo\u017ce r\u00f3wnie\u017c przynie\u015b\u0107 korzy\u015bci Morzu Ba\u0142tyckiemu i z pewno\u015bci\u0105 [&hellip;]<\/p>\n","protected":false},"author":8,"featured_media":40985,"comment_status":"closed","ping_status":"closed","sticky":false,"template":"","format":"standard","meta":[],"categories":[2046,137,167],"tags":[],"acf":[],"_links":{"self":[{"href":"https:\/\/balticwind.eu\/pl\/wp-json\/wp\/v2\/posts\/40986"}],"collection":[{"href":"https:\/\/balticwind.eu\/pl\/wp-json\/wp\/v2\/posts"}],"about":[{"href":"https:\/\/balticwind.eu\/pl\/wp-json\/wp\/v2\/types\/post"}],"author":[{"embeddable":true,"href":"https:\/\/balticwind.eu\/pl\/wp-json\/wp\/v2\/users\/8"}],"replies":[{"embeddable":true,"href":"https:\/\/balticwind.eu\/pl\/wp-json\/wp\/v2\/comments?post=40986"}],"version-history":[{"count":0,"href":"https:\/\/balticwind.eu\/pl\/wp-json\/wp\/v2\/posts\/40986\/revisions"}],"wp:featuredmedia":[{"embeddable":true,"href":"https:\/\/balticwind.eu\/pl\/wp-json\/wp\/v2\/media\/40985"}],"wp:attachment":[{"href":"https:\/\/balticwind.eu\/pl\/wp-json\/wp\/v2\/media?parent=40986"}],"wp:term":[{"taxonomy":"category","embeddable":true,"href":"https:\/\/balticwind.eu\/pl\/wp-json\/wp\/v2\/categories?post=40986"},{"taxonomy":"post_tag","embeddable":true,"href":"https:\/\/balticwind.eu\/pl\/wp-json\/wp\/v2\/tags?post=40986"}],"curies":[{"name":"wp","href":"https:\/\/api.w.org\/{rel}","templated":true}]}}