{"id":41007,"date":"2024-11-27T06:30:56","date_gmt":"2024-11-27T05:30:56","guid":{"rendered":"https:\/\/balticwind.eu\/?p=41007"},"modified":"2024-11-26T21:25:49","modified_gmt":"2024-11-26T20:25:49","slug":"iberdrola-zatrudnia-abl-do-nadzorowania-prac-instalacyjnych-windanker-na-morzu","status":"publish","type":"post","link":"https:\/\/balticwind.eu\/pl\/iberdrola-zatrudnia-abl-do-nadzorowania-prac-instalacyjnych-windanker-na-morzu\/","title":{"rendered":"Iberdrola zatrudnia ABL do nadzorowania prac instalacyjnych Windanker na morzu"},"content":{"rendered":"<p><strong>ABL, sp\u00f3\u0142ka zale\u017cna ABL Group ASA, otrzyma\u0142a kontrakt na \u015bwiadczenie us\u0142ug morskiego przegl\u0105du gwarancyjnego (MWS) w celu wsparcia budowy morskiej farmy wiatrowej Windanker o mocy 315 MW, nale\u017c\u0105cej do Iberdroli.<\/strong><\/p>\n<p>ABL Germany, z siedzib\u0105 w Hamburgu, b\u0119dzie \u015bwiadczy\u0107 us\u0142ugi MWS w celu wsparcia morskiej kampanii transportowej i instalacyjnej (T&amp;I) zwi\u0105zanej z fundamentami, kablami mi\u0119dzywarstwowymi i generatorami turbin wiatrowych (WTG). Zakres prac obejmuje zapewnienie eksperckiego przegl\u0105du technicznego i zatwierdzenia dokument\u00f3w, operacji i statk\u00f3w zwi\u0105zanych z aktywami obj\u0119tymi gwarancj\u0105.<\/p>\n<blockquote><p>\u201eCieszymy si\u0119, \u017ce mo\u017cemy wspiera\u0107 Iberdrol\u0119 w budowie najwa\u017cniejszej morskiej farmy wiatrowej Windanker w Niemczech. Jest to kontynuacja wcze\u015bniejszej wsp\u00f3\u0142pracy ABL z Iberdrol\u0105 w Niemczech przy projekcie Baltic Eagle &#8211; odzwierciedlaj\u0105ca nasze udane relacje robocze i warto\u015b\u0107, jak\u0105 jeste\u015bmy w stanie wnie\u015b\u0107 na rozwijaj\u0105cy si\u0119 niemiecki rynek morskiej energetyki wiatrowej. Cieszymy si\u0119, \u017ce mamy mo\u017cliwo\u015b\u0107 dalszego wykorzystywania naszego technicznego know-how i osi\u0105gni\u0119\u0107 w morskiej energetyce wiatrowej do nap\u0119dzania dalszego rozwoju niemieckiej produkcji energii odnawialnej\u201d &#8211; <strong>m\u00f3wi Reuben Segal, CEO ABL Group<\/strong>.<\/p><\/blockquote>\n<p>Projekt Windanker to du\u017ca morska farma wiatrowa w Niemczech zlokalizowana na Morzu Ba\u0142tyckim, oko\u0142o 25 kilometr\u00f3w od brzegu. Sk\u0142ada si\u0119 z 21 turbin wiatrowych o mocy 15 MW i \u0142\u0105cznej mocy 315 MW. Prace instalacyjne zaplanowano na lata 2025 i 2026, a uruchomienie projektu spodziewane jest pod koniec 2026 roku.<\/p>\n<p>Na samym niemieckim rynku morskiej energetyki wiatrowej ABL i jej siostrzana sp\u00f3\u0142ka OWC maj\u0105 na swoim koncie ponad 20 morskich farm wiatrowych o \u0142\u0105cznej mocy ponad 9 GW.<\/p>\n<p>Iberdrola jest najwi\u0119ksz\u0105 firm\u0105 energetyczn\u0105 w Europie pod wzgl\u0119dem kapitalizacji rynkowej i jedn\u0105 z trzech najwi\u0119kszych na \u015bwiecie, obs\u0142uguj\u0105c\u0105 populacj\u0119 ponad 100 milion\u00f3w ludzi na ca\u0142ym \u015bwiecie. Firma zatrudnia ponad 42 200 pracownik\u00f3w, a jej aktywa przekraczaj\u0105 150 miliard\u00f3w euro. W 2023 r. Iberdrola odnotowa\u0142a przychody w wysoko\u015bci prawie 50 mld euro, zysk netto w wysoko\u015bci 4,8 mld euro, a prawie 9,3 mld euro wp\u0142acono na poczet podatk\u00f3w w krajach, w kt\u00f3rych prowadzi dzia\u0142alno\u015b\u0107. Firma wspiera ponad 500 000 miejsc pracy w spo\u0142eczno\u015bciach w ca\u0142ym swoim \u0142a\u0144cuchu dostaw, a globalne zakupy u dostawc\u00f3w przekroczy\u0142y 18,1 mld euro w 2023 roku.<\/p>\n<p>Jako punkt odniesienia w walce ze zmianami klimatycznymi, Iberdrola zainwestowa\u0142a ponad 150 miliard\u00f3w euro w ci\u0105gu ostatnich dw\u00f3ch dekad, aby pom\u00f3c zbudowa\u0107 zr\u00f3wnowa\u017cony model energetyczny, oparty na solidnych zasadach \u015brodowiskowych, spo\u0142ecznych i \u0142adu korporacyjnego (ESG).\u202fFirma obs\u0142uguje ponad 43 000 megawat\u00f3w (MW) mocy energii odnawialnej na ca\u0142ym \u015bwiecie, w tym prawie 21 000 MW l\u0105dowej energii wiatrowej i 2300 MW morskiej energii wiatrowej. Iberdrola jest na dobrej drodze, aby do ko\u0144ca 2026 r. mie\u0107 prawie 5 000 MW mocy morskiej energii wiatrowej.<\/p>\n<p>\u0179r\u00f3d\u0142o: ABL<\/p>\n","protected":false},"excerpt":{"rendered":"<p>ABL, sp\u00f3\u0142ka zale\u017cna ABL Group ASA, otrzyma\u0142a kontrakt na \u015bwiadczenie us\u0142ug morskiego przegl\u0105du gwarancyjnego (MWS) w celu wsparcia budowy morskiej farmy wiatrowej Windanker o mocy 315 MW, nale\u017c\u0105cej do Iberdroli. ABL Germany, z siedzib\u0105 w Hamburgu, b\u0119dzie \u015bwiadczy\u0107 us\u0142ugi MWS w celu wsparcia morskiej kampanii transportowej i instalacyjnej (T&amp;I) zwi\u0105zanej z fundamentami, kablami mi\u0119dzywarstwowymi i [&hellip;]<\/p>\n","protected":false},"author":13,"featured_media":40041,"comment_status":"closed","ping_status":"closed","sticky":false,"template":"","format":"standard","meta":[],"categories":[140,137],"tags":[],"acf":[],"_links":{"self":[{"href":"https:\/\/balticwind.eu\/pl\/wp-json\/wp\/v2\/posts\/41007"}],"collection":[{"href":"https:\/\/balticwind.eu\/pl\/wp-json\/wp\/v2\/posts"}],"about":[{"href":"https:\/\/balticwind.eu\/pl\/wp-json\/wp\/v2\/types\/post"}],"author":[{"embeddable":true,"href":"https:\/\/balticwind.eu\/pl\/wp-json\/wp\/v2\/users\/13"}],"replies":[{"embeddable":true,"href":"https:\/\/balticwind.eu\/pl\/wp-json\/wp\/v2\/comments?post=41007"}],"version-history":[{"count":0,"href":"https:\/\/balticwind.eu\/pl\/wp-json\/wp\/v2\/posts\/41007\/revisions"}],"wp:featuredmedia":[{"embeddable":true,"href":"https:\/\/balticwind.eu\/pl\/wp-json\/wp\/v2\/media\/40041"}],"wp:attachment":[{"href":"https:\/\/balticwind.eu\/pl\/wp-json\/wp\/v2\/media?parent=41007"}],"wp:term":[{"taxonomy":"category","embeddable":true,"href":"https:\/\/balticwind.eu\/pl\/wp-json\/wp\/v2\/categories?post=41007"},{"taxonomy":"post_tag","embeddable":true,"href":"https:\/\/balticwind.eu\/pl\/wp-json\/wp\/v2\/tags?post=41007"}],"curies":[{"name":"wp","href":"https:\/\/api.w.org\/{rel}","templated":true}]}}