{"id":41081,"date":"2024-12-11T08:44:36","date_gmt":"2024-12-11T07:44:36","guid":{"rendered":"https:\/\/balticwind.eu\/?p=41081"},"modified":"2024-12-15T18:34:13","modified_gmt":"2024-12-15T17:34:13","slug":"ue-zatwierdza-estonski-program-pomocy-panstwa-o-wartosci-26-mld-euro-na-wsparcie-morskiej-energetyki-wiatrowej","status":"publish","type":"post","link":"https:\/\/balticwind.eu\/pl\/ue-zatwierdza-estonski-program-pomocy-panstwa-o-wartosci-26-mld-euro-na-wsparcie-morskiej-energetyki-wiatrowej\/","title":{"rendered":"UE zatwierdza esto\u0144ski program pomocy pa\u0144stwa o warto\u015bci 2,6 mld euro na wsparcie morskiej energetyki wiatrowej"},"content":{"rendered":"<p><strong>Komisja Europejska zatwierdzi\u0142a esto\u0144ski program pomocy o warto\u015bci 2,6 mld euro na rzecz wsparcia morskiej energetyki wiatrowej w celu wspierania przej\u015bcia na gospodark\u0119 o zerowym zu\u017cyciu energii netto. Program zosta\u0142 zatwierdzony na podstawie tymczasowych ram dotycz\u0105cych pomocy pa\u0144stwa w sytuacjach kryzysowych i w okresie przej\u015bciowym (\u201eTCTF\u201d) przyj\u0119tych przez Komisj\u0119 w dniu 9 marca 2023 r. i zmienionych w dniu 20 listopada 2023 r. oraz w dniu 2 maja 2024 r.<\/strong><\/p>\n<p><strong>Esto\u0144ski program<\/strong><\/p>\n<p>Estonia zg\u0142osi\u0142a Komisji, w ramach TCTF, program o warto\u015bci 2,6 mld euro maj\u0105cy na celu wspieranie odnawialnej morskiej energii wiatrowej w celu wspierania przej\u015bcia na gospodark\u0119 o zerowym zu\u017cyciu energii netto.<br \/>\n\u015arodek ten b\u0119dzie wspiera\u0142 budow\u0119 i eksploatacj\u0119 morskich farm wiatrowych do produkcji energii elektrycznej na obszarach okre\u015blonych w esto\u0144skim planie zagospodarowania przestrzennego obszar\u00f3w morskich.<\/p>\n<blockquote><p>\u201eTen program o warto\u015bci 2,6 mld euro umo\u017cliwi Estonii wspieranie rozwoju morskiej energetyki wiatrowej jako sposobu na zmniejszenie zale\u017cno\u015bci od paliw kopalnych i wspieranie transformacji energetycznej. Jednocze\u015bnie ogranicza on nadmierne zak\u0142\u00f3cenia konkurencji zgodnie z zasadami pomocy pa\u0144stwa\u201d &#8211; <strong>powiedzia\u0142a Teresa Ribera, wiceprezes wykonawcza ds. czystej, sprawiedliwej i konkurencyjnej transformacji<\/strong>.<\/p><\/blockquote>\n<p>Pomoc zostanie przyznana na podstawie przejrzystej i niedyskryminuj\u0105cej procedury przetargowej. B\u0119dzie ona mia\u0142a form\u0119 zmiennej p\u0142atno\u015bci w ramach dwustronnych kontrakt\u00f3w r\u00f3\u017cnicowych (\u201eCfD\u201d) zawieranych na okres 20 lat. Kwota pomocy zostanie obliczona poprzez por\u00f3wnanie ceny wykonania, okre\u015blonej w ofercie przetargowej wybranego beneficjenta, z cen\u0105 rynkow\u0105 energii elektrycznej. Gdy cena wykonania przekracza referencyjn\u0105 cen\u0119 rynkow\u0105, r\u00f3\u017cnica (premia cenowa) jest wyp\u0142acana beneficjentowi przez pa\u0144stwo esto\u0144skie opr\u00f3cz ceny rynkowej, przy czym maksymalna kwota przyznanej pomocy jest ograniczona do 65 EUR\/MWh. I odwrotnie, gdy referencyjna cena rynkowa przekroczy cen\u0119 wykonania, beneficjent b\u0119dzie musia\u0142 zap\u0142aci\u0107 r\u00f3\u017cnic\u0119 w\u0142adzom esto\u0144skim. Obowi\u0105zywa\u0107 b\u0119dzie ograniczenie rocznego wolumenu wspieranego w danym roku (ustalone na maksymalnie 2 TWh\/rok).<\/p>\n<p>Komisja uzna\u0142a, \u017ce esto\u0144ski program jest zgodny z warunkami okre\u015blonymi w TCTF. W szczeg\u00f3lno\u015bci pomoc (i) zostanie przyznana w drodze otwartej, jasnej, przejrzystej i niedyskryminacyjnej procedury przetargowej; oraz (ii) zostanie przyznana przed dniem 31 grudnia 2025 r.<\/p>\n<p>Komisja stwierdzi\u0142a, \u017ce esto\u0144ski program jest konieczny, odpowiedni i proporcjonalny, aby przyspieszy\u0107 zielon\u0105 transformacj\u0119 i u\u0142atwi\u0107 rozw\u00f3j niekt\u00f3rych rodzaj\u00f3w dzia\u0142alno\u015bci gospodarczej, kt\u00f3re maj\u0105 znaczenie dla realizacji planu REPower EU i planu przemys\u0142owego Zielonego \u0141adu, zgodnie z art. 107 ust. 3 lit. c) Traktatu o funkcjonowaniu Unii Europejskiej i warunkami okre\u015blonymi w TCTF.<\/p>\n<p>\u0179r\u00f3d\u0142o: KE<\/p>\n","protected":false},"excerpt":{"rendered":"<p>Komisja Europejska zatwierdzi\u0142a esto\u0144ski program pomocy o warto\u015bci 2,6 mld euro na rzecz wsparcia morskiej energetyki wiatrowej w celu wspierania przej\u015bcia na gospodark\u0119 o zerowym zu\u017cyciu energii netto. Program zosta\u0142 zatwierdzony na podstawie tymczasowych ram dotycz\u0105cych pomocy pa\u0144stwa w sytuacjach kryzysowych i w okresie przej\u015bciowym (\u201eTCTF\u201d) przyj\u0119tych przez Komisj\u0119 w dniu 9 marca 2023 r. [&hellip;]<\/p>\n","protected":false},"author":8,"featured_media":40578,"comment_status":"closed","ping_status":"closed","sticky":false,"template":"","format":"standard","meta":[],"categories":[180,137,142],"tags":[],"acf":[],"_links":{"self":[{"href":"https:\/\/balticwind.eu\/pl\/wp-json\/wp\/v2\/posts\/41081"}],"collection":[{"href":"https:\/\/balticwind.eu\/pl\/wp-json\/wp\/v2\/posts"}],"about":[{"href":"https:\/\/balticwind.eu\/pl\/wp-json\/wp\/v2\/types\/post"}],"author":[{"embeddable":true,"href":"https:\/\/balticwind.eu\/pl\/wp-json\/wp\/v2\/users\/8"}],"replies":[{"embeddable":true,"href":"https:\/\/balticwind.eu\/pl\/wp-json\/wp\/v2\/comments?post=41081"}],"version-history":[{"count":0,"href":"https:\/\/balticwind.eu\/pl\/wp-json\/wp\/v2\/posts\/41081\/revisions"}],"wp:featuredmedia":[{"embeddable":true,"href":"https:\/\/balticwind.eu\/pl\/wp-json\/wp\/v2\/media\/40578"}],"wp:attachment":[{"href":"https:\/\/balticwind.eu\/pl\/wp-json\/wp\/v2\/media?parent=41081"}],"wp:term":[{"taxonomy":"category","embeddable":true,"href":"https:\/\/balticwind.eu\/pl\/wp-json\/wp\/v2\/categories?post=41081"},{"taxonomy":"post_tag","embeddable":true,"href":"https:\/\/balticwind.eu\/pl\/wp-json\/wp\/v2\/tags?post=41081"}],"curies":[{"name":"wp","href":"https:\/\/api.w.org\/{rel}","templated":true}]}}