{"id":41121,"date":"2024-12-13T06:30:01","date_gmt":"2024-12-13T05:30:01","guid":{"rendered":"https:\/\/balticwind.eu\/?p=41121"},"modified":"2024-12-15T18:33:50","modified_gmt":"2024-12-15T17:33:50","slug":"przelaczanie-spoleczenstwa-na-zielona-energie-w-europie","status":"publish","type":"post","link":"https:\/\/balticwind.eu\/pl\/przelaczanie-spoleczenstwa-na-zielona-energie-w-europie\/","title":{"rendered":"Prze\u0142\u0105czanie spo\u0142ecze\u0144stwa na zielon\u0105 energi\u0119 w Europie"},"content":{"rendered":"<p><em>Naukowcy pomagaj\u0105 mieszka\u0144com ca\u0142ej UE w wyborze czystej energii.<\/em><\/p>\n<p><em>Autorka: Helen Massy-Beresford<\/em><\/p>\n<p>Europa ma wsp\u00f3lny cel w postaci czystej energii i wiele \u015bcie\u017cek prowadz\u0105cych do jego osi\u0105gni\u0119cia. Jedna z nich prowadzi przez place zabaw w Berlinie.<\/p>\n<p>Zewn\u0119trzne przestrzenie dla dzieci w stolicy Niemiec by\u0142y centralnym punktem wysi\u0142k\u00f3w maj\u0105cych na celu informowanie kobiet o roli, jak\u0105 mog\u0105 odegra\u0107 w przyspieszeniu ekspansji energii odnawialnej w UE, takiej jak energia s\u0142oneczna i wiatrowa, oraz rezygnacji z paliw kopalnych, w tym ropy naftowej i gazu ziemnego.<\/p>\n<p><strong>Wszyscy na pok\u0142ad<\/strong><\/p>\n<p>Pomys\u0142 polega na pobudzeniu oddolnych \u201espo\u0142eczno\u015bci energetycznych\u201d, kt\u00f3re dadz\u0105 mieszka\u0144com ca\u0142ej Europy mo\u017cliwo\u015b\u0107 wp\u0142ywania na zmiany w infrastrukturze niezb\u0119dne do osi\u0105gni\u0119cia przez UE celu neutralno\u015bci klimatycznej do 2050 roku.<\/p>\n<p>\u201eCzego mo\u017cemy si\u0119 nauczy\u0107, aby upewni\u0107 si\u0119, \u017ce transformacja energetyczna jest czym\u015b, w co mog\u0105 zaanga\u017cowa\u0107 si\u0119 ludzie z r\u00f3\u017cnych \u015brodowisk?\u201d &#8211; powiedzia\u0142a dr Andrea Kollmann, g\u0142\u00f3wny koordynator bada\u0144 w Instytucie Energii na Uniwersytecie Johannesa Keplera w Linz w Austrii.<\/p>\n<p>Kierowa\u0142a ona projektem, kt\u00f3ry otrzyma\u0142 dofinansowanie z UE w celu znalezienia odpowiedzi. Projekt o nazwie <a href=\"https:\/\/cordis.europa.eu\/project\/id\/101022585\">DIALOGUES<\/a> zako\u0144czy\u0142 si\u0119 w kwietniu 2024 r. po trzech latach i zgromadzi\u0142 uniwersytety, instytuty badawcze i organizacje klimatyczne w krajach od Austrii i Niemiec po Szwajcari\u0119 i Turcj\u0119.<\/p>\n<p>Zesp\u00f3\u0142 DIALOGUES zorganizowa\u0142 \u201eCitizen Action Labs\u201d, aby promowa\u0107 \u015bwiadomo\u015b\u0107 i zrozumienie zmian w krajobrazie energetycznym. To w\u0142a\u015bnie tutaj berli\u0144skie place zabaw wkraczaj\u0105 do akcji.<\/p>\n<p>Wcze\u015bniejsze badania wykaza\u0142y, \u017ce osoby o wy\u017cszych dochodach i wykszta\u0142ceniu technicznym &#8211; cz\u0119sto m\u0119\u017cczy\u017ani, a nie kobiety &#8211; by\u0142y bardziej zaanga\u017cowane w praktyczne kwestie zwi\u0105zane z lokalnymi dostawami i zu\u017cyciem energii.<\/p>\n<p>W rezultacie partnerzy projektu w Berlinie dotarli do os\u00f3b, kt\u00f3re prawdopodobnie nie by\u0142yby zaanga\u017cowane, ale maj\u0105 wa\u017cny udzia\u0142 w ca\u0142ej sprawie.<\/p>\n<p>\u201eW ich przypadku by\u0142y to kobiety\u201d &#8211; powiedzia\u0142a Kollmann.<\/p>\n<p><strong>Matki poruszycielki<\/strong><\/p>\n<p>Powiedzia\u0142a, \u017ce na placach zabaw zesp\u00f3\u0142 poprosi\u0142 matki o udzia\u0142 w trwaj\u0105cych od dw\u00f3ch do trzech godzin dyskusjach na temat \u201esp\u00f3\u0142dzielni energetycznych\u201d &#8211; modelu biznesowego, w kt\u00f3rym mieszka\u0144cy wsp\u00f3lnie posiadaj\u0105 i kontroluj\u0105 przedsi\u0119biorstwo promuj\u0105ce energi\u0119 odnawialn\u0105 lub oszcz\u0119dno\u015b\u0107 energii.<\/p>\n<p>Dyskusje w Berlinie &#8211; w czterech grupach fokusowych &#8211; odby\u0142y si\u0119 w latach 2022-2024 i przyci\u0105gn\u0119\u0142y \u0142\u0105cznie 41 uczestnik\u00f3w. Zesp\u00f3\u0142 zaoferowa\u0142 opiek\u0119 nad dzie\u0107mi podczas niekt\u00f3rych sesji, umo\u017cliwiaj\u0105c wypowiedzenie si\u0119 niekt\u00f3rym matkom, kt\u00f3re w przeciwnym razie nie mog\u0142yby wzi\u0105\u0107 udzia\u0142u.<\/p>\n<p>Wiele kobiet nale\u017ca\u0142o do du\u017cej spo\u0142eczno\u015bci tureckich migrant\u00f3w w Berlinie. Wed\u0142ug Kollmann, wi\u0119kszo\u015b\u0107 z nich nigdy nie s\u0142ysza\u0142a o sp\u00f3\u0142dzielniach energetycznych a wyrazi\u0142a nimi zainteresowanie.<\/p>\n<p>\u201eNiekoniecznie trzeba mie\u0107 samoch\u00f3d elektryczny lub panel fotowoltaiczny na dachu, aby by\u0107 aktywnym obywatelem energetycznym\u201d &#8211; powiedzia\u0142a.<\/p>\n<p><strong>Wyci\u0105gni\u0119te wnioski<\/strong><\/p>\n<p>Szwajcarskie miasto Genewa i bu\u0142garskie miasto Belene stanowi\u0142y podstaw\u0119 dla innych prac projektowych.<\/p>\n<p>W Genewie, gdzie wysi\u0142ki w\u0142adz lokalnych i firm na rzecz produkcji i zu\u017cycia zielonej energii s\u0105 stosunkowo zaawansowane, laboratorium dzia\u0142a\u0144 skupi\u0142o si\u0119 na roli gospodarstw domowych i zach\u0119ca\u0142o mieszka\u0144c\u00f3w do aktywnego dzia\u0142ania.<\/p>\n<p>Laboratorium w Belene, gdzie udzia\u0142 spo\u0142ecze\u0144stwa w kwestiach energetycznych jest nowym pomys\u0142em, zach\u0119ci\u0142o ludzi do rozmowy o wyborach i podnios\u0142o og\u00f3ln\u0105 \u015bwiadomo\u015b\u0107.<\/p>\n<p>Jednym z g\u0142\u00f3wnych wniosk\u00f3w p\u0142yn\u0105cych z ca\u0142ego projektu DIALOGUES jest potrzeba stworzenia &#8211; lub wzmocnienia &#8211; sposob\u00f3w, w jakie zwykli ludzie mog\u0105 anga\u017cowa\u0107 si\u0119 w podejmowanie decyzji dotycz\u0105cych polityki energetycznej i \u015brodowiskowej.<\/p>\n<p>Drugim wnioskiem jest to, \u017ce dotacje, zach\u0119ty podatkowe i inne wsparcie finansowe s\u0105 wa\u017cne w pomaganiu ludziom w inwestowaniu w energi\u0119 odnawialn\u0105. Trzeci wniosek jest taki, \u017ce wsparcie publiczne jest cz\u0119sto niezb\u0119dne, aby ludzie mogli rozwija\u0107 umiej\u0119tno\u015bci uczestniczenia w transformacji energetycznej.<\/p>\n<p><strong>Lokalna si\u0142a<\/strong><\/p>\n<p>Spo\u0142eczno\u015bci korzystaj\u0105ce z odnawialnych \u017ar\u00f3de\u0142 energii zosta\u0142y uwzgl\u0119dnione w nowych <a href=\"https:\/\/eur-lex.europa.eu\/legal-content\/EN\/TXT\/?uri=CELEX:32023L2413&amp;qid=1699364355105\">europejskich przepisach<\/a> maj\u0105cych na celu zwi\u0119kszenie udzia\u0142u odnawialnych \u017ar\u00f3de\u0142 energii w rynku do co najmniej 42,5% w 2030 r. z 23% w 2022 roku.<\/p>\n<p>Chodzi o to, \u017ce podczas coraz wi\u0119kszego przechodzenia Europy na czyst\u0105 energi\u0119, lokalne podmioty mog\u0105 i b\u0119d\u0105 odgrywa\u0107 coraz wi\u0119ksz\u0105 rol\u0119, pocz\u0105wszy od zmiany nawyk\u00f3w konsumpcyjnych i kszta\u0142towania system\u00f3w magazynowania, a sko\u0144czywszy na przewidywaniu zapotrzebowania na si\u0142\u0119 robocz\u0105 i przyspieszaniu krajowych procedur zatwierdzania projekt\u00f3w odnawialnych.<\/p>\n<p>Energia odpowiada za oko\u0142o trzy czwarte emisji gaz\u00f3w cieplarnianych w Europie, co podkre\u015bla znaczenie d\u0105\u017cenia do zwi\u0119kszenia poda\u017cy odnawialnych \u017ar\u00f3de\u0142 energii.<\/p>\n<p>Podobnie jak Kollmann w Austrii, dr Annika Wolff w Finlandii pracowa\u0142a nad usuni\u0119ciem praktycznych barier dla lokalnych inicjatyw w zakresie zielonej energii w UE.<\/p>\n<p>Jako profesor nadzwyczajna w dziedzinie in\u017cynierii oprogramowania skoncentrowanej na u\u017cytkowniku na Uniwersytecie Technologicznym Lappeenranta-Lahti (LUT), Wolff kierowa\u0142a finansowanym przez UE projektem, kt\u00f3ry koncentrowa\u0142 si\u0119 na pomocy w poszerzaniu opcji energetycznych dla ludzi.<\/p>\n<p>Projekt o nazwie <a href=\"https:\/\/cordis.europa.eu\/project\/id\/101022317\">GRETA<\/a> trwa\u0142 dwa i p\u00f3\u0142 roku do pa\u017adziernika 2023 roku.<\/p>\n<p>\u201ePunktem wyj\u015bcia by\u0142o to, jak umo\u017cliwi\u0107 ludziom przej\u0119cie kontroli nad w\u0142asnymi wyborami energetycznymi\u201d &#8211; powiedzia\u0142a Wolff.<\/p>\n<p><strong>Tor przeszk\u00f3d<\/strong><\/p>\n<p>Zesp\u00f3\u0142 projektowy przeprowadzi\u0142 og\u00f3lnoeuropejsk\u0105 ankiet\u0119 obejmuj\u0105c\u0105 \u0142\u0105cznie 10 000 os\u00f3b, ma\u0142ych firm i decydent\u00f3w w 16 krajach UE, od Belgii i Czech po Francj\u0119 i Polsk\u0119.<\/p>\n<p>W ankiecie pogrupowano uczestnik\u00f3w na podstawie informacji o tym, w jaki spos\u00f3b mi\u0119dzy innymi zu\u017cywaj\u0105 energi\u0119, postrzegaj\u0105 produkcj\u0119 energii i s\u0105 na bie\u017c\u0105co z powi\u0105zanymi tematami.<\/p>\n<p>Uczestnicy podzielili si\u0119 na sze\u015b\u0107 kategorii, od najbardziej zaanga\u017cowanych i obeznanych z technologi\u0105 po oboj\u0119tnych. \u015arodkowe kategorie obejmowa\u0142y \u201em\u0142odych uwa\u017cnych\u201d i \u201eosoby o ograniczonych zasobach\u201d.<\/p>\n<p>Wyniki wskaza\u0142y, \u017ce 58% uczestnik\u00f3w ju\u017c aktywnie uczestniczy\u0142o w transformacji energetycznej.<\/p>\n<p>Badanie wykaza\u0142o jednak r\u00f3wnie\u017c, \u017ce znaczna cz\u0119\u015b\u0107 os\u00f3b prawdopodobnie nie zaanga\u017cuje si\u0119 bardziej bez dalszego wsparcia.<\/p>\n<p>Najwi\u0119kszymi barierami dla wi\u0119kszego zaanga\u017cowania by\u0142y ograniczenia finansowe, brak wiedzy i postawa, \u017ce jedna osoba nie mo\u017ce nic zmieni\u0107, zgodnie z ankiet\u0105, kt\u00f3ra wykaza\u0142a r\u00f3wnie\u017c, \u017ce wiele os\u00f3b nadal oczekuje, \u017ce rz\u0105dy przejm\u0105 inicjatyw\u0119.<\/p>\n<p>Projekt pokaza\u0142, \u017ce nawet zaanga\u017cowane i do\u015bwiadczone osoby w tej dziedzinie mog\u0105 napotka\u0107 przeszkody w transformacji energetycznej, wed\u0142ug dr Luriana Kleina, starszego programisty innowacji w portugalskiej firmie Cleanwatts Digital.<\/p>\n<p>GRETA obejmowa\u0142a sze\u015b\u0107 studi\u00f3w przypadku w Finlandii, Niemczech, W\u0142oszech, Holandii, Portugalii i Hiszpanii.<\/p>\n<p>Klein by\u0142 odpowiedzialny za portugalskie studium przypadku GRETA: og\u00f3lnokrajow\u0105 sp\u00f3\u0142dzielni\u0119 energetyczn\u0105 o nazwie Coop\u00e8rnico, kt\u00f3ra zosta\u0142a za\u0142o\u017cona w 2013 roku i dostarcza energi\u0119 s\u0142oneczn\u0105 tysi\u0105com ludzi, ma\u0142ym i \u015brednim przedsi\u0119biorstwom oraz gminom.<\/p>\n<p><strong>Kontrakty na zmiany<\/strong><\/p>\n<p>Jednym z wyzwa\u0144 dla Coop\u00e8rnico by\u0142o sprawienie, by g\u0142os sp\u00f3\u0142dzielni zosta\u0142 us\u0142yszany w\u015br\u00f3d innych, pot\u0119\u017cniejszych graczy na rynku energii, kt\u00f3rzy preferuj\u0105 status quo.<\/p>\n<p>Wed\u0142ug Kleina, regularny dialog mi\u0119dzy podmiotami energetycznymi &#8211; w tym decydentami &#8211; w celu podkre\u015blenia wk\u0142adu ludzi w transformacj\u0119 pom\u00f3g\u0142by pokona\u0107 t\u0119 przeszkod\u0119.<\/p>\n<p>W ramach projektu opracowano zalecenia polityczne dotycz\u0105ce transformacji energetycznej skoncentrowanej na ludziach. Jednym z zalece\u0144 s\u0105 \u201eumowy obywatelskie dotycz\u0105ce energii\u201d.<\/p>\n<p>S\u0105 to dobrowolne zobowi\u0105zania do koordynowania praktyk i cel\u00f3w zr\u00f3wnowa\u017conego rozwoju mi\u0119dzy spo\u0142eczno\u015bciami energetycznymi a decydentami. Umowy mog\u0105, mi\u0119dzy innymi, pom\u00f3c w okre\u015bleniu zasob\u00f3w potrzebnych do osi\u0105gni\u0119cia wsp\u00f3lnych cel\u00f3w.<\/p>\n<p>Zdaniem Kleina, nacisk UE na lokalne inicjatywy maj\u0105ce na celu pobudzenie zmian energetycznych w Europie b\u0119dzie w coraz wi\u0119kszym stopniu obejmowa\u0142 wszystko, od drobnych gest\u00f3w po te najwa\u017cniejsze.<\/p>\n<p>\u201eRola obywateli w transformacji mo\u017ce odpowiada\u0107 inicjatywom indywidualnym lub zbiorowym, spo\u0142ecznym lub politycznym\u201d &#8211; powiedzia\u0142a.<\/p>\n<p>Badania zawarte w tym artykule zosta\u0142y sfinansowane z unijnego programu Horyzont. Pogl\u0105dy rozm\u00f3wc\u00f3w niekoniecznie odzwierciedlaj\u0105 pogl\u0105dy Komisji Europejskiej.<\/p>\n<p>Wi\u0119cej informacji<\/p>\n<ul>\n<li><a href=\"https:\/\/www.dialoguesproject.eu\/\">DIALOGUES<\/a><\/li>\n<li><a href=\"https:\/\/projectgreta.eu\/\">GRETA<\/a><\/li>\n<li><a href=\"https:\/\/research-and-innovation.ec.europa.eu\/research-area\/energy_en\"><span style=\"font-size: 16px;\">Badania i innowacje UE w dziedzinie energii<\/span><\/a><\/li>\n<\/ul>\n<p><em>Ten artyku\u0142 zosta\u0142 pierwotnie opublikowany w <a href=\"https:\/\/ec.europa.eu\/research-and-innovation\/en\/horizon-magazine?pk_campaign=search_campaign&amp;pk_source=google&amp;pk_medium=search\">Horizon<\/a>, unijnym magazynie po\u015bwi\u0119conym badaniom i innowacjom.<\/em><\/p>\n","protected":false},"excerpt":{"rendered":"<p>Naukowcy pomagaj\u0105 mieszka\u0144com ca\u0142ej UE w wyborze czystej energii. Autorka: Helen Massy-Beresford Europa ma wsp\u00f3lny cel w postaci czystej energii i wiele \u015bcie\u017cek prowadz\u0105cych do jego osi\u0105gni\u0119cia. Jedna z nich prowadzi przez place zabaw w Berlinie. Zewn\u0119trzne przestrzenie dla dzieci w stolicy Niemiec by\u0142y centralnym punktem wysi\u0142k\u00f3w maj\u0105cych na celu informowanie kobiet o roli, jak\u0105 [&hellip;]<\/p>\n","protected":false},"author":8,"featured_media":41090,"comment_status":"closed","ping_status":"closed","sticky":false,"template":"","format":"standard","meta":[],"categories":[2046,137,2045,167,2048],"tags":[],"acf":[],"_links":{"self":[{"href":"https:\/\/balticwind.eu\/pl\/wp-json\/wp\/v2\/posts\/41121"}],"collection":[{"href":"https:\/\/balticwind.eu\/pl\/wp-json\/wp\/v2\/posts"}],"about":[{"href":"https:\/\/balticwind.eu\/pl\/wp-json\/wp\/v2\/types\/post"}],"author":[{"embeddable":true,"href":"https:\/\/balticwind.eu\/pl\/wp-json\/wp\/v2\/users\/8"}],"replies":[{"embeddable":true,"href":"https:\/\/balticwind.eu\/pl\/wp-json\/wp\/v2\/comments?post=41121"}],"version-history":[{"count":0,"href":"https:\/\/balticwind.eu\/pl\/wp-json\/wp\/v2\/posts\/41121\/revisions"}],"wp:featuredmedia":[{"embeddable":true,"href":"https:\/\/balticwind.eu\/pl\/wp-json\/wp\/v2\/media\/41090"}],"wp:attachment":[{"href":"https:\/\/balticwind.eu\/pl\/wp-json\/wp\/v2\/media?parent=41121"}],"wp:term":[{"taxonomy":"category","embeddable":true,"href":"https:\/\/balticwind.eu\/pl\/wp-json\/wp\/v2\/categories?post=41121"},{"taxonomy":"post_tag","embeddable":true,"href":"https:\/\/balticwind.eu\/pl\/wp-json\/wp\/v2\/tags?post=41121"}],"curies":[{"name":"wp","href":"https:\/\/api.w.org\/{rel}","templated":true}]}}