{"id":4149,"date":"2021-06-14T09:52:39","date_gmt":"2021-06-14T07:52:39","guid":{"rendered":"https:\/\/balticwind.eu\/?p=4149"},"modified":"2021-07-14T21:12:33","modified_gmt":"2021-07-14T19:12:33","slug":"badanie-zagrozenia-naturalne-i-zdarzenia-ekstremalne-w-regionie-morza-baltyckiego","status":"publish","type":"post","link":"https:\/\/balticwind.eu\/pl\/badanie-zagrozenia-naturalne-i-zdarzenia-ekstremalne-w-regionie-morza-baltyckiego\/","title":{"rendered":"Badanie: Zagro\u017cenia naturalne i zdarzenia ekstremalne w regionie Morza Ba\u0142tyckiego"},"content":{"rendered":"<div class=\"fusion-fullwidth fullwidth-box fusion-builder-row-1 fusion-flex-container nonhundred-percent-fullwidth non-hundred-percent-height-scrolling\" style=\"background-color: rgba(255,255,255,0);background-position: center center;background-repeat: no-repeat;border-width: 0px 0px 0px 0px;border-color:#eaeaea;border-style:solid;\" ><div class=\"fusion-builder-row fusion-row fusion-flex-align-items-flex-start\" style=\"max-width:1289.6px;margin-left: calc(-4% \/ 2 );margin-right: calc(-4% \/ 2 );\"><div class=\"fusion-layout-column fusion_builder_column fusion-builder-column-0 fusion_builder_column_1_1 1_1 fusion-flex-column\"><div class=\"fusion-column-wrapper fusion-flex-justify-content-flex-start fusion-content-layout-column\" style=\"background-position:left top;background-repeat:no-repeat;-webkit-background-size:cover;-moz-background-size:cover;-o-background-size:cover;background-size:cover;padding: 0px 0px 0px 0px;\"><div class=\"fusion-text fusion-text-1\"><p class=\"p1\"><strong>Nowa praca naukowa &#8220;Natural Hazards and Extreme Events in the Baltic Sea region&#8221;, kt\u00f3ra jest obecnie recenzowana jako preprint przez European Geosciences Union, podsumowuje dotychczasow\u0105 wiedz\u0119 na temat ekstremalnych zdarze\u0144 w regionie Morza Ba\u0142tyckiego, ze szczeg\u00f3lnym uwzgl\u0119dnieniem ostatnich 200 lat, jak r\u00f3wnie\u017c przysz\u0142ych scenariuszy klimatycznych. Zagro\u017cenia naturalne i zdarzenia ekstremalne mog\u0105 mie\u0107 powa\u017cne konsekwencje dla spo\u0142ecze\u0144stwa, w tym zagro\u017cenia dla \u017cycia ludzkiego, straty gospodarcze i zniszczone ekosystemy.<\/strong><\/p>\n<p>Opracowanie zosta\u0142o przygotowane przez szerokie grono naukowc\u00f3w z nast\u0119puj\u0105cych instytucji naukowych: Uppsala University, Swedish Meteorological and Hydrological Institute, Stockholm University, Finnish Meteorological Institute, Danish Meteorological Institute, National Academy of Sciences in Belarus, Technical University of Denmark, Aalto University, Leibniz Institute for Baltic Sea Research.<\/p>\n<p>Wa\u017cne wnioski obejmuj\u0105 zar\u00f3wno szanse, jak i zagro\u017cenia w sektorze energetycznym zwi\u0105zane ze zmianami klimatycznymi do po\u0142owy XXI wieku. W badaniach wykorzystano pi\u0119tna\u015bcie kombinacji regionalnych i globalnych modeli klimatycznych. Bardzo interesuj\u0105ce by\u0142o zapoznanie si\u0119 z wnioskami, \u017ce w por\u00f3wnaniu do sytuacji na l\u0105dzie, morska energetyka wiatrowa korzysta co prawda z bogatszych zasob\u00f3w wiatru, ale jest r\u00f3wnie\u017c w znacznym stopniu obci\u0105\u017cona trudniejszymi warunkami \u015brodowiskowymi, co sprawia, \u017ce tzw. poziomowy koszt energii (LCOE) jest znacznie wy\u017cszy. LCOE uwzgl\u0119dnia m.in. transport energii z morza na l\u0105d, przejazdy na farmy w celu konserwacji oraz g\u0142\u0119boko\u015b\u0107 wody, na kt\u00f3rej b\u0119d\u0105 zainstalowane turbiny.<\/p>\n<p>Konserwacja i budowa staj\u0105 si\u0119 trudniejsze w czasie sztorm\u00f3w, poniewa\u017c sztormy powoduj\u0105 bardziej surowe warunki dla turbin i farm na morzu ni\u017c na l\u0105dzie. Nie ma przeszk\u00f3d l\u0105dowych, kt\u00f3re skutecznie poch\u0142ania\u0142yby p\u0119d atmosferyczny, zamiast tego generowane s\u0105 fale; pr\u0105dy rozwijaj\u0105 si\u0119 i rozchodz\u0105, a fale si\u0119 za\u0142amuj\u0105. Mo\u017ce to stanowi\u0107 ogromne obci\u0105\u017cenie dla konstrukcji turbin sta\u0142ych i p\u0142ywaj\u0105cych. W tym samym czasie, \u0142ami\u0105ce si\u0119 fale uwalniaj\u0105 w powietrze krople wody i s\u00f3l morsk\u0105. To, wraz z silnymi opadami na morzu podczas sztorm\u00f3w, ma znacz\u0105cy wp\u0142yw na proces erozji \u0142opat turbiny i wp\u0142ywa na jej wydajno\u015b\u0107. Badanie wskazuje, \u017ce silne wiatry i du\u017ce fale maj\u0105 bezpo\u015bredni wp\u0142yw na dzia\u0142ania takie jak instalacja, eksploatacja i konserwacja. Wiatry sztormowe na morzu cz\u0119\u015bciej osi\u0105gaj\u0105 pr\u0119dko\u015b\u0107 graniczn\u0105 25 ms-1 na wysoko\u015bci w\u0119z\u0142a komunikacyjnego, powoduj\u0105c wi\u0119ksze wahania w produkcji energii elektrycznej, a tym samym powa\u017cne wyzwania w systemie elektroenergetycznym.<\/p>\n<p><a href=\"https:\/\/esd.copernicus.org\/preprints\/esd-2021-13\/\">Zach\u0119cam do zapoznania si\u0119 z ca\u0142o\u015bci\u0105 pracy badawczej.<\/a><\/p>\n<\/div><\/div><style type=\"text\/css\">.fusion-body .fusion-builder-column-0{width:100% !important;margin-top : 0px;margin-bottom : 0px;}.fusion-builder-column-0 > .fusion-column-wrapper {padding-top : 0px !important;padding-right : 0px !important;margin-right : 1.92%;padding-bottom : 0px !important;padding-left : 0px !important;margin-left : 1.92%;}@media only screen and (max-width:1024px) {.fusion-body .fusion-builder-column-0{width:100% !important;}.fusion-builder-column-0 > .fusion-column-wrapper {margin-right : 1.92%;margin-left : 1.92%;}}@media only screen and (max-width:640px) {.fusion-body .fusion-builder-column-0{width:100% !important;}.fusion-builder-column-0 > .fusion-column-wrapper {margin-right : 1.92%;margin-left : 1.92%;}}<\/style><\/div><\/div><style type=\"text\/css\">.fusion-body .fusion-flex-container.fusion-builder-row-1{ padding-top : 0px;margin-top : 0px;padding-right : 0px;padding-bottom : 0px;margin-bottom : 0px;padding-left : 0px;}<\/style><\/div>\n","protected":false},"excerpt":{"rendered":"","protected":false},"author":4,"featured_media":4152,"comment_status":"open","ping_status":"open","sticky":false,"template":"","format":"standard","meta":[],"categories":[137],"tags":[141],"acf":[],"_links":{"self":[{"href":"https:\/\/balticwind.eu\/pl\/wp-json\/wp\/v2\/posts\/4149"}],"collection":[{"href":"https:\/\/balticwind.eu\/pl\/wp-json\/wp\/v2\/posts"}],"about":[{"href":"https:\/\/balticwind.eu\/pl\/wp-json\/wp\/v2\/types\/post"}],"author":[{"embeddable":true,"href":"https:\/\/balticwind.eu\/pl\/wp-json\/wp\/v2\/users\/4"}],"replies":[{"embeddable":true,"href":"https:\/\/balticwind.eu\/pl\/wp-json\/wp\/v2\/comments?post=4149"}],"version-history":[{"count":0,"href":"https:\/\/balticwind.eu\/pl\/wp-json\/wp\/v2\/posts\/4149\/revisions"}],"wp:featuredmedia":[{"embeddable":true,"href":"https:\/\/balticwind.eu\/pl\/wp-json\/wp\/v2\/media\/4152"}],"wp:attachment":[{"href":"https:\/\/balticwind.eu\/pl\/wp-json\/wp\/v2\/media?parent=4149"}],"wp:term":[{"taxonomy":"category","embeddable":true,"href":"https:\/\/balticwind.eu\/pl\/wp-json\/wp\/v2\/categories?post=4149"},{"taxonomy":"post_tag","embeddable":true,"href":"https:\/\/balticwind.eu\/pl\/wp-json\/wp\/v2\/tags?post=4149"}],"curies":[{"name":"wp","href":"https:\/\/api.w.org\/{rel}","templated":true}]}}