{"id":41730,"date":"2025-02-03T08:57:55","date_gmt":"2025-02-03T07:57:55","guid":{"rendered":"https:\/\/balticwind.eu\/?p=41730"},"modified":"2025-02-20T21:52:43","modified_gmt":"2025-02-20T20:52:43","slug":"co-zrobic-gdy-wanna-przecieka-otwierasz-kran-szerzej-czy-naprawiasz-wyciek","status":"publish","type":"post","link":"https:\/\/balticwind.eu\/pl\/co-zrobic-gdy-wanna-przecieka-otwierasz-kran-szerzej-czy-naprawiasz-wyciek\/","title":{"rendered":"Co zrobi\u0107, gdy wanna przecieka? Otwierasz kran szerzej &#8211; czy naprawiasz wyciek?"},"content":{"rendered":"<p><em>Nathalie Hemeleers &#8211; dyrektor ds. UE w <a href=\"https:\/\/sustainable-energy-week.ec.europa.eu\/solar-impulse-foundation_en\">Solar Impulse Foundation<\/a>, jednej z organizacji partnerskich <a href=\"https:\/\/sustainable-energy-week.ec.europa.eu\/index_en\">EUSEW<\/a>, podkre\u015bla kluczow\u0105 rol\u0119 efektywno\u015bci energetycznej, podkre\u015blaj\u0105c jej znaczenie w nap\u0119dzaniu dekarbonizacji, konkurencyjno\u015bci i optymalizacji zasob\u00f3w, innowacyjnych rozwi\u0105za\u0144 oraz wspieraj\u0105cego finansowania i polityk.<\/em><\/p>\n<p><strong>Niniejsza opinia redakcyjna zosta\u0142a opracowana we wsp\u00f3\u0142pracy z European Sustainable Energy Week 2025. Otwarte zaproszenia mo\u017cna znale\u017a\u0107 na stronie <a href=\"https:\/\/sustainable-energy-week.ec.europa.eu\/index_en\">ec.europa.eu\/eusew<\/a>.<\/strong><\/p>\n<p>&nbsp;<\/p>\n<p>Dekarbonizacja naszych dostaw energii poprzez odnawialne \u017ar\u00f3d\u0142a energii jest absolutnie kluczowa. Ale je\u015bli obecne praktyki marnotrawstwa b\u0119d\u0105 kontynuowane, zu\u017cycie energii odnawialnej tylko zwi\u0119kszy obecne zu\u017cycie paliw kopalnych, zamiast je zast\u0105pi\u0107. Inwestowanie w bardziej wydajny system energetyczny jest kluczem do dekarbonizacji, ale tak\u017ce do konkurencyjno\u015bci i bezpiecze\u0144stwa.<\/p>\n<p><strong>\u015awiat, kt\u00f3ry utkn\u0105\u0142 w przesz\u0142o\u015bci<\/strong><\/p>\n<p>\u015awiat, w kt\u00f3rym \u017cyjemy, utkn\u0105\u0142 w przesz\u0142o\u015bci. Technologie pozwalaj\u0105ce nam na eksploatacj\u0119 zasob\u00f3w pozosta\u0142y w du\u017cej mierze niezmienione od czas\u00f3w rewolucji przemys\u0142owej. Nasza gospodarka charakteryzuje si\u0119 marnotrawstwem i nieefektywno\u015bci\u0105.<\/p>\n<p>Zauwa\u017cmy, \u017ce silniki spalinowe trac\u0105 ponad dwie trzecie wytwarzanej przez nas energii, a ponad jedna czwarta naszej wody pitnej jest tracona ka\u017cdego roku z powodu mo\u017cliwych do unikni\u0119cia i podlegaj\u0105cych naprawie wyciek\u00f3w w sieci dystrybucyjnej. Albo, \u017ce jedna trzecia produkowanej przez nas \u017cywno\u015bci jest wyrzucana &#8211; marnuj\u0105c nie tylko produkt ko\u0144cowy, ale ca\u0142\u0105 energi\u0119 i zasoby potrzebne do jego wyprodukowania i dostarczenia do miejsca, w kt\u00f3rym ma si\u0119 znale\u017a\u0107. Sta\u0107 nas na wi\u0119cej.<\/p>\n<p><strong>Warto\u015b\u0107 efektywno\u015bci energetycznej<\/strong><\/p>\n<p>Efektywno\u015b\u0107 energetyczna nie jest now\u0105 koncepcj\u0105, zw\u0142aszcza dla prawodawc\u00f3w UE. Pozwala nie tylko oszcz\u0119dza\u0107 zasoby, ale tak\u017ce (mo\u017cliwe, \u017ce dla wielu przede wszystkim) pieni\u0105dze. Szacuje si\u0119, \u017ce dzi\u0119ki efektywno\u015bci energetycznej mo\u017cna zaoszcz\u0119dzi\u0107 oko\u0142o <a href=\"https:\/\/rmi.org\/why-efficiency-matters-unlocking-benefits-beyond-climate-for-all\/\">4,5 biliona dolar\u00f3w<\/a> rocznie.<\/p>\n<p>Ponadto efektywno\u015b\u0107 energetyczna w samych budynkach mo\u017ce prawie o po\u0142ow\u0119 zmniejszy\u0107 sezonowe zapotrzebowanie szczytowe (do 49,5% redukcji) ka\u017cdego roku do 2050 r., Unikaj\u0105c osieroconych aktyw\u00f3w i niepotrzebnych inwestycji w sieci. <a href=\"https:\/\/www.yourhomeourfuture.eu\/\">44,2 miliarda euro mo\u017cna zaoszcz\u0119dzi\u0107 ka\u017cdego roku<\/a>, dzi\u0119ki czemu tak bardzo potrzebne inwestycje w sie\u0107 dystrybucyjn\u0105 UE s\u0105 bardziej op\u0142acalne!<\/p>\n<p><strong>Dlaczego tak trudno j\u0105 wdro\u017cy\u0107?<\/strong><\/p>\n<p>Efektywno\u015b\u0107 energetyczna jest nadal postrzegana przez wielu jako ograniczenie mo\u017cliwo\u015bci biznesowych. Musimy zmieni\u0107 t\u0119 narracj\u0119.<\/p>\n<p>W czasach, gdy konkurencyjno\u015b\u0107 znajduje si\u0119 na szczycie zainteresowania decydent\u00f3w, efektywno\u015b\u0107 powinna by\u0107 postrzegana jako bliski sojusznik. Inwestuj\u0105c w wydajne systemy produkcyjne, koszty s\u0105 redukowane, daj\u0105c firmom podw\u00f3jn\u0105 przewag\u0119 konkurencyjn\u0105 w postaci produkcji po ni\u017cszych kosztach i w czystszy spos\u00f3b.<\/p>\n<p><strong>Rozwi\u0105zania s\u0105 w zasi\u0119gu r\u0119ki<\/strong><\/p>\n<p>Dobra wiadomo\u015b\u0107: innowacyjne, wydajne rozwi\u0105zania istniej\u0105! Fundacja Solar Impulse zidentyfikowa\u0142a i oznaczy\u0142a ponad 1500 istniej\u0105cych rozwi\u0105za\u0144, kt\u00f3re mog\u0105 urzeczywistni\u0107 t\u0119 zmian\u0119 paradygmatu w praktycznie ka\u017cdym sektorze spo\u0142ecze\u0144stwa.<\/p>\n<p>S\u0105 one dost\u0119pne ju\u017c dzi\u015b, na zasadzie open source, na stronie <a href=\"https:\/\/www.solarimpulse.com\/\">www.solarimpulse.com<\/a>. To tylko kilka z wielu ju\u017c istniej\u0105cych, pokazuj\u0105cych, \u017ce zmiana, do kt\u00f3rej wzywamy, jest realistyczna i w zasi\u0119gu r\u0119ki.<\/p>\n<p><strong>Finansowanie skutecznych rozwi\u0105za\u0144<\/strong><\/p>\n<p>Teraz kluczowe b\u0119dzie zmobilizowanie kapita\u0142u publicznego i prywatnego do inwestowania w czyste i wydajne rozwi\u0105zania oraz modernizacja naszych gospodarek.<\/p>\n<p>Musz\u0105 pojawi\u0107 si\u0119 nowe modele biznesowe, kt\u00f3re nagradzaj\u0105 efektywno\u015b\u0107. Instytucje UE i interesariusze finansowi musz\u0105 zaproponowa\u0107 nowe narz\u0119dzia finansowania, kt\u00f3re stawi\u0105 czo\u0142a podw\u00f3jnemu wyzwaniu, jakim s\u0105 wysokie nak\u0142ady inwestycyjne i wy\u017csze ryzyko dla przedsi\u0119biorstw, zw\u0142aszcza dla M\u015aP.<\/p>\n<p>Zmodernizowana gospodarka oparta na efektywno\u015bci to gospodarka jako\u015bciowa, kt\u00f3rej kluczowym czynnikiem jest ci\u0105g\u0142a optymalizacja zasob\u00f3w.<\/p>\n<p><strong>Wydajno\u015b\u0107 kamieniem w\u0119gielnym post\u0119pu<\/strong><\/p>\n<p>Podstawowym celem jest osi\u0105gni\u0119cie zwi\u0119kszonej wydajno\u015bci w r\u00f3\u017cnych sektorach, nadaj\u0105c priorytet zr\u00f3wnowa\u017conym praktykom i minimalizuj\u0105c marnotrawstwo. Zasadniczo, pozwala to osi\u0105gn\u0105\u0107 wi\u0119cej (i lepiej) przy u\u017cyciu mniejszej ilo\u015bci zasob\u00f3w, przyczyniaj\u0105c si\u0119 tym samym do zmniejszenia \u015bladu \u015brodowiskowego.<\/p>\n<p>Dekarbonizacja nie jest ju\u017c celem ko\u0144cowym, ale staje si\u0119 konsekwencj\u0105 procesu modernizacji, kt\u00f3ry tworzy miejsca pracy i dzia\u0142alno\u015b\u0107 gospodarcz\u0105.<\/p>\n<p><strong>Polecane linki<\/strong><\/p>\n<ul>\n<li><a href=\"https:\/\/solarimpulse.com\/solutions\">Rozwi\u0105zania Fundacji Solar Impulse<\/a><\/li>\n<li><a href=\"https:\/\/www.eib.org\/en\/stories\/servitisation-energy-efficiency-sme\">Wydajno\u015b\u0107 jako us\u0142uga<\/a><\/li>\n<li><a href=\"https:\/\/solarimpulse.com\/cop29%2520\">Inicjatywy i partnerstwa Fundacji Solar Impulse na COP29<\/a><\/li>\n<\/ul>\n<p><strong>O autorze<\/strong><\/p>\n<p>Nathalie Hemeleers jest dyrektorem ds. UE w <a href=\"https:\/\/sustainable-energy-week.ec.europa.eu\/solar-impulse-foundation_en\">Solar Impulse Foundation<\/a>, jednym z partner\u00f3w EUSEW. Jej celem jest d\u0105\u017cenie do modernizacji naszych ram prawnych w celu stworzenia zach\u0119t do przyspieszenia wdra\u017cania czystych rozwi\u0105za\u0144. Po obje\u017adzie \u015bwiata przez Bertranda Piccarda jego samolotem solarnym, Fundacja Solar Impulse zaj\u0119\u0142a si\u0119 zebraniem i oznakowaniem ponad 1500 rozwi\u0105za\u0144, kt\u00f3re s\u0105 czyste i przyst\u0119pne cenowo. Fundacja pracuje obecnie nad stworzeniem ram umo\u017cliwiaj\u0105cych przyj\u0119cie tych rozwi\u0105za\u0144.<\/p>\n<p><em><strong>Zastrze\u017cenie<\/strong>: Ten artyku\u0142 jest wk\u0142adem partnera. Wszelkie prawa zastrze\u017cone.<\/em><\/p>\n<p>Ani Komisja Europejska, ani \u017cadna osoba dzia\u0142aj\u0105ca w imieniu Komisji nie ponosi odpowiedzialno\u015bci za wykorzystanie informacji zawartych w artykule. Wyra\u017cone opinie s\u0105 wy\u0142\u0105cznie opiniami autor\u00f3w i nie powinny by\u0107 traktowane jako reprezentatywne dla oficjalnego stanowiska Komisji Europejskiej.<\/p>\n<p>\u0179r\u00f3d\u0142o: European Sustainable Energy Week<\/p>\n","protected":false},"excerpt":{"rendered":"<p>Nathalie Hemeleers &#8211; dyrektor ds. UE w Solar Impulse Foundation, jednej z organizacji partnerskich EUSEW, podkre\u015bla kluczow\u0105 rol\u0119 efektywno\u015bci energetycznej, podkre\u015blaj\u0105c jej znaczenie w nap\u0119dzaniu dekarbonizacji, konkurencyjno\u015bci i optymalizacji zasob\u00f3w, innowacyjnych rozwi\u0105za\u0144 oraz wspieraj\u0105cego finansowania i polityk. Niniejsza opinia redakcyjna zosta\u0142a opracowana we wsp\u00f3\u0142pracy z European Sustainable Energy Week 2025. Otwarte zaproszenia mo\u017cna znale\u017a\u0107 na [&hellip;]<\/p>\n","protected":false},"author":8,"featured_media":41726,"comment_status":"closed","ping_status":"closed","sticky":false,"template":"","format":"standard","meta":[],"categories":[2046,137,2045,167,143],"tags":[],"acf":[],"_links":{"self":[{"href":"https:\/\/balticwind.eu\/pl\/wp-json\/wp\/v2\/posts\/41730"}],"collection":[{"href":"https:\/\/balticwind.eu\/pl\/wp-json\/wp\/v2\/posts"}],"about":[{"href":"https:\/\/balticwind.eu\/pl\/wp-json\/wp\/v2\/types\/post"}],"author":[{"embeddable":true,"href":"https:\/\/balticwind.eu\/pl\/wp-json\/wp\/v2\/users\/8"}],"replies":[{"embeddable":true,"href":"https:\/\/balticwind.eu\/pl\/wp-json\/wp\/v2\/comments?post=41730"}],"version-history":[{"count":0,"href":"https:\/\/balticwind.eu\/pl\/wp-json\/wp\/v2\/posts\/41730\/revisions"}],"wp:featuredmedia":[{"embeddable":true,"href":"https:\/\/balticwind.eu\/pl\/wp-json\/wp\/v2\/media\/41726"}],"wp:attachment":[{"href":"https:\/\/balticwind.eu\/pl\/wp-json\/wp\/v2\/media?parent=41730"}],"wp:term":[{"taxonomy":"category","embeddable":true,"href":"https:\/\/balticwind.eu\/pl\/wp-json\/wp\/v2\/categories?post=41730"},{"taxonomy":"post_tag","embeddable":true,"href":"https:\/\/balticwind.eu\/pl\/wp-json\/wp\/v2\/tags?post=41730"}],"curies":[{"name":"wp","href":"https:\/\/api.w.org\/{rel}","templated":true}]}}