{"id":41739,"date":"2025-02-03T09:53:43","date_gmt":"2025-02-03T08:53:43","guid":{"rendered":"https:\/\/balticwind.eu\/?p=41739"},"modified":"2025-02-10T10:24:16","modified_gmt":"2025-02-10T09:24:16","slug":"rasmus-errboe-mianowany-dyrektorem-generalnym-orsted-na-miejsce-madsa-nippera","status":"publish","type":"post","link":"https:\/\/balticwind.eu\/pl\/rasmus-errboe-mianowany-dyrektorem-generalnym-orsted-na-miejsce-madsa-nippera\/","title":{"rendered":"Rasmus Errboe mianowany dyrektorem generalnym \u00d8rsted na miejsce Madsa Nippera"},"content":{"rendered":"<p><strong>Rada Dyrektor\u00f3w \u00d8rsted mianowa\u0142a Rasmusa Errboe, obecnego zast\u0119pc\u0119 dyrektora generalnego (CEO) i dyrektora handlowego (CCO), nowym prezesem Grupy i dyrektorem generalnym firmy, zast\u0119puj\u0105c Madsa Nippera, kt\u00f3ry ust\u0105pi ze stanowiska prezesa Grupy i dyrektora generalnego \u00d8rsted.<\/strong><\/p>\n<p>Mads Nipper do\u0142\u0105czy\u0142 do \u00d8rsted w styczniu 2021 roku. Ust\u0105pi ze stanowiska dyrektora generalnego 1 lutego 2025 r., po czym Rasmus Errboe obejmie stanowisko prezesa i dyrektora generalnego Grupy.<\/p>\n<p><strong>Lene Skole, przewodnicz\u0105ca zarz\u0105du \u00d8rsted, m\u00f3wi:<\/strong> \u201eRynek energii odnawialnej zmieni\u0142 si\u0119 zasadniczo od stycznia 2021 roku. Wp\u0142yw coraz trudniejszej sytuacji w bran\u017cy morskiej energetyki wiatrowej na nasz\u0105 dzia\u0142alno\u015b\u0107, pocz\u0105wszy od w\u0105skich garde\u0142 w \u0142a\u0144cuchu dostaw, poprzez wzrost st\u00f3p procentowych, po zmieniaj\u0105cy si\u0119 krajobraz regulacyjny, oznacza, \u017ce nasza uwaga uleg\u0142a zmianie. W zwi\u0105zku z tym zarz\u0105d uzgodni\u0142 dzi\u015b z Madsem Nipperem, \u017ce nadszed\u0142 w\u0142a\u015bciwy czas, aby ust\u0105pi\u0142 ze stanowiska, a zarz\u0105d wyznaczy\u0142 Rasmusa Errboe na stanowisko dyrektora generalnego\u201d.<\/p>\n<p>Z dniem 1 lutego 2025 r. Rasmus Errboe obejmuje stanowisko prezesa Grupy i dyrektora generalnego \u00d8rsted.<\/p>\n<p><strong>Lene Skole, przewodnicz\u0105ca zarz\u0105du \u00d8rsted, m\u00f3wi:<\/strong> \u201eCiesz\u0119 si\u0119, \u017ce mog\u0119 powita\u0107 naszego nowego dyrektora generalnego Rasmusa Errboe, kt\u00f3ry jest cenionym koleg\u0105 w \u00d8rsted od 2012 roku. Jako nasz zast\u0119pca CEO i CCO, a tak\u017ce by\u0142y szef regionalny naszego rynku europejskiego i by\u0142y dyrektor finansowy globalnego biznesu offshore, ma g\u0142\u0119bokie zrozumienie naszej dzia\u0142alno\u015bci i rozleg\u0142\u0105 wiedz\u0119 na temat bran\u017cy energetycznej. Dlatego jestem przekonana, \u017ce Rasmus jest w\u0142a\u015bciw\u0105 osob\u0105 do poprowadzenia firmy przez wyzwania stoj\u0105ce przed bran\u017c\u0105 i \u00d8rsted. Wraz z Rad\u0105 Dyrektor\u00f3w z niecierpliwo\u015bci\u0105 czekam na wsp\u00f3\u0142prac\u0119 z Rasmusem w celu zapewnienia dobrych wynik\u00f3w dla \u00d8rsted\u201d.<\/p>\n<p><strong>Rasmus Errboe, zast\u0119pca CEO i CCO w \u00d8rsted, m\u00f3wi:<\/strong> \u201eJestem zaszczycony i pe\u0142en pokory, \u017ce mog\u0119 obj\u0105\u0107 stanowisko CEO w firmie, kt\u00f3rej z dum\u0105 s\u0142u\u017cy\u0142em przez ostatnie 13 lat. Mam dog\u0142\u0119bn\u0105 wiedz\u0119 na temat bran\u017cy i wraz z naszymi wykwalifikowanymi pracownikami, ja i reszta zespo\u0142u wykonawczego Grupy b\u0119dziemy nieustannie pracowa\u0107 nad tworzeniem warto\u015bci dla naszych klient\u00f3w, akcjonariuszy i og\u00f3\u0142u interesariuszy. \u00d8rsted ma silne fundamenty z unikalnymi mo\u017cliwo\u015bciami i nie mog\u0119 si\u0119 doczeka\u0107, aby obj\u0105\u0107 przyw\u00f3dztwo w transformacji niezb\u0119dnej do poruszania si\u0119 po przeciwno\u015bciach, przed kt\u00f3rymi stoi obecnie \u00d8rsted i nasza bran\u017ca. Morska energetyka wiatrowa pozostaje kluczowa dla zielonej transformacji i jeste\u015bmy g\u0142\u0119boko zaanga\u017cowani w realizacj\u0119 naszej wizji \u015bwiata, kt\u00f3ry w ca\u0142o\u015bci opiera si\u0119 na zielonej energii\u201d.<\/p>\n<p><strong>Lene Skole, przewodnicz\u0105ca zarz\u0105du \u00d8rsted, m\u00f3wi:<\/strong> \u201eW imieniu zarz\u0105du chcia\u0142abym podzi\u0119kowa\u0107 Madsowi Nipperowi za jego zaanga\u017cowanie w realizacj\u0119 wizji \u00d8rsted oraz siln\u0105 i konstruktywn\u0105 wsp\u00f3\u0142prac\u0119 z zarz\u0105dem. Wraz ze swoim zespo\u0142em Mads zwi\u0119kszy\u0142 zainstalowan\u0105 moc odnawialn\u0105 \u00d8rsted z 11,3 GW w 2021 r. do 18,2 GW w 2025 r., jednocze\u015bnie zarz\u0105dzaj\u0105c portfelem starszych projekt\u00f3w i konsekwentnie realizuj\u0105c nasze wytyczne dotycz\u0105ce EBITDA\u201d.<\/p>\n<p><strong>Mads Nipper, prezes Grupy i dyrektor generalny \u00d8rsted, powiedzia\u0142:<\/strong> \u201eProwadzenie \u00d8rsted przez cztery trudne, ale satysfakcjonuj\u0105ce lata by\u0142o wielkim przywilejem. Pomimo przeszk\u00f3d, kt\u00f3re napotkali\u015bmy, osi\u0105gn\u0119li\u015bmy wiele znacz\u0105cych kamieni milowych i jestem niezmiernie dumny z wysi\u0142k\u00f3w i po\u015bwi\u0119cenia naszych koleg\u00f3w. Wyra\u017cam wdzi\u0119czno\u015b\u0107 wszystkim, kt\u00f3rzy wspierali i wierzyli w nasz\u0105 wizj\u0119, i \u017cycz\u0119 Rasmusowi oraz zespo\u0142owi wszystkiego najlepszego\u201d.<\/p>\n<p>Rasmus Errboe do\u0142\u0105czy\u0142 do \u00d8rsted w 2012 roku i zosta\u0142 cz\u0142onkiem zarz\u0105du w 2022 roku. Zanim zosta\u0142 mianowany zast\u0119pc\u0105 dyrektora generalnego i dyrektorem handlowym, Rasmus Errboe zajmowa\u0142 stanowiska tymczasowego dyrektora finansowego grupy, regionalnego szefa Europy, regionalnego szefa Europy kontynentalnej, dyrektora finansowego jednostki biznesowej offshore na ca\u0142ym \u015bwiecie oraz szefa dzia\u0142u fuzji i przej\u0119\u0107 grupy \u00d8rsted, a tak\u017ce by\u0142 og\u00f3lnie odpowiedzialny za IPO \u00d8rsted w 2016 r. oraz zbycie i wydzielenie dzia\u0142alno\u015bci \u00d8rsted w zakresie ropy i gazu w 2017 r.<\/p>\n<p>\u0179r\u00f3d\u0142o: Orsted<\/p>\n","protected":false},"excerpt":{"rendered":"<p>Rada Dyrektor\u00f3w \u00d8rsted mianowa\u0142a Rasmusa Errboe, obecnego zast\u0119pc\u0119 dyrektora generalnego (CEO) i dyrektora handlowego (CCO), nowym prezesem Grupy i dyrektorem generalnym firmy, zast\u0119puj\u0105c Madsa Nippera, kt\u00f3ry ust\u0105pi ze stanowiska prezesa Grupy i dyrektora generalnego \u00d8rsted. Mads Nipper do\u0142\u0105czy\u0142 do \u00d8rsted w styczniu 2021 roku. Ust\u0105pi ze stanowiska dyrektora generalnego 1 lutego 2025 r., po czym [&hellip;]<\/p>\n","protected":false},"author":8,"featured_media":41738,"comment_status":"closed","ping_status":"closed","sticky":false,"template":"","format":"standard","meta":[],"categories":[174,137,167],"tags":[],"acf":[],"_links":{"self":[{"href":"https:\/\/balticwind.eu\/pl\/wp-json\/wp\/v2\/posts\/41739"}],"collection":[{"href":"https:\/\/balticwind.eu\/pl\/wp-json\/wp\/v2\/posts"}],"about":[{"href":"https:\/\/balticwind.eu\/pl\/wp-json\/wp\/v2\/types\/post"}],"author":[{"embeddable":true,"href":"https:\/\/balticwind.eu\/pl\/wp-json\/wp\/v2\/users\/8"}],"replies":[{"embeddable":true,"href":"https:\/\/balticwind.eu\/pl\/wp-json\/wp\/v2\/comments?post=41739"}],"version-history":[{"count":0,"href":"https:\/\/balticwind.eu\/pl\/wp-json\/wp\/v2\/posts\/41739\/revisions"}],"wp:featuredmedia":[{"embeddable":true,"href":"https:\/\/balticwind.eu\/pl\/wp-json\/wp\/v2\/media\/41738"}],"wp:attachment":[{"href":"https:\/\/balticwind.eu\/pl\/wp-json\/wp\/v2\/media?parent=41739"}],"wp:term":[{"taxonomy":"category","embeddable":true,"href":"https:\/\/balticwind.eu\/pl\/wp-json\/wp\/v2\/categories?post=41739"},{"taxonomy":"post_tag","embeddable":true,"href":"https:\/\/balticwind.eu\/pl\/wp-json\/wp\/v2\/tags?post=41739"}],"curies":[{"name":"wp","href":"https:\/\/api.w.org\/{rel}","templated":true}]}}