{"id":41757,"date":"2025-02-12T11:30:51","date_gmt":"2025-02-12T10:30:51","guid":{"rendered":"https:\/\/balticwind.eu\/?p=41757"},"modified":"2025-02-12T11:30:51","modified_gmt":"2025-02-12T10:30:51","slug":"pierwsi-gornicy-podjeli-prace-w-zawodzie-technika-turbin-wiatrowych-dzieki-udziale-w-programie-szkoleniowym-wiatr-kopalnia-mozliwosci","status":"publish","type":"post","link":"https:\/\/balticwind.eu\/pl\/pierwsi-gornicy-podjeli-prace-w-zawodzie-technika-turbin-wiatrowych-dzieki-udziale-w-programie-szkoleniowym-wiatr-kopalnia-mozliwosci\/","title":{"rendered":"Pierwsi g\u00f3rnicy podj\u0119li prac\u0119 w zawodzie technika turbin wiatrowych, dzi\u0119ki udziale w programie szkoleniowym \u201eWiatr \u2013 Kopalnia Mo\u017cliwo\u015bci\u201d"},"content":{"rendered":"<p><strong>W lutym kolejnych dziesi\u0119ciu uczestnik\u00f3w rozpocz\u0119\u0142o nauk\u0119 w ramach czwartej edycji programu \u201eWiatr \u2013 Kopalnia mo\u017cliwo\u015bci\u201d, kt\u00f3ry wspiera przebran\u017cowienie g\u00f3rnik\u00f3w na technik\u00f3w i serwisant\u00f3w turbin wiatrowych. Uczestnicy, kt\u00f3rzy uko\u0144cz\u0105 szkolenia, uzyskaj\u0105 honorowan\u0105 na ca\u0142ym \u015bwiecie certyfikacj\u0119 Global Wind Organisation. Zaplanowano sze\u015b\u0107 edycji projektu. Szkolenie jest organizowane i finansowana przez EDF Renewables Polska we wsp\u00f3\u0142pracy z Vulcan Training &amp; Consultancy oraz Sp\u00f3\u0142k\u0105 Restrukturyzacji Kopal\u0144. Dla zainteresowanych pracownik\u00f3w odchodz\u0105cych z sektora wydobycia w\u0119gla kamiennego udzia\u0142 w kursach jest bezp\u0142atny.<\/strong><\/p>\n<blockquote><p><em>To umiej\u0119tno\u015bci, kt\u00f3rych przez kilkadziesi\u0105t nast\u0119pnych lat b\u0119dzie oczekiwa\u0142 rynek OZE w Polsce. Technicy i serwisanci b\u0119d\u0105 potrzebni zar\u00f3wno w rozwoju energetyki wiatrowej na l\u0105dzie, jak i rozwoju programu Morskiej Energetyki Wiatrowej na Ba\u0142tyku. Organizuj\u0105c kolejne edycje bezp\u0142atnych szkole\u0144 dla g\u00f3rnik\u00f3w chcemy wzi\u0105\u0107 cz\u0119\u015b\u0107 odpowiedzialno\u015bci za realizacj\u0119 sprawiedliwej transformacji energetycznej Polski\u00a0 <\/em>&#8211; m\u00f3wi <strong>Alicja Chili\u0144ska &#8211; Zawadzka, prezes zarz\u0105du EDF Renewables Polska. <\/strong><\/p><\/blockquote>\n<p>We wszystkich edycjach programu wzi\u0119\u0142o udzia\u0142 ju\u017c kilkudziesi\u0119ciu g\u00f3rnik\u00f3w &#8211; wszyscy otrzymali propozycje pracy w sektorze OZE, a kilkunastu z nich ju\u017c podj\u0119\u0142o zatrudnienie, kt\u00f3re dzi\u015b na europejskim rynku pracy promowane jest wysokimi zarobkami oraz stabilnym zatrudnieniem w rozwijaj\u0105cej si\u0119 bran\u017cy. Wed\u0142ug szacunk\u00f3w, rozwijaj\u0105cy si\u0119 w Polsce sektor OZE b\u0119dzie potrzebowa\u0142 kilkadziesi\u0105t tysi\u0119cy pracownik\u00f3w &#8211; a ten europejski nawet 200 tysi\u0119cy.<\/p>\n<blockquote><p><em>Pracownicy odchodz\u0105cy z kopal\u0144 mog\u0105 stanowi\u0107 du\u017c\u0105 cz\u0119\u015b\u0107 specjalist\u00f3w, kt\u00f3rych potrzebuje rynek OZE zar\u00f3wno w obszarze produkcji energii z wiatru, jak i ze s\u0142o\u0144ca &#8211; <\/em>dodaje <strong>Alicja Chili\u0144ska Zawadzka.<\/strong> &#8211; <em>Doskonale wiemy, jak wa\u017cnym elementem\u00a0 sprawiedliwej transformacji jest zapewnienie pracownikom \u201estarej energetyki\u201d mo\u017cliwo\u015bci rozwoju zawodowego, by pozostali aktywnymi uczestnikami rynku pracy w tym sektorze gospodarki. <\/em><\/p><\/blockquote>\n<p>EDF Renewables Polska realizuje program przy wsp\u00f3\u0142pracy z do\u015bwiadczn\u0105 firm\u0105 szkoleniow\u0105 Vulcan Training &amp; Consultancy, a partnerem projektu jest Sp\u00f3\u0142ka Restrukturyzacji Kopal\u0144, kt\u00f3ra odgrywa znacz\u0105c\u0105 rol\u0119 w polskiej transformacji energetycznej. Obliczona na kilka lat wsp\u00f3\u0142praca zaowocuje przygotowaniem g\u00f3rnik\u00f3w, kt\u00f3rzy odchodz\u0105 z kopal\u0144, do pracy w charakterze technik\u00f3w i serwisant\u00f3w turbin wiatrowych.<\/p>\n<p>Szkolenie oferowane bezp\u0142atnie pracownikom sektora wydobywczego trwa trzy tygodnie i jest zgodne ze standardami Global Wind Organisation, Urz\u0119du Dozoru Technicznego oraz Stowarzyszenia Elektryk\u00f3w Polskich. Oznacza to, \u017ce osoby, kt\u00f3re przejd\u0105 kurs, b\u0119d\u0105 mog\u0142y pracowa\u0107 przy instalacji i serwisowaniu turbin nie tylko w Polsce, ale na ca\u0142ym \u015bwiecie.<\/p>\n<p>\u0179r\u00f3d\u0142o: EDF Renewables<\/p>\n","protected":false},"excerpt":{"rendered":"<p>W lutym kolejnych dziesi\u0119ciu uczestnik\u00f3w rozpocz\u0119\u0142o nauk\u0119 w ramach czwartej edycji programu \u201eWiatr \u2013 Kopalnia mo\u017cliwo\u015bci\u201d, kt\u00f3ry wspiera przebran\u017cowienie g\u00f3rnik\u00f3w na technik\u00f3w i serwisant\u00f3w turbin wiatrowych. Uczestnicy, kt\u00f3rzy uko\u0144cz\u0105 szkolenia, uzyskaj\u0105 honorowan\u0105 na ca\u0142ym \u015bwiecie certyfikacj\u0119 Global Wind Organisation. Zaplanowano sze\u015b\u0107 edycji projektu. Szkolenie jest organizowane i finansowana przez EDF Renewables Polska we wsp\u00f3\u0142pracy z [&hellip;]<\/p>\n","protected":false},"author":8,"featured_media":41306,"comment_status":"closed","ping_status":"closed","sticky":false,"template":"","format":"standard","meta":[],"categories":[137,2045,164],"tags":[],"acf":[],"_links":{"self":[{"href":"https:\/\/balticwind.eu\/pl\/wp-json\/wp\/v2\/posts\/41757"}],"collection":[{"href":"https:\/\/balticwind.eu\/pl\/wp-json\/wp\/v2\/posts"}],"about":[{"href":"https:\/\/balticwind.eu\/pl\/wp-json\/wp\/v2\/types\/post"}],"author":[{"embeddable":true,"href":"https:\/\/balticwind.eu\/pl\/wp-json\/wp\/v2\/users\/8"}],"replies":[{"embeddable":true,"href":"https:\/\/balticwind.eu\/pl\/wp-json\/wp\/v2\/comments?post=41757"}],"version-history":[{"count":0,"href":"https:\/\/balticwind.eu\/pl\/wp-json\/wp\/v2\/posts\/41757\/revisions"}],"wp:featuredmedia":[{"embeddable":true,"href":"https:\/\/balticwind.eu\/pl\/wp-json\/wp\/v2\/media\/41306"}],"wp:attachment":[{"href":"https:\/\/balticwind.eu\/pl\/wp-json\/wp\/v2\/media?parent=41757"}],"wp:term":[{"taxonomy":"category","embeddable":true,"href":"https:\/\/balticwind.eu\/pl\/wp-json\/wp\/v2\/categories?post=41757"},{"taxonomy":"post_tag","embeddable":true,"href":"https:\/\/balticwind.eu\/pl\/wp-json\/wp\/v2\/tags?post=41757"}],"curies":[{"name":"wp","href":"https:\/\/api.w.org\/{rel}","templated":true}]}}