{"id":41989,"date":"2025-02-20T06:30:28","date_gmt":"2025-02-20T05:30:28","guid":{"rendered":"https:\/\/balticwind.eu\/?p=41989"},"modified":"2025-02-19T22:05:33","modified_gmt":"2025-02-19T21:05:33","slug":"sven-utermohlen-rwe-rozszerza-dzialalnosc-w-zakresie-morskiej-energetyki-wiatrowej-w-europie-kontynentalnej","status":"publish","type":"post","link":"https:\/\/balticwind.eu\/pl\/sven-utermohlen-rwe-rozszerza-dzialalnosc-w-zakresie-morskiej-energetyki-wiatrowej-w-europie-kontynentalnej\/","title":{"rendered":"Sven Uterm\u00f6hlen: RWE rozszerza dzia\u0142alno\u015b\u0107 w zakresie morskiej energetyki wiatrowej w Europie kontynentalnej"},"content":{"rendered":"<p><strong>W niedawnym po\u015bcie na LinkedIn Sven Uterm\u00f6hlen, Chief Executive Officer (CEO) Offshore Wind, przedstawi\u0142 aktualne informacje na temat dzia\u0142alno\u015bci RWE w zakresie morskiej energetyki wiatrowej w Europie kontynentalnej. Firma obs\u0142uguje obecnie dziewi\u0119\u0107 morskich farm wiatrowych, ma trzy projekty w budowie i zabezpieczy\u0142a dwie dodatkowe lokalizacje. Dzia\u0142ania te wzmacniaj\u0105 rol\u0119 RWE w transformacji Europy w kierunku czystej energii.<\/strong><\/p>\n<p>Niemcy zajmuj\u0105 centraln\u0105 pozycj\u0119 w portfolio morskich farm wiatrowych RWE. Firma obs\u0142uguje sze\u015b\u0107 morskich farm wiatrowych o \u0142\u0105cznej mocy ponad 2 gigawat\u00f3w. W\u015br\u00f3d nich znajduj\u0105 si\u0119 Arkona i Kaskasi, kt\u00f3re s\u0105 najwi\u0119kszymi morskimi farmami wiatrowymi w Europie kontynentalnej. Ka\u017cdy z tych projekt\u00f3w generuje wystarczaj\u0105c\u0105 ilo\u015b\u0107 energii elektrycznej, aby zasili\u0107 oko\u0142o 400 000 niemieckich gospodarstw domowych.<\/p>\n<p>Obecno\u015b\u0107 RWE w Niemczech obejmuje Alpha Ventus, pierwsz\u0105 morsk\u0105 farm\u0119 wiatrow\u0105 w kraju, kt\u00f3ra pozostaje cz\u0119\u015bci\u0105 portfolio firmy. Firma przygotowuje si\u0119 do dalszej ekspansji dzi\u0119ki Nordseecluster, 1,6-gigawatowemu projektowi, kt\u00f3rego budowa rozpocznie si\u0119 w tym roku. Ponadto, RWE wsp\u00f3\u0142pracuje z TotalEnergies nad rozwojem dw\u00f3ch du\u017cych morskich farm wiatrowych, przyczyniaj\u0105c si\u0119 do rozwoju morskiej energetyki wiatrowej w Niemczech.<\/p>\n<p>W Szwecji i Danii RWE obs\u0142uguje morskie farmy wiatrowe od ponad dekady. Farmy wiatrowe K\u00e5rehamn w Szwecji i R\u00f8dsand 2 w Danii dostarczaj\u0105 energi\u0119 elektryczn\u0105 odpowiednio od 13 i 15 lat. Miejsca te s\u0142u\u017c\u0105 jako wa\u017cne centra wiedzy technicznej. Jednym z przyk\u0142ad\u00f3w jest wykorzystanie stanowiska testowego na l\u0105dzie, kt\u00f3re pomaga diagnozowa\u0107 i zapobiega\u0107 awariom elektrycznym. RWE rozwija r\u00f3wnie\u017c rozw\u00f3j morskiej energetyki wiatrowej w Danii poprzez budow\u0119 farmy Thor, kt\u00f3ra stanie si\u0119 najwi\u0119ksz\u0105 morsk\u0105 farm\u0105 wiatrow\u0105 w kraju. Budowa rozpocznie si\u0119 w tym roku.<\/p>\n<p>Belgia i Holandia r\u00f3wnie\u017c odgrywaj\u0105 znacz\u0105c\u0105 rol\u0119 w portfolio morskich farm wiatrowych RWE. Farma wiatrowa Thornton Bank dostarcza energi\u0119 elektryczn\u0105 do Belgii od ponad 15 lat. W Holandii RWE niedawno rozpocz\u0119\u0142o budow\u0119 OranjeWind, projektu o mocy 795 megawat\u00f3w, kt\u00f3ry zapewni energi\u0119 elektryczn\u0105 dla ponad miliona holenderskich gospodarstw domowych.<\/p>\n<p>Sven Uterm\u00f6hlen podkre\u015bla, \u017ce dalszy rozw\u00f3j morskiej energetyki wiatrowej wymaga wsparcia politycznego i stabilnych warunk\u00f3w inwestycyjnych. Podkre\u015bla potrzeb\u0119 przejrzystych kryteri\u00f3w aukcyjnych, kt\u00f3re r\u00f3wnowa\u017c\u0105 ryzyko i zwrot dla deweloper\u00f3w, takich jak dwustronne kontrakty r\u00f3\u017cnicowe (CfD). Wskazuje r\u00f3wnie\u017c na znaczenie odpornego \u0142a\u0144cucha dostaw, aby sprosta\u0107 rosn\u0105cemu zapotrzebowaniu na infrastruktur\u0119 morskiej energetyki wiatrowej.<\/p>\n<blockquote><p><strong>Sven Uterm\u00f6hlen podsumowuje<\/strong>: \u201eTo ekscytuj\u0105cy czas. To ekscytuj\u0105ce rynki\u201d &#8211; podsumowuje Uterm\u00f6hlen. \u201e#TeamRWE spe\u0142nia oczekiwania\u201d.<\/p><\/blockquote>\n<p>Dzi\u0119ki ci\u0105g\u0142ej ekspansji i nowym projektom RWE nadal odgrywa wa\u017cn\u0105 rol\u0119 w przej\u015bciu Europy na czyst\u0105 energi\u0119.<\/p>\n<p>\u0179r\u00f3d\u0142o: RWE &amp; LInkedin<\/p>\n","protected":false},"excerpt":{"rendered":"<p>W niedawnym po\u015bcie na LinkedIn Sven Uterm\u00f6hlen, Chief Executive Officer (CEO) Offshore Wind, przedstawi\u0142 aktualne informacje na temat dzia\u0142alno\u015bci RWE w zakresie morskiej energetyki wiatrowej w Europie kontynentalnej. Firma obs\u0142uguje obecnie dziewi\u0119\u0107 morskich farm wiatrowych, ma trzy projekty w budowie i zabezpieczy\u0142a dwie dodatkowe lokalizacje. Dzia\u0142ania te wzmacniaj\u0105 rol\u0119 RWE w transformacji Europy w kierunku [&hellip;]<\/p>\n","protected":false},"author":13,"featured_media":41988,"comment_status":"closed","ping_status":"closed","sticky":false,"template":"","format":"standard","meta":[],"categories":[137,167],"tags":[],"acf":[],"_links":{"self":[{"href":"https:\/\/balticwind.eu\/pl\/wp-json\/wp\/v2\/posts\/41989"}],"collection":[{"href":"https:\/\/balticwind.eu\/pl\/wp-json\/wp\/v2\/posts"}],"about":[{"href":"https:\/\/balticwind.eu\/pl\/wp-json\/wp\/v2\/types\/post"}],"author":[{"embeddable":true,"href":"https:\/\/balticwind.eu\/pl\/wp-json\/wp\/v2\/users\/13"}],"replies":[{"embeddable":true,"href":"https:\/\/balticwind.eu\/pl\/wp-json\/wp\/v2\/comments?post=41989"}],"version-history":[{"count":0,"href":"https:\/\/balticwind.eu\/pl\/wp-json\/wp\/v2\/posts\/41989\/revisions"}],"wp:featuredmedia":[{"embeddable":true,"href":"https:\/\/balticwind.eu\/pl\/wp-json\/wp\/v2\/media\/41988"}],"wp:attachment":[{"href":"https:\/\/balticwind.eu\/pl\/wp-json\/wp\/v2\/media?parent=41989"}],"wp:term":[{"taxonomy":"category","embeddable":true,"href":"https:\/\/balticwind.eu\/pl\/wp-json\/wp\/v2\/categories?post=41989"},{"taxonomy":"post_tag","embeddable":true,"href":"https:\/\/balticwind.eu\/pl\/wp-json\/wp\/v2\/tags?post=41989"}],"curies":[{"name":"wp","href":"https:\/\/api.w.org\/{rel}","templated":true}]}}