{"id":42012,"date":"2025-02-24T06:30:04","date_gmt":"2025-02-24T05:30:04","guid":{"rendered":"https:\/\/balticwind.eu\/?p=42012"},"modified":"2025-03-05T00:46:47","modified_gmt":"2025-03-04T23:46:47","slug":"konferencja-windforce-baltic-sea-wab-odbyla-sie-na-wyspie-lolland-falster-w-danii-wspolpraca-w-zakresie-transformacji-energetycznej-i-wzmocnienie-transferu-technologii-wazniejsze-niz-kiedykolwiek-wcz","status":"publish","type":"post","link":"https:\/\/balticwind.eu\/pl\/konferencja-windforce-baltic-sea-wab-odbyla-sie-na-wyspie-lolland-falster-w-danii-wspolpraca-w-zakresie-transformacji-energetycznej-i-wzmocnienie-transferu-technologii-wazniejsze-niz-kiedykolwiek-wcz\/","title":{"rendered":"Konferencja WINDFORCE Baltic Sea WAB odby\u0142a si\u0119 na wyspie Lolland\/Falster w Danii. Wsp\u00f3\u0142praca w zakresie transformacji energetycznej i wzmocnienie transferu technologii wa\u017cniejsze ni\u017c kiedykolwiek wcze\u015bniej"},"content":{"rendered":"<div class=\"teaser-text\">\n<p><strong>Maribo, Bremerhaven 21.02.2025 &#8211; 23. Konferencja WINDFORCE Baltic Sea odby\u0142a si\u0119 w dniach 19-20 lutego 2025 r. w Maribo na wyspie Lolland \/ Falster w Danii pod has\u0142em \u201eWsp\u00f3\u0142praca w zakresie transformacji energetycznej, wzmocnienie transferu technologii, realizacja cel\u00f3w ochrony klimatu, tworzenie miejsc pracy, wzmocnienie przemys\u0142u\u201d [&#8220;Cooperation in the energy transition, strengthening technology transfer, implementing climate protection goals, creating jobs, strengthening industry&#8221;]. Tegorocznym partnerem konferencji by\u0142a Niemiecko-Du\u0144ska Izba Handlowa.<\/strong><\/p>\n<p>Z udzia\u0142em mi\u0119dzynarodowych go\u015bci i krajowych ekspert\u00f3w, takich jak Pernille Asgard Haaning, CEO RWE Renewables Denmark, i dr Henrich Quick, Head of Offshore w 50 Hertz Transmission GmbH, konferencja skupi\u0142a si\u0119 na zr\u00f3wnowa\u017conym rozwoju morskiej energetyki wiatrowej.<\/p>\n<blockquote><p><strong>Markus N\u00f6lke &#8211; Dyrektor Zarz\u0105dzaj\u0105cy WAB<\/strong>: \u201eKonferencja WINDFORCE Baltic Sea \u0142\u0105czy kraje granicz\u0105ce z Morzem Ba\u0142tyckim ponad granicami pa\u0144stwowymi i wzmacnia profesjonaln\u0105 wymian\u0119 w bran\u017cy.\u00a0Po poprzednich konferencjach w Niemczech, Estonii, Finlandii, Polsce i Szwecji nadszed\u0142 czas na wymian\u0119 pomys\u0142\u00f3w dotycz\u0105cych wsp\u00f3\u0142pracy ponad granicami pa\u0144stwowymi w wa\u017cnym du\u0144skim regionie Morza Ba\u0142tyckiego.\u00a0Miejsce na wyspie Lolland by\u0142o zatem szczeg\u00f3lnie wa\u017cne, poniewa\u017c mogli\u015bmy dowiedzie\u0107 si\u0119 o przysz\u0142ych, ale konkretnych planach\u201d.<\/p><\/blockquote>\n<p>Dania inwestuje w rozbudow\u0119 infrastruktury i po\u0142\u0105czenia z Niemcami. Podczas wycieczki wyja\u015bniono budow\u0119 tunelu Fehmarnbelt.<\/p>\n<p>Agencja rozwoju biznesu Femern Belt Development dostarczy\u0142a informacji na temat plan\u00f3w udost\u0119pnienia obszar\u00f3w budowy tunelu do produkcji infrastruktury energii odnawialnej.<\/p>\n<p>Tematy poruszone na konferencji, niemiecko-du\u0144ska wsp\u00f3\u0142praca w zakresie transformacji energetycznej, projekty wsp\u00f3\u0142pracy w zakresie transferu technologii, projekty w regionie Morza Ba\u0142tyckiego, serwis, konserwacja i recykling, pokaza\u0142y, \u017ce wsp\u00f3\u0142praca transgraniczna na rzecz dalszego rozwoju projekt\u00f3w stanowi kolejny krok w tworzeniu sieci europejskich.<\/p>\n<p>Om\u00f3wiono r\u00f3wnie\u017c niezb\u0119dne kroki i wyzwania wymagane do osi\u0105gni\u0119cia cel\u00f3w ekspansji w Europie, Danii i Niemczech.<\/p>\n<p>Szczeg\u00f3\u0142owo om\u00f3wiono wykorzystanie synergii w obszarze transferu technologii.<\/p>\n<p>Wielka Brytania jest r\u00f3wnie\u017c wa\u017cnym partnerem w Europie dla dalszego rozwoju transferu technologii i redukcji CO2 i by\u0142a reprezentowana w dyskusji przez ambasad\u0119 brytyjsk\u0105 z Danii.<\/p>\n<p>Jednym z wynik\u00f3w dyskusji by\u0142o stwierdzenie, \u017ce wsp\u00f3\u0142praca transgraniczna jest wa\u017cna dla rozwoju morskich projekt\u00f3w wiatrowych i niezb\u0119dnej infrastruktury do pod\u0142\u0105czenia do sieci, port\u00f3w do obs\u0142ugi i konserwacji oraz logistyki.<\/p>\n<p>\u00d8rsted, RWE Danmark i Vattenfall przedstawi\u0142y informacje na temat stanu realizacji projekt\u00f3w i przysz\u0142ych przetarg\u00f3w na du\u0144skich wodach.<\/p>\n<p>Przedstawiono i szczeg\u00f3\u0142owo om\u00f3wiono mo\u017cliwo\u015bci przewidywania zmian cen w \u0142a\u0144cuchu warto\u015bci morskiej energetyki wiatrowej.<\/p>\n<p>W innych specjalistycznych prezentacjach przedstawiono wieloletnie do\u015bwiadczenie w uruchamianiu system\u00f3w przy\u0142\u0105czania do sieci, do\u015bwiadczenie w pocz\u0105tkowym demonta\u017cu turbin wiatrowych oraz kolejne kroki w recyklingu w celu ustanowienia gospodarki o obiegu zamkni\u0119tym w energiach odnawialnych.<\/p>\n<p>Wi\u0119cej informacji na temat konferencji: <a href=\"https:\/\/windforce.info\/balticsea-2024\/en\">WINDFORCE BalticSea<\/a><\/p>\n<p>\u0179r\u00f3d\u0142o: WAB<\/p>\n<\/div>\n","protected":false},"excerpt":{"rendered":"<p>Maribo, Bremerhaven 21.02.2025 &#8211; 23. Konferencja WINDFORCE Baltic Sea odby\u0142a si\u0119 w dniach 19-20 lutego 2025 r. w Maribo na wyspie Lolland \/ Falster w Danii pod has\u0142em \u201eWsp\u00f3\u0142praca w zakresie transformacji energetycznej, wzmocnienie transferu technologii, realizacja cel\u00f3w ochrony klimatu, tworzenie miejsc pracy, wzmocnienie przemys\u0142u\u201d [&#8220;Cooperation in the energy transition, strengthening technology transfer, implementing climate [&hellip;]<\/p>\n","protected":false},"author":8,"featured_media":42011,"comment_status":"closed","ping_status":"closed","sticky":false,"template":"","format":"standard","meta":[],"categories":[174,137,167,2010],"tags":[],"acf":[],"_links":{"self":[{"href":"https:\/\/balticwind.eu\/pl\/wp-json\/wp\/v2\/posts\/42012"}],"collection":[{"href":"https:\/\/balticwind.eu\/pl\/wp-json\/wp\/v2\/posts"}],"about":[{"href":"https:\/\/balticwind.eu\/pl\/wp-json\/wp\/v2\/types\/post"}],"author":[{"embeddable":true,"href":"https:\/\/balticwind.eu\/pl\/wp-json\/wp\/v2\/users\/8"}],"replies":[{"embeddable":true,"href":"https:\/\/balticwind.eu\/pl\/wp-json\/wp\/v2\/comments?post=42012"}],"version-history":[{"count":0,"href":"https:\/\/balticwind.eu\/pl\/wp-json\/wp\/v2\/posts\/42012\/revisions"}],"wp:featuredmedia":[{"embeddable":true,"href":"https:\/\/balticwind.eu\/pl\/wp-json\/wp\/v2\/media\/42011"}],"wp:attachment":[{"href":"https:\/\/balticwind.eu\/pl\/wp-json\/wp\/v2\/media?parent=42012"}],"wp:term":[{"taxonomy":"category","embeddable":true,"href":"https:\/\/balticwind.eu\/pl\/wp-json\/wp\/v2\/categories?post=42012"},{"taxonomy":"post_tag","embeddable":true,"href":"https:\/\/balticwind.eu\/pl\/wp-json\/wp\/v2\/tags?post=42012"}],"curies":[{"name":"wp","href":"https:\/\/api.w.org\/{rel}","templated":true}]}}