{"id":42083,"date":"2025-02-28T17:05:52","date_gmt":"2025-02-28T16:05:52","guid":{"rendered":"https:\/\/balticwind.eu\/?p=42083"},"modified":"2025-03-05T00:46:36","modified_gmt":"2025-03-04T23:46:36","slug":"zatwierdzono-lokalizacje-badawcza-morskiej-farmy-wiatrowej-elwind","status":"publish","type":"post","link":"https:\/\/balticwind.eu\/pl\/zatwierdzono-lokalizacje-badawcza-morskiej-farmy-wiatrowej-elwind\/","title":{"rendered":"Zatwierdzono lokalizacj\u0119 badawcz\u0105 morskiej farmy wiatrowej ELWIND"},"content":{"rendered":"<p><strong>Gabinet Ministr\u00f3w \u0141otwy zatwierdzi\u0142 teren badawczy <a href=\"https:\/\/www.linkedin.com\/company\/elwind-offshore\/\">morskiej farmy wiatrowej ELWIND<\/a> o powierzchni 200 km2 &#8211; jak podkre\u015bla ELWIND offshore w niedawnym po\u015bcie na LinkedIn.<\/strong><\/p>\n<p>Bior\u0105c pod uwag\u0119 informacje uzyskane od <a href=\"https:\/\/www.linkedin.com\/company\/dabas-aizsardz\u012bbas-p\u0101rvalde\/\">Dabas aizsardz\u012bbas p\u0101rvalde \/ \u0141otewskiej Agencji Ochrony Przyrody<\/a>, pierwotnie wybrany obszar bada\u0144 zosta\u0142 przesuni\u0119ty o ponad 7 km dalej od brzegu, aby zmniejszy\u0107 zagro\u017cenie dla r\u00f3\u017cnorodno\u015bci biologicznej i unikn\u0105\u0107 nak\u0142adania si\u0119 na obszar, kt\u00f3ry w przysz\u0142o\u015bci mo\u017ce zosta\u0107 wyznaczony jako morski obszar chroniony. W ten spos\u00f3b ELWIND stara si\u0119 zr\u00f3wnowa\u017cy\u0107 interesy energetyki, ochrony przyrody i mieszka\u0144c\u00f3w wybrze\u017ca.<\/p>\n<p>Projekt ma na celu rozw\u00f3j dw\u00f3ch morskich elektrowni wiatrowych &#8211; jednej na terytorium \u0141otwy i jednej na terytorium Estonii &#8211; oraz ustanowienie czwartego po\u0142\u0105czenia mi\u0119dzysystemowego mi\u0119dzy \u0141otw\u0105 a Estoni\u0105. Projekt ma na celu zwi\u0119kszenie bezpiecze\u0144stwa energetycznego w regionie i promowanie wykorzystania zasob\u00f3w odnawialnych do produkcji energii elektrycznej.<\/p>\n<p>\u0179r\u00f3d\u0142o: ELWIND offshore<\/p>\n","protected":false},"excerpt":{"rendered":"<p>Gabinet Ministr\u00f3w \u0141otwy zatwierdzi\u0142 teren badawczy morskiej farmy wiatrowej ELWIND o powierzchni 200 km2 &#8211; jak podkre\u015bla ELWIND offshore w niedawnym po\u015bcie na LinkedIn. Bior\u0105c pod uwag\u0119 informacje uzyskane od Dabas aizsardz\u012bbas p\u0101rvalde \/ \u0141otewskiej Agencji Ochrony Przyrody, pierwotnie wybrany obszar bada\u0144 zosta\u0142 przesuni\u0119ty o ponad 7 km dalej od brzegu, aby zmniejszy\u0107 zagro\u017cenie dla [&hellip;]<\/p>\n","protected":false},"author":8,"featured_media":42081,"comment_status":"closed","ping_status":"closed","sticky":false,"template":"","format":"standard","meta":[],"categories":[171,137],"tags":[],"acf":[],"_links":{"self":[{"href":"https:\/\/balticwind.eu\/pl\/wp-json\/wp\/v2\/posts\/42083"}],"collection":[{"href":"https:\/\/balticwind.eu\/pl\/wp-json\/wp\/v2\/posts"}],"about":[{"href":"https:\/\/balticwind.eu\/pl\/wp-json\/wp\/v2\/types\/post"}],"author":[{"embeddable":true,"href":"https:\/\/balticwind.eu\/pl\/wp-json\/wp\/v2\/users\/8"}],"replies":[{"embeddable":true,"href":"https:\/\/balticwind.eu\/pl\/wp-json\/wp\/v2\/comments?post=42083"}],"version-history":[{"count":0,"href":"https:\/\/balticwind.eu\/pl\/wp-json\/wp\/v2\/posts\/42083\/revisions"}],"wp:featuredmedia":[{"embeddable":true,"href":"https:\/\/balticwind.eu\/pl\/wp-json\/wp\/v2\/media\/42081"}],"wp:attachment":[{"href":"https:\/\/balticwind.eu\/pl\/wp-json\/wp\/v2\/media?parent=42083"}],"wp:term":[{"taxonomy":"category","embeddable":true,"href":"https:\/\/balticwind.eu\/pl\/wp-json\/wp\/v2\/categories?post=42083"},{"taxonomy":"post_tag","embeddable":true,"href":"https:\/\/balticwind.eu\/pl\/wp-json\/wp\/v2\/tags?post=42083"}],"curies":[{"name":"wp","href":"https:\/\/api.w.org\/{rel}","templated":true}]}}