{"id":42139,"date":"2025-03-07T06:30:52","date_gmt":"2025-03-07T05:30:52","guid":{"rendered":"https:\/\/balticwind.eu\/?p=42139"},"modified":"2025-03-07T00:38:15","modified_gmt":"2025-03-06T23:38:15","slug":"plan-zakupow-pge-baltica-na-2025-rok-co-warto-wiedziec","status":"publish","type":"post","link":"https:\/\/balticwind.eu\/pl\/plan-zakupow-pge-baltica-na-2025-rok-co-warto-wiedziec\/","title":{"rendered":"Plan zakup\u00f3w PGE Baltica na 2025 rok \u2013 co warto wiedzie\u0107?"},"content":{"rendered":"<p><strong>PGE Baltica opublikowa\u0142a plan post\u0119powa\u0144 zakupowych na 2025 rok, wyznaczaj\u0105c kluczowe obszary wsp\u00f3\u0142pracy dla dostawc\u00f3w zainteresowanych udzia\u0142em w realizowanych przez sp\u00f3\u0142k\u0119 projektach offshore wind.\u00a0<\/strong><\/p>\n<p><span style=\"font-weight: 400;\">Dokument zawiera list\u0119 zam\u00f3wie\u0144 przewidzianych do uruchomienia w nadchodz\u0105cych miesi\u0105cach i daje mo\u017cliwo\u015b\u0107 wcze\u015bniejszego przygotowania si\u0119 do przetarg\u00f3w oraz dostosowania zasob\u00f3w do wymaga\u0144 sektora i specyfiki prowadzonych przedsi\u0119wzi\u0119\u0107. W 2025 roku post\u0119powania zakupowe PGE Baltica obejm\u0105 w szczeg\u00f3lno\u015bci dzia\u0142ania na rzecz Morskich Farm Wiatrowych Baltica 1, Baltica 7 i Baltica 9. Prace obejm\u0105 przeprowadzenie bada\u0144, pomiar\u00f3w oraz doradztwo.<\/span><\/p>\n<p><strong>Gdzie znale\u017a\u0107 szczeg\u00f3\u0142y?<\/strong><\/p>\n<p><span style=\"font-weight: 400;\">Szczeg\u00f3\u0142owa lista post\u0119powa\u0144 zakupowych dost\u0119pna jest w Systemie Zakupowym Grupy PGE (SWPP2). Informacje, instrukcje i formularz dostawcy znajduj\u0105 si\u0119 r\u00f3wnie\u017c w zak\u0142adce &#8220;Zakupy&#8221; na stronie internetowej PGE Baltica: www.pgebaltica.pl.<\/span><\/p>\n<p><span style=\"font-weight: 400;\">Warto przypomnie\u0107, \u017ce w tym tygodniu PGE og\u0142osi\u0142a wyb\u00f3r generalnego wykonawcy nowej bazy operacyjno-serwisowej (O&amp;M) w Ustce. Przetarg wygra\u0142a gda\u0144ska Korporacja Budowlana Doraco, kt\u00f3ra zaprojektuje oraz wybuduje infrastruktur\u0119 portow\u0105 i budynki niezb\u0119dne do obs\u0142ugi morskich farm wiatrowych.<\/span><\/p>\n<p><span style=\"font-weight: 400;\">Decyzja o wyborze Doraco zapad\u0142a pierwotnie w grudniu 2024 roku, jednak w wyniku odwo\u0142ania jednego z oferent\u00f3w dokonano powt\u00f3rnej oceny ofert. W lutym 2025 roku ponownie wybrano propozycj\u0119 Doraco, tym razem bez dalszych odwo\u0142a\u0144.\u00a0<\/span><\/p>\n<p><span style=\"font-weight: 400;\">PGE Baltica posiada ju\u017c pozwolenie na budow\u0119 bazy O&amp;M i podpisa\u0142a umow\u0119 z in\u017cynierem kontraktu \u2013 firm\u0105 Sweco Polska, kt\u00f3ra b\u0119dzie nadzorowa\u0107 projektowanie i realizacj\u0119 inwestycji. Nowa infrastruktura powstanie na terenie ok. 2,3 ha po zachodniej stronie portu w Ustce i obejmie m.in. budynek biurowo-socjalny, budynek magazynowy, plac manewrowy oraz nabrze\u017ce dla jednostek serwisowych (CTV \u2013 crew transfer vessels).\u00a0<\/span><\/p>\n<p><span style=\"font-weight: 400;\">Rozpocz\u0119cie prac budowlanych planowane jest na wiosn\u0119 2025 roku, a zako\u0144czenie i oddanie obiektu do u\u017cytku przewidziane jest na IV kwarta\u0142 2026 roku. Pierwsz\u0105 farm\u0105 wiatrow\u0105 obs\u0142ugiwan\u0105 z usteckiej bazy b\u0119dzie Baltica 2, realizowana przez PGE we wsp\u00f3\u0142pracy z firm\u0105 \u00d8rsted.<\/span><\/p>\n<p><span style=\"font-weight: 400;\">\u0179r\u00f3d\u0142o: PGE Baltica<\/span><\/p>\n","protected":false},"excerpt":{"rendered":"<p>PGE Baltica opublikowa\u0142a plan post\u0119powa\u0144 zakupowych na 2025 rok, wyznaczaj\u0105c kluczowe obszary wsp\u00f3\u0142pracy dla dostawc\u00f3w zainteresowanych udzia\u0142em w realizowanych przez sp\u00f3\u0142k\u0119 projektach offshore wind.\u00a0 Dokument zawiera list\u0119 zam\u00f3wie\u0144 przewidzianych do uruchomienia w nadchodz\u0105cych miesi\u0105cach i daje mo\u017cliwo\u015b\u0107 wcze\u015bniejszego przygotowania si\u0119 do przetarg\u00f3w oraz dostosowania zasob\u00f3w do wymaga\u0144 sektora i specyfiki prowadzonych przedsi\u0119wzi\u0119\u0107. W 2025 roku [&hellip;]<\/p>\n","protected":false},"author":8,"featured_media":40867,"comment_status":"closed","ping_status":"closed","sticky":false,"template":"","format":"standard","meta":[],"categories":[137,164,139],"tags":[],"acf":[],"_links":{"self":[{"href":"https:\/\/balticwind.eu\/pl\/wp-json\/wp\/v2\/posts\/42139"}],"collection":[{"href":"https:\/\/balticwind.eu\/pl\/wp-json\/wp\/v2\/posts"}],"about":[{"href":"https:\/\/balticwind.eu\/pl\/wp-json\/wp\/v2\/types\/post"}],"author":[{"embeddable":true,"href":"https:\/\/balticwind.eu\/pl\/wp-json\/wp\/v2\/users\/8"}],"replies":[{"embeddable":true,"href":"https:\/\/balticwind.eu\/pl\/wp-json\/wp\/v2\/comments?post=42139"}],"version-history":[{"count":0,"href":"https:\/\/balticwind.eu\/pl\/wp-json\/wp\/v2\/posts\/42139\/revisions"}],"wp:featuredmedia":[{"embeddable":true,"href":"https:\/\/balticwind.eu\/pl\/wp-json\/wp\/v2\/media\/40867"}],"wp:attachment":[{"href":"https:\/\/balticwind.eu\/pl\/wp-json\/wp\/v2\/media?parent=42139"}],"wp:term":[{"taxonomy":"category","embeddable":true,"href":"https:\/\/balticwind.eu\/pl\/wp-json\/wp\/v2\/categories?post=42139"},{"taxonomy":"post_tag","embeddable":true,"href":"https:\/\/balticwind.eu\/pl\/wp-json\/wp\/v2\/tags?post=42139"}],"curies":[{"name":"wp","href":"https:\/\/api.w.org\/{rel}","templated":true}]}}