{"id":4246,"date":"2021-06-18T06:01:15","date_gmt":"2021-06-18T04:01:15","guid":{"rendered":"https:\/\/balticwind.eu\/?p=4246"},"modified":"2021-07-18T20:15:36","modified_gmt":"2021-07-18T18:15:36","slug":"wyciek-z-komisji-europejskiej-morska-energetyka-wiatrowa-bedzie-jednym-z-filarow-rozwoju-oze-w-ue","status":"publish","type":"post","link":"https:\/\/balticwind.eu\/pl\/wyciek-z-komisji-europejskiej-morska-energetyka-wiatrowa-bedzie-jednym-z-filarow-rozwoju-oze-w-ue\/","title":{"rendered":"Wyciek z Komisji Europejskiej: Morska energetyka wiatrowa b\u0119dzie jednym z filar\u00f3w rozwoju OZE w UE"},"content":{"rendered":"<div class=\"fusion-fullwidth fullwidth-box fusion-builder-row-1 fusion-flex-container nonhundred-percent-fullwidth non-hundred-percent-height-scrolling\" style=\"background-color: rgba(255,255,255,0);background-position: center center;background-repeat: no-repeat;border-width: 0px 0px 0px 0px;border-color:#eaeaea;border-style:solid;\" ><div class=\"fusion-builder-row fusion-row fusion-flex-align-items-flex-start\" style=\"max-width:1289.6px;margin-left: calc(-4% \/ 2 );margin-right: calc(-4% \/ 2 );\"><div class=\"fusion-layout-column fusion_builder_column fusion-builder-column-0 fusion_builder_column_1_1 1_1 fusion-flex-column\"><div class=\"fusion-column-wrapper fusion-flex-justify-content-flex-start fusion-content-layout-column\" style=\"background-position:left top;background-repeat:no-repeat;-webkit-background-size:cover;-moz-background-size:cover;-o-background-size:cover;background-size:cover;padding: 0px 0px 0px 0px;\"><div class=\"fusion-text fusion-text-1\"><p><strong>[Link do pobrania na ko\u0144cu artyku\u0142u]<\/strong><\/p>\n<p><strong>Wyciek rewidowanej dyrektywy o odnawialnych \u017ar\u00f3d\u0142ach energii (REDIII) wskazuje, \u017ce morska energetyka wiatrowa b\u0119dzie jednym z filar\u00f3w rozwoju OZE w Unii Europejskiej. Dokument przygotowany przez Komisj\u0119 Europejsk\u0105 wskazuj\u0105c konkretne \u015brodki wspieraj\u0105ce rozw\u00f3j morskiej energetyki odnawialnej k\u0142adzie du\u017cy nacisk m.in. na transgraniczne projekty OZE, wsp\u00f3ln\u0105 wsp\u00f3\u0142prac\u0119 pa\u0144stw cz\u0142onkowskich w ramach ka\u017cdego basenu morskiego do 2050 r. z etapami po\u015brednimi w 2030 i 2040 r., ustanowienie kompleksowej obs\u0142ugi w zakresie wydawania pozwole\u0144 dla ka\u017cdego basenu morskiego.<\/strong><\/p>\n<p><img decoding=\"async\" class=\"aligncenter wp-image-3666 size-full\" src=\"https:\/\/balticwind.eu\/wp-content\/uploads\/2021\/06\/Leak1.png\" alt=\"\" width=\"988\" height=\"238\" srcset=\"https:\/\/balticwind.eu\/wp-content\/uploads\/2021\/06\/Leak1-200x48.png 200w, https:\/\/balticwind.eu\/wp-content\/uploads\/2021\/06\/Leak1-300x72.png 300w, https:\/\/balticwind.eu\/wp-content\/uploads\/2021\/06\/Leak1-400x96.png 400w, https:\/\/balticwind.eu\/wp-content\/uploads\/2021\/06\/Leak1-600x145.png 600w, https:\/\/balticwind.eu\/wp-content\/uploads\/2021\/06\/Leak1-768x185.png 768w, https:\/\/balticwind.eu\/wp-content\/uploads\/2021\/06\/Leak1-800x193.png 800w, https:\/\/balticwind.eu\/wp-content\/uploads\/2021\/06\/Leak1.png 988w\" sizes=\"(max-width: 988px) 100vw, 988px\" \/><\/p>\n<p><img decoding=\"async\" class=\"aligncenter wp-image-3667 size-full\" src=\"https:\/\/balticwind.eu\/wp-content\/uploads\/2021\/06\/Leak2.png\" alt=\"\" width=\"974\" height=\"406\" srcset=\"https:\/\/balticwind.eu\/wp-content\/uploads\/2021\/06\/Leak2-200x83.png 200w, https:\/\/balticwind.eu\/wp-content\/uploads\/2021\/06\/Leak2-300x125.png 300w, https:\/\/balticwind.eu\/wp-content\/uploads\/2021\/06\/Leak2-400x167.png 400w, https:\/\/balticwind.eu\/wp-content\/uploads\/2021\/06\/Leak2-600x250.png 600w, https:\/\/balticwind.eu\/wp-content\/uploads\/2021\/06\/Leak2-768x320.png 768w, https:\/\/balticwind.eu\/wp-content\/uploads\/2021\/06\/Leak2-800x333.png 800w, https:\/\/balticwind.eu\/wp-content\/uploads\/2021\/06\/Leak2.png 974w\" sizes=\"(max-width: 974px) 100vw, 974px\" \/><\/p>\n<p>Pobierz dokument:<\/p>\n<p><a href=\"https:\/\/balticwind.eu\/wp-content\/uploads\/2021\/06\/Revision-RED-II.pdf\">Revision RED III<\/a><\/p>\n<p>W poniedzia\u0142ek opublikujemy nasz\u0105 analiz\u0119 tego jakie zmiany dla morskiej energetyki wiatrowej wprowadzi dyrektywa REDIII.<\/p>\n<\/div><\/div><style type=\"text\/css\">.fusion-body .fusion-builder-column-0{width:100% !important;margin-top : 0px;margin-bottom : 0px;}.fusion-builder-column-0 > .fusion-column-wrapper {padding-top : 0px !important;padding-right : 0px !important;margin-right : 1.92%;padding-bottom : 0px !important;padding-left : 0px !important;margin-left : 1.92%;}@media only screen and (max-width:1024px) {.fusion-body .fusion-builder-column-0{width:100% !important;}.fusion-builder-column-0 > .fusion-column-wrapper {margin-right : 1.92%;margin-left : 1.92%;}}@media only screen and (max-width:640px) {.fusion-body .fusion-builder-column-0{width:100% !important;}.fusion-builder-column-0 > .fusion-column-wrapper {margin-right : 1.92%;margin-left : 1.92%;}}<\/style><\/div><\/div><style type=\"text\/css\">.fusion-body .fusion-flex-container.fusion-builder-row-1{ padding-top : 0px;margin-top : 0px;padding-right : 0px;padding-bottom : 0px;margin-bottom : 0px;padding-left : 0px;}<\/style><\/div>\n","protected":false},"excerpt":{"rendered":"","protected":false},"author":6,"featured_media":4253,"comment_status":"open","ping_status":"open","sticky":false,"template":"","format":"standard","meta":[],"categories":[12,99],"tags":[],"acf":[],"_links":{"self":[{"href":"https:\/\/balticwind.eu\/pl\/wp-json\/wp\/v2\/posts\/4246"}],"collection":[{"href":"https:\/\/balticwind.eu\/pl\/wp-json\/wp\/v2\/posts"}],"about":[{"href":"https:\/\/balticwind.eu\/pl\/wp-json\/wp\/v2\/types\/post"}],"author":[{"embeddable":true,"href":"https:\/\/balticwind.eu\/pl\/wp-json\/wp\/v2\/users\/6"}],"replies":[{"embeddable":true,"href":"https:\/\/balticwind.eu\/pl\/wp-json\/wp\/v2\/comments?post=4246"}],"version-history":[{"count":0,"href":"https:\/\/balticwind.eu\/pl\/wp-json\/wp\/v2\/posts\/4246\/revisions"}],"wp:featuredmedia":[{"embeddable":true,"href":"https:\/\/balticwind.eu\/pl\/wp-json\/wp\/v2\/media\/4253"}],"wp:attachment":[{"href":"https:\/\/balticwind.eu\/pl\/wp-json\/wp\/v2\/media?parent=4246"}],"wp:term":[{"taxonomy":"category","embeddable":true,"href":"https:\/\/balticwind.eu\/pl\/wp-json\/wp\/v2\/categories?post=4246"},{"taxonomy":"post_tag","embeddable":true,"href":"https:\/\/balticwind.eu\/pl\/wp-json\/wp\/v2\/tags?post=4246"}],"curies":[{"name":"wp","href":"https:\/\/api.w.org\/{rel}","templated":true}]}}