{"id":42506,"date":"2025-03-18T18:40:44","date_gmt":"2025-03-18T17:40:44","guid":{"rendered":"https:\/\/balticwind.eu\/?p=42506"},"modified":"2025-03-18T18:40:44","modified_gmt":"2025-03-18T17:40:44","slug":"pge-baltica-i-orsted-w-brukseli-o-roli-offshore-wind-w-transformacji-energetycznej","status":"publish","type":"post","link":"https:\/\/balticwind.eu\/pl\/pge-baltica-i-orsted-w-brukseli-o-roli-offshore-wind-w-transformacji-energetycznej\/","title":{"rendered":"PGE Baltica i \u00d8rsted w Brukseli o roli offshore wind w transformacji energetycznej"},"content":{"rendered":"<p><b>Z jakimi wyzwaniami mierzy si\u0119 obecnie morska energetyka wiatrowa w Polsce i Europie? Jak wsp\u00f3\u0142praca mi\u0119dzy krajami basenu Morza Ba\u0142tyckiego i inwestorami mo\u017ce poprawi\u0107 bezpiecze\u0144stwo energetyczne? Co jest potrzebne, aby zrealizowa\u0107 ambitne cele rozwoju offshore wind? Na te i inne pytania odpowiadali m.in. Agata Staniewska-Bolesta, dyrektorka zarz\u0105dzaj\u0105ca \u00d8rsted Offshore Polska i Bartosz Fedurek, prezes zarz\u0105du PGE Baltica w panelu o przysz\u0142o\u015bci morskiej energetyki wiatrowej na Ba\u0142tyku.\u00a0<\/b><\/p>\n<p><i><span style=\"font-weight: 400;\">Rozw\u00f3j morskiej energetyki wiatrowej na Ba\u0142tyku to temat szeroko rozumianego bezpiecze\u0144stwa Europy, dost\u0119pu do du\u017cych wolumen\u00f3w energii odnawialnej, a w konsekwencji uniezale\u017cnienia od importu paliw kopalnych. W tym kontek\u015bcie kluczowa jest rola wsp\u00f3\u0142pracy pomi\u0119dzy pa\u0144stwami po\u0142o\u017conymi w basenie Morza Ba\u0142tyckiego, a tak\u017ce mi\u0119dzy inwestorami. Centrum tej wsp\u00f3\u0142pracy jest oczywi\u015bcie zapewnienie bezpiecze\u0144stwa energetycznego Europejczykom. Jestem przekonana, \u017ce mo\u017cemy poprawi\u0107 warunki dla offshore w regionie poprzez wymian\u0119 do\u015bwiadcze\u0144, informacji i wykorzystanie synergii mi\u0119dzy projektami i krajami. Takim przyk\u0142adem synergii mog\u0105 by\u0107 chocia\u017cby interkonektory mi\u0119dzy krajami o r\u00f3\u017cnych profilach energetycznych, by wsp\u00f3lnie tworzy\u0107 stabilny i niezale\u017cny krwioobieg Europy \u2013 powiedzia\u0142a <\/span><\/i><b><i>Agata Staniewska Bolesta, Dyrektorka Zarz\u0105dzaj\u0105ca <\/i><\/b><b>\u00d8rs<\/b><b><i>ted Offshore Polska.\u00a0<\/i><\/b><\/p>\n<p><img decoding=\"async\" class=\"size-full wp-image-42548 aligncenter\" src=\"https:\/\/balticwind.eu\/wp-content\/uploads\/2025\/03\/smKUS09527.jpg\" alt=\"\" width=\"960\" height=\"540\" srcset=\"https:\/\/balticwind.eu\/wp-content\/uploads\/2025\/03\/smKUS09527-200x113.jpg 200w, https:\/\/balticwind.eu\/wp-content\/uploads\/2025\/03\/smKUS09527-300x169.jpg 300w, https:\/\/balticwind.eu\/wp-content\/uploads\/2025\/03\/smKUS09527-400x225.jpg 400w, https:\/\/balticwind.eu\/wp-content\/uploads\/2025\/03\/smKUS09527-600x338.jpg 600w, https:\/\/balticwind.eu\/wp-content\/uploads\/2025\/03\/smKUS09527-768x432.jpg 768w, https:\/\/balticwind.eu\/wp-content\/uploads\/2025\/03\/smKUS09527-800x450.jpg 800w, https:\/\/balticwind.eu\/wp-content\/uploads\/2025\/03\/smKUS09527.jpg 960w\" sizes=\"(max-width: 960px) 100vw, 960px\" \/><\/p>\n<p><i><span style=\"font-weight: 400;\">Offshore wind to nie tylko transformacja energetyczna, budowanie farm wiatrowych na morzu i \u0142a\u0144cuchy dostaw. To tak\u017ce silne partnerstwa, pog\u0142\u0119biaj\u0105ce si\u0119 relacje mi\u0119dzynarodowe, wsp\u00f3lne warto\u015bci i d\u0105\u017cenie do celu, pozwalaj\u0105ce na \u015bmia\u0142e patrzenie w przysz\u0142o\u015b\u0107, tak jak pokazuje nasz polsko-du\u0144ski przyk\u0142ad <\/span><\/i><span style=\"font-weight: 400;\">\u2013 powiedzia\u0142 <\/span><b>Bartosz Fedurek, prezes zarz\u0105du PGE Baltica.<\/b><i><span style=\"font-weight: 400;\"> \u2013 Jeste\u015bmy jako bran\u017ca w Polsce nadal na pocz\u0105tku drogi \u2013 troch\u0119 jak nastolatek w por\u00f3wnaniu z doros\u0142ymi uczestnikami rynku na \u015bwiecie, nara\u017cony na wszystkie choroby wieku dzieci\u0119cego wi\u0105\u017c\u0105ce si\u0119 z rozwojem m\u0142odego rynku, wymagaj\u0105cy atencji i troski ze strony ustawodawc\u00f3w. Ale przyk\u0142ad podj\u0119cia decyzji inwestycyjnej dla Baltica 2 pokazuje, \u017ce w tak wymagaj\u0105cych czasach mo\u017cliwe jest dotarcie do tego miejsca, co jest naszym wsp\u00f3lnym sukcesem<\/span><\/i> <i><span style=\"font-weight: 400;\">i mo\u017ce by\u0107 wzorem dla innych <\/span><\/i><span style=\"font-weight: 400;\">\u2013 doda\u0142 prezes PGE Baltica, przypominaj\u0105c jak d\u0142ug\u0105 drog\u0119 przeszed\u0142 projekt Baltica 2 \u2013 od momentu uzyskania pozwolenia lokalizacyjnego kilkana\u015bcie lat temu, poprzez nawi\u0105zanie wsp\u00f3\u0142pracy PGE z \u00d8rsted, a\u017c do FID w styczniu tego roku.\u00a0<\/span><\/p>\n<p><span style=\"font-weight: 400;\">W bran\u017cowym spotkaniu w Brukseli wzi\u0119\u0142o udzia\u0142 ponad 100 os\u00f3b. W\u015br\u00f3d nich m.in. Urszula Zieli\u0144ska, wiceministra klimatu i \u015brodowiska; \u0141ukasz Koli\u0144ski, dyrektor w Dyrekcji Generalnej ds. Energii w Komisji Europejskiej; Pierre Tardieu z WindEurope oraz Niels Fuglsang, eurodeputowany z Danii, cz\u0142onek Komisji Przemys\u0142u, Bada\u0144 Naukowych i Energi (ITRE) w Parlamencie Europejskim.\u00a0<\/span><\/p>\n<p><img decoding=\"async\" class=\"size-full wp-image-42539 aligncenter\" src=\"https:\/\/balticwind.eu\/wp-content\/uploads\/2025\/03\/smKUS09559.jpg\" alt=\"\" width=\"960\" height=\"540\" srcset=\"https:\/\/balticwind.eu\/wp-content\/uploads\/2025\/03\/smKUS09559-200x113.jpg 200w, https:\/\/balticwind.eu\/wp-content\/uploads\/2025\/03\/smKUS09559-300x169.jpg 300w, https:\/\/balticwind.eu\/wp-content\/uploads\/2025\/03\/smKUS09559-400x225.jpg 400w, https:\/\/balticwind.eu\/wp-content\/uploads\/2025\/03\/smKUS09559-600x338.jpg 600w, https:\/\/balticwind.eu\/wp-content\/uploads\/2025\/03\/smKUS09559-768x432.jpg 768w, https:\/\/balticwind.eu\/wp-content\/uploads\/2025\/03\/smKUS09559-800x450.jpg 800w, https:\/\/balticwind.eu\/wp-content\/uploads\/2025\/03\/smKUS09559.jpg 960w\" sizes=\"(max-width: 960px) 100vw, 960px\" \/><\/p>\n<p><span style=\"font-weight: 400;\">Uczestnik\u00f3w przywita\u0142 Arkadiusz Pluci\u0144ski, zast\u0119pca Sta\u0142ego Przedstawiciela Polski przy Unii Europejskiej. Wydarzenie zorganizowa\u0142y wsp\u00f3lnie PGE i \u00d8rsted przy wsp\u00f3\u0142pracy z portalem Euractiv.<\/span><\/p>\n<p><span style=\"font-weight: 400;\">W styczniu br. inwestorzy &#8211; PGE i \u00d8rsted \u2013 podj\u0119li ostateczn\u0105 decyzj\u0119 inwestycyjn\u0105 dla projektu Baltica 2. Dzi\u0119ki 107 turbinom o \u0142\u0105cznej mocy 1,5 GW morska farma wiatrowa Baltica 2 b\u0119dzie mog\u0142a dostarczy\u0107 zielon\u0105 energi\u0119 do ponad 2,5 mln dom\u00f3w w Polsce, znacz\u0105co przyczyniaj\u0105c si\u0119 do transformacji polskiej energetyki. <\/span><span style=\"font-weight: 400;\">PGE i \u00d8rsted rozpocz\u0119\u0142y ju\u017c budow\u0119 l\u0105dowej infrastruktury przy\u0142\u0105czeniowej. Maj\u0105 te\u017c zakontraktowane wszystkie niezb\u0119dne komponenty do rozpocz\u0119cia budowy Baltica 2 na morzu, a tak\u017ce podpisane wszystkie umowy dotycz\u0105ce instalacji \u2013 fundament\u00f3w, kabli, turbin i morskich stacji transformatorowych. Partnerzy posiadaj\u0105 wszystkie niezb\u0119dne pozwolenia budowlane. Na potrzeby instalacji turbin podpisali umow\u0119 dzier\u017cawy teren\u00f3w portowych w Gda\u0144sku. W Ustce powstanie baza operacyjno-serwisowa PGE, kt\u00f3ra zostanie wykorzystana w fazie eksploatacji farmy wiatrowej.\u00a0\u00a0<\/span><\/p>\n<p><em><span style=\"font-weight: 400;\">Dowiedz si\u0119 wi\u0119cej o Morskiej Farmie Wiatrowej Baltica, odwiedzaj\u0105c stron\u0119 <a href=\"https:\/\/baltica.energy\">baltica.energy<\/a>\u00a0<\/span><\/em><\/p>\n","protected":false},"excerpt":{"rendered":"<p>Z jakimi wyzwaniami mierzy si\u0119 obecnie morska energetyka wiatrowa w Polsce i Europie? Jak wsp\u00f3\u0142praca mi\u0119dzy krajami basenu Morza Ba\u0142tyckiego i inwestorami mo\u017ce poprawi\u0107 bezpiecze\u0144stwo energetyczne? Co jest potrzebne, aby zrealizowa\u0107 ambitne cele rozwoju offshore wind? Na te i inne pytania odpowiadali m.in. Agata Staniewska-Bolesta, dyrektorka zarz\u0105dzaj\u0105ca \u00d8rsted Offshore Polska i Bartosz Fedurek, prezes zarz\u0105du [&hellip;]<\/p>\n","protected":false},"author":8,"featured_media":42542,"comment_status":"closed","ping_status":"closed","sticky":false,"template":"","format":"standard","meta":[],"categories":[2012,137,167,164],"tags":[],"acf":[],"_links":{"self":[{"href":"https:\/\/balticwind.eu\/pl\/wp-json\/wp\/v2\/posts\/42506"}],"collection":[{"href":"https:\/\/balticwind.eu\/pl\/wp-json\/wp\/v2\/posts"}],"about":[{"href":"https:\/\/balticwind.eu\/pl\/wp-json\/wp\/v2\/types\/post"}],"author":[{"embeddable":true,"href":"https:\/\/balticwind.eu\/pl\/wp-json\/wp\/v2\/users\/8"}],"replies":[{"embeddable":true,"href":"https:\/\/balticwind.eu\/pl\/wp-json\/wp\/v2\/comments?post=42506"}],"version-history":[{"count":0,"href":"https:\/\/balticwind.eu\/pl\/wp-json\/wp\/v2\/posts\/42506\/revisions"}],"wp:featuredmedia":[{"embeddable":true,"href":"https:\/\/balticwind.eu\/pl\/wp-json\/wp\/v2\/media\/42542"}],"wp:attachment":[{"href":"https:\/\/balticwind.eu\/pl\/wp-json\/wp\/v2\/media?parent=42506"}],"wp:term":[{"taxonomy":"category","embeddable":true,"href":"https:\/\/balticwind.eu\/pl\/wp-json\/wp\/v2\/categories?post=42506"},{"taxonomy":"post_tag","embeddable":true,"href":"https:\/\/balticwind.eu\/pl\/wp-json\/wp\/v2\/tags?post=42506"}],"curies":[{"name":"wp","href":"https:\/\/api.w.org\/{rel}","templated":true}]}}