{"id":42588,"date":"2025-03-19T06:30:46","date_gmt":"2025-03-19T05:30:46","guid":{"rendered":"https:\/\/balticwind.eu\/?p=42588"},"modified":"2025-03-18T21:16:56","modified_gmt":"2025-03-18T20:16:56","slug":"dekarbonizacja-przedsiebiorstw-strategiczny-imperatyw-dla-zrownowazonej-przyszlosci","status":"publish","type":"post","link":"https:\/\/balticwind.eu\/pl\/dekarbonizacja-przedsiebiorstw-strategiczny-imperatyw-dla-zrownowazonej-przyszlosci\/","title":{"rendered":"Dekarbonizacja przedsi\u0119biorstw: Strategiczny imperatyw dla zr\u00f3wnowa\u017conej przysz\u0142o\u015bci"},"content":{"rendered":"<p><b><img decoding=\"async\" class=\" wp-image-42573 alignleft\" src=\"https:\/\/balticwind.eu\/wp-content\/uploads\/2025\/03\/Simas-Abraskevicius.png\" alt=\"\" width=\"355\" height=\"355\" srcset=\"https:\/\/balticwind.eu\/wp-content\/uploads\/2025\/03\/Simas-Abraskevicius-24x24.png 24w, https:\/\/balticwind.eu\/wp-content\/uploads\/2025\/03\/Simas-Abraskevicius-48x48.png 48w, https:\/\/balticwind.eu\/wp-content\/uploads\/2025\/03\/Simas-Abraskevicius-66x66.png 66w, https:\/\/balticwind.eu\/wp-content\/uploads\/2025\/03\/Simas-Abraskevicius-96x96.png 96w, https:\/\/balticwind.eu\/wp-content\/uploads\/2025\/03\/Simas-Abraskevicius-150x150.png 150w, https:\/\/balticwind.eu\/wp-content\/uploads\/2025\/03\/Simas-Abraskevicius-200x200.png 200w, https:\/\/balticwind.eu\/wp-content\/uploads\/2025\/03\/Simas-Abraskevicius-300x300.png 300w, https:\/\/balticwind.eu\/wp-content\/uploads\/2025\/03\/Simas-Abraskevicius-400x400.png 400w, https:\/\/balticwind.eu\/wp-content\/uploads\/2025\/03\/Simas-Abraskevicius-600x600.png 600w, https:\/\/balticwind.eu\/wp-content\/uploads\/2025\/03\/Simas-Abraskevicius-768x768.png 768w, https:\/\/balticwind.eu\/wp-content\/uploads\/2025\/03\/Simas-Abraskevicius-800x800.png 800w, https:\/\/balticwind.eu\/wp-content\/uploads\/2025\/03\/Simas-Abraskevicius-1024x1024.png 1024w, https:\/\/balticwind.eu\/wp-content\/uploads\/2025\/03\/Simas-Abraskevicius.png 1080w\" sizes=\"(max-width: 355px) 100vw, 355px\" \/><\/b><b style=\"font-size: 16px;\"><\/b><strong>\u2028Simas Abraskevicius, cyfrowy ambasador <a href=\"https:\/\/sustainable-energy-week.ec.europa.eu\/index_en\">EUSEW<\/a><\/strong><\/p>\n<p><strong>Niniejszy artyku\u0142 redakcyjny powsta\u0142 we wsp\u00f3\u0142pracy z Europejskim Tygodniem Zr\u00f3wnowa\u017conej Energii (European Sustainable Energy Week, EUSEW) 2025. Otwarte zaproszenia mo\u017cna znale\u017a\u0107 na stronie <a href=\"https:\/\/sustainable-energy-week.ec.europa.eu\/index_en\">ec.europa.eu\/eusew<\/a>.<\/strong><\/p>\n<p><strong>\u201eW trakcie mojej kariery w dziedzinie zr\u00f3wnowa\u017conego rozwoju by\u0142em \u015bwiadkiem tego, jak dekarbonizacja przedsi\u0119biorstw przekszta\u0142ca je w zwinnych, my\u015bl\u0105cych przysz\u0142o\u015bciowo lider\u00f3w. W tej podr\u00f3\u017cy nie chodzi tylko o spe\u0142nienie wymog\u00f3w regulacyjnych &#8211; chodzi o przyj\u0119cie innowacji, pobudzenie zespo\u0142\u00f3w i odblokowanie konkurencyjnego wzrostu\u201d.<\/strong><\/p>\n<p>Czym jest dekarbonizacja przedsi\u0119biorstw i dlaczego jest wa\u017cna?<\/p>\n<p>Dekarbonizacja korporacyjna obejmuje redukcj\u0119 emisji gaz\u00f3w cieplarnianych w ca\u0142ym \u0142a\u0144cuchu warto\u015bci firmy &#8211; od zu\u017cycia energii w produkcji i logistyce po projektowanie produkt\u00f3w i zarz\u0105dzanie \u0142a\u0144cuchem dostaw.<\/p>\n<p>Transformacja ta ma kluczowe znaczenie dla wype\u0142nienia mi\u0119dzynarodowych zobowi\u0105za\u0144 klimatycznych, takich jak te okre\u015blone w porozumieniu paryskim, w kt\u00f3rym globalne emisje musz\u0105 spa\u015b\u0107 o oko\u0142o 45% w stosunku do poziom\u00f3w z 2010 r. do 2030 r., aby pozosta\u0107 na dobrej drodze. We\u017amy na przyk\u0142ad sektor przemys\u0142u ci\u0119\u017ckiego &#8211; kt\u00f3ry odpowiada za prawie 20% globalnych emisji &#8211; gdzie oczekuje si\u0119, \u017ce firmy zmniejsz\u0105 emisje o oko\u0142o 50% w ci\u0105gu nast\u0119pnej dekady. Podczas gdy dekarbonizacja ju\u017c si\u0119 rozpocz\u0119\u0142a w sektorach takich jak technologia i finanse, bran\u017ce takie jak stal i cement nadal stoj\u0105 przed wyzwaniami, w tym wysokimi kosztami kapita\u0142owymi, ograniczeniami technologicznymi i z\u0142o\u017conymi kwestiami \u0142a\u0144cucha dostaw, kt\u00f3re podkre\u015blaj\u0105 skal\u0119 i z\u0142o\u017cono\u015b\u0107 tej transformacji<\/p>\n<p>Jak firmy mog\u0105 obni\u017cy\u0107 emisj\u0119 dwutlenku w\u0119gla?<\/p>\n<p>Nie ma jednego uniwersalnego podej\u015bcia do dekarbonizacji; firmy musz\u0105 dostosowa\u0107 strategie do swoich reali\u00f3w operacyjnych. Aby osi\u0105gn\u0105\u0107 znacz\u0105cy post\u0119p, organizacje badaj\u0105 r\u00f3\u017cne \u015brodki, kt\u00f3re odpowiadaj\u0105 na ich unikalne wyzwania, jednocze\u015bnie wykorzystuj\u0105c dost\u0119pne mo\u017cliwo\u015bci.<\/p>\n<p><strong>Modernizacja efektywno\u015bci energetycznej<\/strong><\/p>\n<p>Z mojego do\u015bwiadczenia wynika, \u017ce optymalizacja zu\u017cycia energii poprzez systematyczne modernizacje jest jedn\u0105 z najskuteczniejszych strategii. Modernizacja sprz\u0119tu, usprawnianie proces\u00f3w operacyjnych i wdra\u017canie innowacyjnych system\u00f3w zarz\u0105dzania energi\u0105 w celu monitorowania i zmniejszania zu\u017cycia w czasie rzeczywistym to jedne z g\u0142\u00f3wnych d\u017awigni, na kt\u00f3rych polegaj\u0105 firmy. Wiele organizacji zaobserwowa\u0142o popraw\u0119 wydajno\u015bci nawet o 20-30%, co prowadzi nie tylko do obni\u017cenia emisji, ale tak\u017ce do znacznych oszcz\u0119dno\u015bci koszt\u00f3w. Inicjatywy te s\u0105 zgodne z najlepszymi praktykami zalecanymi przez globalne agencje energetyczne i ekspert\u00f3w ds. zr\u00f3wnowa\u017conego rozwoju, wzmacniaj\u0105c ich kluczow\u0105 rol\u0119 w przej\u015bciu na gospodark\u0119 niskoemisyjn\u0105.<\/p>\n<p><strong>Przej\u015bcie na energi\u0119 odnawialn\u0105<\/strong><\/p>\n<p>Przej\u015bcie na odnawialne \u017ar\u00f3d\u0142a energii jest kolejnym kamieniem w\u0119gielnym dekarbonizacji przedsi\u0119biorstw. Organizacje mog\u0105 pozyskiwa\u0107 energi\u0119 elektryczn\u0105 z czystych \u017ar\u00f3de\u0142 za po\u015brednictwem mechanizmu GOs (Guarantees of Origin), inwestowa\u0107 w lokalne instalacje odnawialne, takie jak panele s\u0142oneczne lub turbiny wiatrowe. Taka transformacja nie tylko zmniejsza zale\u017cno\u015b\u0107 od paliw kopalnych, ale tak\u017ce zapewnia bufor przed zmienno\u015bci\u0105 rynku energii &#8211; cz\u0119sto skutkuj\u0105c obni\u017ceniem koszt\u00f3w energii o 10-15% w czasie. Takie wysi\u0142ki maj\u0105 kluczowe znaczenie dla zmniejszenia intensywno\u015bci emisji dwutlenku w\u0119gla w dzia\u0142alno\u015bci i s\u0105 szeroko wspierane przez wiod\u0105ce ramy zr\u00f3wnowa\u017conego rozwoju<\/p>\n<p><strong>Innowacyjne technologie i przeprojektowanie proces\u00f3w<\/strong><\/p>\n<p>Wykorzystanie cyfryzacji, automatyzacji i nowych technologii jest niezb\u0119dne do przeprojektowania proces\u00f3w produkcyjnych w celu zminimalizowania emisji. Firmy integruj\u0105 zaawansowan\u0105 analityk\u0119 danych, wykorzystuj\u0105 technologi\u0119 cyfrowego bli\u017aniaka do symulacji i optymalizacji produkcji oraz badaj\u0105 najnowocze\u015bniejsze rozwi\u0105zania, takie jak wychwytywanie i sk\u0142adowanie dwutlenku w\u0119gla (CCS). Te post\u0119py technologiczne umo\u017cliwiaj\u0105 precyzyjne monitorowanie i kontrol\u0119 emisji, jednocze\u015bnie zwi\u0119kszaj\u0105c og\u00f3ln\u0105 odporno\u015b\u0107 operacyjn\u0105 i wydajno\u015b\u0107, pozycjonuj\u0105c firmy jako lider\u00f3w zr\u00f3wnowa\u017conej rewolucji przemys\u0142owej.<\/p>\n<p>Strategie te obni\u017caj\u0105 koszty operacyjne w czasie i wzmacniaj\u0105 konkurencyjno\u015b\u0107 przemys\u0142u poprzez zwi\u0119kszenie odporno\u015bci \u0142a\u0144cucha dostaw i pozycjonowanie firm jako lider\u00f3w w gospodarce niskoemisyjnej Jednak wiele firm waha si\u0119 przed pe\u0142nym przyj\u0119ciem tych \u015brodk\u00f3w. Ograniczenia finansowe, kr\u00f3tkoterminowa presja na zyski i znacz\u0105ce inwestycje pocz\u0105tkowe wymagane dla nowych technologii cz\u0119sto dzia\u0142aj\u0105 jako bariery. Dodatkowo, integracja innowacyjnych rozwi\u0105za\u0144 ze starszymi systemami i poruszanie si\u0119 po z\u0142o\u017conych globalnych \u0142a\u0144cuchach dostaw mo\u017ce by\u0107 zniech\u0119caj\u0105ce. Niepewno\u015b\u0107 regulacyjna i brak jednolitych zach\u0119t politycznych w niekt\u00f3rych regionach dodatkowo komplikuj\u0105 transformacj\u0119.<\/p>\n<p>Przysz\u0142o\u015b\u0107 dekarbonizacji: Perspektywa na przysz\u0142o\u015b\u0107<\/p>\n<p>Dekarbonizacja ma szans\u0119 przekszta\u0142ci\u0107 bran\u017ce w spos\u00f3b przypominaj\u0105cy rewolucj\u0119 przemys\u0142ow\u0105. Integracja zaawansowanych technologii cyfrowych &#8211; takich jak sztuczna inteligencja, blockchain do handlu energi\u0105 i inteligentne sieci &#8211; w po\u0142\u0105czeniu z rosn\u0105cym naciskiem na energi\u0119 odnawialn\u0105 doprowadzi do bezprecedensowej poprawy efektywno\u015bci energetycznej i wydajno\u015bci przemys\u0142owej.<\/p>\n<p>Patrz\u0105c w przysz\u0142o\u015b\u0107, konwergencja <strong>wsparcia politycznego, innowacyjnych mechanizm\u00f3w finansowania i partnerstw publiczno-prywatnych<\/strong> przyspieszy przej\u015bcie na gospodark\u0119 o zerowym zu\u017cyciu energii netto. Przyk\u0142adowo, <a href=\"https:\/\/ec.europa.eu\/clima\/eu-action\/european-green-deal_en\">Europejski Zielony \u0141ad<\/a> okre\u015bla ambitne cele redukcji emisji o co najmniej 55% do 2030 r., wzmacniaj\u0105c dynamik\u0119 regulacyjn\u0105. Firmy, kt\u00f3re przyjm\u0105 dekarbonizacj\u0119, nie tylko przyczyni\u0105 si\u0119 do realizacji globalnych cel\u00f3w zr\u00f3wnowa\u017conego rozwoju, ale tak\u017ce zyskaj\u0105 przewag\u0119 konkurencyjn\u0105 na rynku, na kt\u00f3rym zar\u00f3wno ramy regulacyjne, jak i oczekiwania konsument\u00f3w coraz bardziej sprzyjaj\u0105 zr\u00f3wnowa\u017conym praktykom.<br \/>\nDzi\u0119ki odpowiedniemu po\u0142\u0105czeniu technologii, strategii i dostosowania polityki, dekarbonizacja przedsi\u0119biorstw przekszta\u0142ci si\u0119 z obowi\u0105zku przestrzegania przepis\u00f3w w <strong>pot\u0119\u017cny katalizator wzrostu gospodarczego i przyw\u00f3dztwa w zakresie ochrony \u015brodowiska<\/strong>.<\/p>\n<p>O autorze<\/p>\n<p>Simas Abraskevicius jest wsp\u00f3\u0142za\u0142o\u017cycielem i szefem dzia\u0142u Carbon Analytics w Sustainalyse, platformie do zarz\u0105dzania danymi ESG i obliczania emisji gaz\u00f3w cieplarnianych. Ma ponad dziesi\u0119cioletnie do\u015bwiadczenie w analizie \u015bladu w\u0119glowego i ocenie cyklu \u017cycia, w tym w ustalaniu cel\u00f3w dekarbonizacji dla sp\u00f3\u0142ek notowanych na gie\u0142dzie w UE.<\/p>\n<p>Sources<\/p>\n<p><a href=\"https:\/\/ec.europa.eu\/research\/participants\/documents\/downloadPublic?documentIds=080166e5cebc5091&amp;appId=PPGMS\">The European Commission\u2019s guidelines<\/a><\/p>\n<p><a href=\"https:\/\/www.ipcc.ch\/sr15\/\">IPCC (2018), Special Report on Global Warming of 1.5\u00b0C<\/a><\/p>\n<p><a href=\"https:\/\/www.iea.org\/reports\/net-zero-by-2050\">International Energy Agency (IEA) (2021), Net Zero by 2050 Report<\/a><\/p>\n<p>\u0179r\u00f3d\u0142o: EUSEW2025<\/p>\n","protected":false},"excerpt":{"rendered":"<p>\u2028Simas Abraskevicius, cyfrowy ambasador EUSEW Niniejszy artyku\u0142 redakcyjny powsta\u0142 we wsp\u00f3\u0142pracy z Europejskim Tygodniem Zr\u00f3wnowa\u017conej Energii (European Sustainable Energy Week, EUSEW) 2025. Otwarte zaproszenia mo\u017cna znale\u017a\u0107 na stronie ec.europa.eu\/eusew. \u201eW trakcie mojej kariery w dziedzinie zr\u00f3wnowa\u017conego rozwoju by\u0142em \u015bwiadkiem tego, jak dekarbonizacja przedsi\u0119biorstw przekszta\u0142ca je w zwinnych, my\u015bl\u0105cych przysz\u0142o\u015bciowo lider\u00f3w. W tej podr\u00f3\u017cy nie chodzi [&hellip;]<\/p>\n","protected":false},"author":13,"featured_media":41264,"comment_status":"closed","ping_status":"closed","sticky":false,"template":"","format":"standard","meta":[],"categories":[137,164],"tags":[],"acf":[],"_links":{"self":[{"href":"https:\/\/balticwind.eu\/pl\/wp-json\/wp\/v2\/posts\/42588"}],"collection":[{"href":"https:\/\/balticwind.eu\/pl\/wp-json\/wp\/v2\/posts"}],"about":[{"href":"https:\/\/balticwind.eu\/pl\/wp-json\/wp\/v2\/types\/post"}],"author":[{"embeddable":true,"href":"https:\/\/balticwind.eu\/pl\/wp-json\/wp\/v2\/users\/13"}],"replies":[{"embeddable":true,"href":"https:\/\/balticwind.eu\/pl\/wp-json\/wp\/v2\/comments?post=42588"}],"version-history":[{"count":0,"href":"https:\/\/balticwind.eu\/pl\/wp-json\/wp\/v2\/posts\/42588\/revisions"}],"wp:featuredmedia":[{"embeddable":true,"href":"https:\/\/balticwind.eu\/pl\/wp-json\/wp\/v2\/media\/41264"}],"wp:attachment":[{"href":"https:\/\/balticwind.eu\/pl\/wp-json\/wp\/v2\/media?parent=42588"}],"wp:term":[{"taxonomy":"category","embeddable":true,"href":"https:\/\/balticwind.eu\/pl\/wp-json\/wp\/v2\/categories?post=42588"},{"taxonomy":"post_tag","embeddable":true,"href":"https:\/\/balticwind.eu\/pl\/wp-json\/wp\/v2\/tags?post=42588"}],"curies":[{"name":"wp","href":"https:\/\/api.w.org\/{rel}","templated":true}]}}