{"id":42603,"date":"2025-03-21T09:09:58","date_gmt":"2025-03-21T08:09:58","guid":{"rendered":"https:\/\/balticwind.eu\/?p=42603"},"modified":"2025-03-21T09:09:58","modified_gmt":"2025-03-21T08:09:58","slug":"budowanie-odpornych-miast-jak-dostosowac-konkurencyjnosc-i-zrownowazony-rozwoj-w-europejskiej-transformacji-energetycznej","status":"publish","type":"post","link":"https:\/\/balticwind.eu\/pl\/budowanie-odpornych-miast-jak-dostosowac-konkurencyjnosc-i-zrownowazony-rozwoj-w-europejskiej-transformacji-energetycznej\/","title":{"rendered":"Budowanie odpornych miast: jak dostosowa\u0107 konkurencyjno\u015b\u0107 i zr\u00f3wnowa\u017cony rozw\u00f3j w europejskiej transformacji energetycznej?"},"content":{"rendered":"<p><b><img decoding=\"async\" class=\"alignleft wp-image-42576\" src=\"https:\/\/balticwind.eu\/wp-content\/uploads\/2025\/03\/Filipe-Araujo-scaled-e1742544127957.jpg\" alt=\"\" width=\"287\" height=\"295\" \/><\/b><i><\/i><em>Autor: Filipe Ara\u00f9jo, zast\u0119pca burmistrza Porto w Portugalii i wiceprezes Energy Cities, jednej z organizacji partnerskich <a href=\"https:\/\/sustainable-energy-week.ec.europa.eu\/index_en\">EUSEW<\/a><\/em><\/p>\n<p>Wraz z obj\u0119ciem urz\u0119du przez nowe instytucje UE wydaje si\u0119, \u017ce g\u0142\u00f3wny dyskurs przesun\u0105\u0142 si\u0119 z Zielonego \u0141adu UE na konkurencyjno\u015b\u0107. Ta nowa narracja stanowi zar\u00f3wno wyzwanie, jak i szans\u0119 dla europejskich miast. Chcemy, aby nasze terytoria prosperowa\u0142y, ale nie mo\u017ce si\u0119 to odbywa\u0107 kosztem naszego zdrowia i bezpiecze\u0144stwa.<\/p>\n<p><strong>Niniejsza opinia zosta\u0142a przygotowana we wsp\u00f3\u0142pracy z Europejskim Tygodniem Zr\u00f3wnowa\u017conej Energii (European Sustainable Energy Week &#8211; EUSEW) 2025. Otwarte zaproszenia mo\u017cna znale\u017a\u0107 na stronie <a href=\"https:\/\/sustainable-energy-week.ec.europa.eu\/index_en\">ec.europa.eu\/eusew<\/a>.<\/strong><\/p>\n<p><strong>Odporne gospodarki lokalne dla konkurencyjnej Europy<\/strong><\/p>\n<p>Dobrze prosperuj\u0105ce miasto to miejsce, w kt\u00f3rym istnieje bogactwo spo\u0142eczno\u015bci: potrzeby jego mieszka\u0144c\u00f3w s\u0105 zaspokajane, najlepiej przez lokalne podmioty gospodarcze. Przyczynia si\u0119 to do wzmocnienia lokalnego systemu gospodarczego, wi\u0119zi spo\u0142ecznych i og\u00f3lnie pomaga przetrwa\u0107 sytuacje kryzysowe. Odporne gospodarki lokalne s\u0105 warunkiem wst\u0119pnym konkurencyjno\u015bci UE.<\/p>\n<p>Podej\u015bcie oparte na bogactwie spo\u0142eczno\u015bci ma zastosowanie do wielu sektor\u00f3w, ale uwa\u017cam, \u017ce jest do\u015b\u0107 skuteczne, je\u015bli chodzi o energi\u0119. W dzisiejszych czasach niewielu kwestionuje potrzeb\u0119 zwi\u0119kszenia ilo\u015bci energii odnawialnej wprowadzanej do sieci, nie tylko w celu walki ze zmianami klimatu, ale tak\u017ce w celu zapewnienia wszystkim (zar\u00f3wno przedsi\u0119biorstwom, jak i obywatelom) dost\u0119pu do energii po stosunkowo stabilnej i przyst\u0119pnej cenie, bez wzgl\u0119du na kontekst geopolityczny. Ale je\u015bli chcemy przyspieszy\u0107 wdra\u017canie OZE, musimy upewni\u0107 si\u0119, \u017ce wszyscy s\u0105 na pok\u0142adzie. Zachowania typu \u201enie na moim podw\u00f3rku\u201d (NIMBY) s\u0105 nadal rzeczywisto\u015bci\u0105, z kt\u00f3r\u0105 boryka si\u0119 wielu lokalnych lider\u00f3w. Zgodnie z naszym do\u015bwiadczeniem w Porto, lokalna w\u0142asno\u015b\u0107 energii odnawialnej jest sposobem dla miast na rozwi\u0105zanie problemu NIMBY, ale tak\u017ce na pomoc w walce z ub\u00f3stwem energetycznym i przyczynienie si\u0119 do rozwoju lokalnych gospodarek.<\/p>\n<p><strong>Energetyka spo\u0142eczno\u015bciowa w walce z ub\u00f3stwem energetycznym w Porto<\/strong><\/p>\n<p>Dlatego te\u017c Porto planuje w\u0142\u0105czy\u0107 wszystkie komunalne mieszkania socjalne, czyli oko\u0142o 12% budynk\u00f3w w gminie, w projekty energetyczne spo\u0142eczno\u015bci. Zainstalowane zostanie 6 MW energii s\u0142onecznej, zapewniaj\u0105c czyst\u0105 energi\u0119 elektryczn\u0105 rodzinom znajduj\u0105cym si\u0119 w trudnej sytuacji po ni\u017cszej cenie.<\/p>\n<p>Podczas gdy niekt\u00f3re z projekt\u00f3w s\u0105 nadal przedmiotem przetarg\u00f3w, niekt\u00f3re s\u0105 ju\u017c w fazie realizacji. Na przyk\u0142ad spo\u0142eczno\u015b\u0107 energetyczna w dzielnicy Agra do Amial, dzia\u0142aj\u0105ca od maja 2024 r., ju\u017c teraz zapewnia swoim cz\u0142onkom energi\u0119 odnawialn\u0105, a oko\u0142o 50% wytworzonej energii zu\u017cywaj\u0105 rodziny znajduj\u0105ce si\u0119 w trudnej sytuacji<\/p>\n<p>Chocia\u017c nasze ambicje s\u0105 wysokie, nie mo\u017cemy ignorowa\u0107 wielu wyzwa\u0144, przed kt\u00f3rymi stoimy &#8211; niekt\u00f3re z nich s\u0105 wsp\u00f3lne dla wielu europejskich gmin. Miastom cz\u0119sto brakuje personelu i \u015brodk\u00f3w finansowych, aby prowadzi\u0107 wysoce partycypacyjny proces, cz\u0119sto anga\u017cuj\u0105cy obywateli, kt\u00f3rych bardzo trudno jest zaanga\u017cowa\u0107 (takich jak wra\u017cliwe gospodarstwa domowe), a nawet zapewni\u0107 spo\u0142eczno\u015bci informacje na temat kwestii zwi\u0105zanych z energi\u0105. To, w po\u0142\u0105czeniu ze z\u0142o\u017cono\u015bci\u0105 takich temat\u00f3w, czyni nasz\u0105 prac\u0119 jeszcze trudniejsz\u0105.<br \/>\nPonadto uci\u0105\u017cliwe procesy administracyjne i wymagaj\u0105ce ramy prawne na szczeblu krajowym mog\u0105 powstrzymywa\u0107 innowacyjne projekty i zniech\u0119ca\u0107 obywateli i ma\u0142e firmy do uczestnictwa. Podczas tworzenia pierwszej spo\u0142eczno\u015bci energetycznej w Porto, pod\u0142\u0105czenie mieszka\u0144 socjalnych do zainstalowanych przez nas paneli s\u0142onecznych zaj\u0119\u0142o nam 2 lata.<\/p>\n<p><strong>Wykorzystanie lokalnych ekosystem\u00f3w dla bardziej odpornej Europy<\/strong><\/p>\n<p>Na szcz\u0119\u015bcie istniej\u0105 rozwi\u0105zania, dzi\u0119ki kt\u00f3rym spo\u0142eczno\u015bci lokalne mog\u0105 odegra\u0107 swoj\u0105 rol\u0119 w budowaniu bardziej odpornej i demokratycznej Europy. Opr\u00f3cz zapewnienia odpowiedniej transpozycji przepis\u00f3w, tak aby wszyscy w ca\u0142ej Europie mogli korzysta\u0107 z tych samych praw energetycznych, potrzebujemy program\u00f3w budowania potencja\u0142u, rozwijania lokalnych punkt\u00f3w kompleksowej obs\u0142ugi w celu informowania \/ anga\u017cowania obywateli w dost\u0119pne dla nich mo\u017cliwo\u015bci oraz program\u00f3w alfabetyzacji energetycznej.<\/p>\n<p>Aby tak si\u0119 sta\u0142o, miasta b\u0119d\u0105 musia\u0142y uzyska\u0107 dost\u0119p do finansowania, a integracja r\u00f3\u017cnych inicjatyw na wszystkich poziomach, kt\u00f3re maj\u0105 na celu zwi\u0119kszenie wykorzystania energii odnawialnej (i bezpiecze\u0144stwa energetycznego), ma fundamentalne znaczenie. Innym wa\u017cnym aspektem b\u0119dzie zapewnienie wielopoziomowego zarz\u0105dzania, tak aby miasta mog\u0142y uczestniczy\u0107 w podejmowaniu decyzji dotycz\u0105cych tego, co ich dotyczy, a nie tylko by\u0142y proszone o ich wdro\u017cenie.<\/p>\n<p>W nadchodz\u0105cym okresie nowa Komisja Europejska ma pracowa\u0107 nad nowym pakietem energetycznym dla obywateli, ale tak\u017ce opracowa\u0107 czysty \u0142ad przemys\u0142owy i zreformowa\u0107 polityk\u0119 sp\u00f3jno\u015bci UE. Stanowi to wyj\u0105tkow\u0105 okazj\u0119 do dostosowania podej\u015bcia UE do konkurencyjno\u015bci do jej cel\u00f3w energetycznych i \u015brodowiskowych poprzez ustanowienie odpowiednich mechanizm\u00f3w zarz\u0105dzania i odpowiednie kierowanie niezb\u0119dnych zasob\u00f3w.<\/p>\n<p><b style=\"font-size: 16px;\">Zalecane linki<\/b><span style=\"font-size: 16px;\">:<\/span><\/p>\n<p>1. <a href=\"https:\/\/energy-cities.eu\/\">https:\/\/energy-cities.eu\/<\/a><span class=\"Apple-converted-space\">\u00a0<\/span><\/p>\n<p>2. <a href=\"https:\/\/energy-cities.eu\/policy\/local-alliances-vision-for-a-future-proofed-eu-budget-empowering-local-communities\/\">https:\/\/energy-cities.eu\/policy\/local-alliances-vision-for-a-future-proofed-eu-budget-empowering-local-communities\/<\/a><span class=\"Apple-converted-space\">\u00a0<\/span><\/p>\n<p>3. <a href=\"https:\/\/energy-cities.eu\/policy\/powering-communities-principles-for-a-fair-sustainable-citizens-energy-package\/\">https:\/\/energy-cities.eu\/policy\/powering-communities-principles-for-a-fair-sustainable-citizens-energy-package\/<\/a><span class=\"Apple-converted-space\">\u00a0<\/span><\/p>\n<p><b>Kr\u00f3tka biografia autora:<\/b><\/p>\n<p>Filipe Ara\u00fajo jest wiceburmistrzem Porto i radnym miasta ds. \u015brodowiska, klimatu, innowacji i transformacji cyfrowej. Jest prezesem zarz\u0105du sp\u00f3\u0142ek miejskich Porto Ambiente (sp\u00f3\u0142ka zajmuj\u0105ca si\u0119 odpadami i sprz\u0105taniem) oraz \u00c1guas e Energia do Porto (sp\u00f3\u0142ka zajmuj\u0105ca si\u0119 wod\u0105 i energi\u0105). Jest tak\u017ce prezesem zarz\u0105du Porto Energy Agency i Porto Digital Association.<\/p>\n<p>Obecnie jest wiceprezesem sieci Energy Cities i cz\u0142onkiem grupy doradczej Cities Mission Mayors w ramach europejskiej misji 100 neutralnych dla klimatu i inteligentnych miast.<\/p>\n<p>\u0179r\u00f3d\u0142o: EUSEW2025<\/p>\n","protected":false},"excerpt":{"rendered":"<p>Autor: Filipe Ara\u00f9jo, zast\u0119pca burmistrza Porto w Portugalii i wiceprezes Energy Cities, jednej z organizacji partnerskich EUSEW Wraz z obj\u0119ciem urz\u0119du przez nowe instytucje UE wydaje si\u0119, \u017ce g\u0142\u00f3wny dyskurs przesun\u0105\u0142 si\u0119 z Zielonego \u0141adu UE na konkurencyjno\u015b\u0107. Ta nowa narracja stanowi zar\u00f3wno wyzwanie, jak i szans\u0119 dla europejskich miast. Chcemy, aby nasze terytoria prosperowa\u0142y, [&hellip;]<\/p>\n","protected":false},"author":13,"featured_media":41258,"comment_status":"closed","ping_status":"closed","sticky":false,"template":"","format":"standard","meta":[],"categories":[2046,167,2010],"tags":[],"acf":[],"_links":{"self":[{"href":"https:\/\/balticwind.eu\/pl\/wp-json\/wp\/v2\/posts\/42603"}],"collection":[{"href":"https:\/\/balticwind.eu\/pl\/wp-json\/wp\/v2\/posts"}],"about":[{"href":"https:\/\/balticwind.eu\/pl\/wp-json\/wp\/v2\/types\/post"}],"author":[{"embeddable":true,"href":"https:\/\/balticwind.eu\/pl\/wp-json\/wp\/v2\/users\/13"}],"replies":[{"embeddable":true,"href":"https:\/\/balticwind.eu\/pl\/wp-json\/wp\/v2\/comments?post=42603"}],"version-history":[{"count":0,"href":"https:\/\/balticwind.eu\/pl\/wp-json\/wp\/v2\/posts\/42603\/revisions"}],"wp:featuredmedia":[{"embeddable":true,"href":"https:\/\/balticwind.eu\/pl\/wp-json\/wp\/v2\/media\/41258"}],"wp:attachment":[{"href":"https:\/\/balticwind.eu\/pl\/wp-json\/wp\/v2\/media?parent=42603"}],"wp:term":[{"taxonomy":"category","embeddable":true,"href":"https:\/\/balticwind.eu\/pl\/wp-json\/wp\/v2\/categories?post=42603"},{"taxonomy":"post_tag","embeddable":true,"href":"https:\/\/balticwind.eu\/pl\/wp-json\/wp\/v2\/tags?post=42603"}],"curies":[{"name":"wp","href":"https:\/\/api.w.org\/{rel}","templated":true}]}}