{"id":42654,"date":"2025-03-27T06:30:15","date_gmt":"2025-03-27T05:30:15","guid":{"rendered":"https:\/\/balticwind.eu\/?p=42654"},"modified":"2025-03-26T23:55:48","modified_gmt":"2025-03-26T22:55:48","slug":"pge-baltica-podpisala-umowe-z-doraco-na-budowe-bazy-w-ustce","status":"publish","type":"post","link":"https:\/\/balticwind.eu\/pl\/pge-baltica-podpisala-umowe-z-doraco-na-budowe-bazy-w-ustce\/","title":{"rendered":"PGE Baltica podpisa\u0142a umow\u0119 z DORACO na budow\u0119 bazy w Ustce"},"content":{"rendered":"<p><b>PGE Baltica, sp\u00f3\u0142ka nale\u017c\u0105ca do Grupy PGE, podpisa\u0142a umow\u0119 z Korporacj\u0105 Budowlan\u0105 DORACO na budow\u0119 bazy operacyjno-serwisowej w Ustce. Nowoczesny obiekt b\u0119dzie kluczowym zapleczem dla obs\u0142ugi morskich farm wiatrowych na Ba\u0142tyku. Rozpocz\u0119cie prac budowlanych zaplanowano na wiosn\u0119 tego roku.<span class=\"Apple-converted-space\">\u00a0<\/span><\/b><\/p>\n<p><i>\u2013 <\/i><i>Podpisanie przez PGE umowy z wykonawc\u0105 bazy operacyjno-serwisowej to kolejny krok milowy w naszych planach dotycz\u0105cych rozwoju morskiej energetyki wiatrowej na Ba\u0142tyku. Port w Ustce to serce ca\u0142ego systemu zarz\u0105dzania produkcj\u0105 energii z morskiego wiatru, bez kt\u00f3rego farmy, takie jak Baltica 2 nie mog\u0142yby sprawnie dzia\u0142a\u0107. Do realizacji tej inwestycji zaanga\u017cowali\u015bmy uznan\u0105 polsk\u0105 firm\u0119 budowlan\u0105 DORACO, maj\u0105c\u0105 du\u017ce do\u015bwiadczenie w projektach hydrotechnicznych. Jest to kolejny podmiot z Pomorza uczestnicz\u0105cy w budowie bazy operacyjno-serwisowej. Tym samym utrzymujemy stuprocentowy udzia\u0142 krajowych wykonawc\u00f3w w naszym usteckim projekcie<\/i> \u2013 <b>powiedzia\u0142 Dariusz Marzec, prezes zarz\u0105du PGE Polskiej Grupy Energetycznej<\/b>.<\/p>\n<p><i>\u2013 Nasze wieloletnie do\u015bwiadczenie w realizacji projekt\u00f3w hydrotechnicznych zostanie wykorzystane w tak strategicznej inwestycji, kt\u00f3ra wspiera rozw\u00f3j polskiej bran\u017cy offshore. <\/i><i>To dla nas ogromna satysfakcja, \u017ce mo\u017cemy przyczyni\u0107 si\u0119 do transformacji energetycznej kraju, wykorzystuj\u0105c nasz\u0105 wiedz\u0119 i praktyk\u0119 hydrotechniczn\u0105. Wsp\u00f3\u0142praca z PGE Baltica to tak\u017ce szansa na zaanga\u017cowanie wielu polskich firm w roli podwykonawc\u00f3w, co stanowi wa\u017cny element naszej strategii. Z entuzjazmem przyst\u0119pujemy do budowy bazy w Ustce, wierz\u0105c, \u017ce stworzymy fundament, kt\u00f3ry b\u0119dzie sprzyja\u0142 dalszemu rozwojowi morskiej energetyki wiatrowej na Ba\u0142tyku. To, co jeszcze wczoraj by\u0142o w fazie projektowania, od dzi\u015b zacznie nabiera\u0107 in\u017cynieryjnego kszta\u0142tu. Czekamy na kolejne inwestycje, kt\u00f3re b\u0119d\u0105 wykorzystywa\u0142y local content w tak du\u017cym stopniu, co jest godnym na\u015bladowania przyk\u0142adem na rynku<\/i> \u2013 powiedzia\u0142<b> Rados\u0142aw Jarosiewicz, wiceprezes zarz\u0105du Korporacji Budowlanej DORACO.<\/b><span class=\"Apple-converted-space\">\u00a0<\/span><\/p>\n<p><img decoding=\"async\" class=\"size-full wp-image-42649 aligncenter\" src=\"https:\/\/balticwind.eu\/wp-content\/uploads\/2025\/03\/RM_03527-scaled.jpg\" alt=\"\" width=\"2560\" height=\"1707\" srcset=\"https:\/\/balticwind.eu\/wp-content\/uploads\/2025\/03\/RM_03527-200x133.jpg 200w, https:\/\/balticwind.eu\/wp-content\/uploads\/2025\/03\/RM_03527-300x200.jpg 300w, https:\/\/balticwind.eu\/wp-content\/uploads\/2025\/03\/RM_03527-400x267.jpg 400w, https:\/\/balticwind.eu\/wp-content\/uploads\/2025\/03\/RM_03527-600x400.jpg 600w, https:\/\/balticwind.eu\/wp-content\/uploads\/2025\/03\/RM_03527-768x512.jpg 768w, https:\/\/balticwind.eu\/wp-content\/uploads\/2025\/03\/RM_03527-800x534.jpg 800w, https:\/\/balticwind.eu\/wp-content\/uploads\/2025\/03\/RM_03527-1024x683.jpg 1024w, https:\/\/balticwind.eu\/wp-content\/uploads\/2025\/03\/RM_03527-1200x800.jpg 1200w, https:\/\/balticwind.eu\/wp-content\/uploads\/2025\/03\/RM_03527-1536x1024.jpg 1536w, https:\/\/balticwind.eu\/wp-content\/uploads\/2025\/03\/RM_03527-scaled.jpg 2560w\" sizes=\"(max-width: 2560px) 100vw, 2560px\" \/><\/p>\n<p>Generalny wykonawca przygotuje kompletn\u0105 dokumentacj\u0119 projektow\u0105 i zbuduje nowe obiekty w zachodniej cz\u0119\u015bci usteckiego portu. Do jego zada\u0144 nale\u017cy tak\u017ce uzyskanie prawomocnych pozwole\u0144 na u\u017cytkowanie.<b> <\/b><\/p>\n<p>Baza operacyjno-serwisowa (<i>O&amp;M \u2013 ang. operation and maintenance<\/i>), budowana przez PGE Baltica w Ustce, powstanie na powierzchni ponad 2,3 ha w miejscu, gdzie przed laty dzia\u0142a\u0142a przetw\u00f3rnia ryb \u201eKorab\u201d. Sk\u0142ada\u0107 si\u0119 b\u0119dzie z budynku administracyjno-socjalnego, budynku magazynowego, placu manewrowego oraz nabrze\u017ca, przy kt\u00f3rym cumowa\u0107 b\u0119d\u0105 specjalne, szybkie statki serwisowe do transportu za\u0142\u00f3g na obszar farm wiatrowych na morzu (<i>tzw. CTV \u2013 ang. crew transfer vessel<\/i>). Przewidziano tak\u017ce wewn\u0119trzny parking. Wok\u00f3\u0142 zabudowa\u0144 bazy powstan\u0105 tereny zielone o \u0142\u0105cznej powierzchni ok. 5500 m kw.<\/p>\n<p>PGE Baltica posiada ju\u017c prawomocne pozwolenie na budow\u0119 bazy. Rozpocz\u0119cie prac budowlanych planowane jest jeszcze wiosn\u0105 tego roku, a ich zako\u0144czenie w IV kw. 2026 roku. Pierwsz\u0105 farm\u0105 wiatrow\u0105 obs\u0142ugiwan\u0105 z usteckiej bazy PGE b\u0119dzie morska farma wiatrowa Baltica 2, kt\u00f3r\u0105 PGE buduje na Ba\u0142tyku wraz z du\u0144sk\u0105 firm\u0105 \u00d8rsted. Ma ona zosta\u0107 oddana do u\u017cytku w 2027 roku. Poza przysz\u0142\u0105 funkcj\u0105 serwisow\u0105 ustecka baza b\u0119dzie stanowi\u0107 zaplecze w trakcie budowy tej farmy na morzu. Z Ustki b\u0119d\u0105 wyp\u0142ywa\u0107 ekipy pracownik\u00f3w wspieraj\u0105cych proces budowy.<\/p>\n<p><span style=\"font-size: 16px;\">\u0179r\u00f3d\u0142o: PGE Baltica<\/span><\/p>\n","protected":false},"excerpt":{"rendered":"<p>PGE Baltica, sp\u00f3\u0142ka nale\u017c\u0105ca do Grupy PGE, podpisa\u0142a umow\u0119 z Korporacj\u0105 Budowlan\u0105 DORACO na budow\u0119 bazy operacyjno-serwisowej w Ustce. Nowoczesny obiekt b\u0119dzie kluczowym zapleczem dla obs\u0142ugi morskich farm wiatrowych na Ba\u0142tyku. Rozpocz\u0119cie prac budowlanych zaplanowano na wiosn\u0119 tego roku.\u00a0 \u2013 Podpisanie przez PGE umowy z wykonawc\u0105 bazy operacyjno-serwisowej to kolejny krok milowy w naszych planach [&hellip;]<\/p>\n","protected":false},"author":13,"featured_media":42648,"comment_status":"closed","ping_status":"closed","sticky":false,"template":"","format":"standard","meta":[],"categories":[137,164,139],"tags":[],"acf":[],"_links":{"self":[{"href":"https:\/\/balticwind.eu\/pl\/wp-json\/wp\/v2\/posts\/42654"}],"collection":[{"href":"https:\/\/balticwind.eu\/pl\/wp-json\/wp\/v2\/posts"}],"about":[{"href":"https:\/\/balticwind.eu\/pl\/wp-json\/wp\/v2\/types\/post"}],"author":[{"embeddable":true,"href":"https:\/\/balticwind.eu\/pl\/wp-json\/wp\/v2\/users\/13"}],"replies":[{"embeddable":true,"href":"https:\/\/balticwind.eu\/pl\/wp-json\/wp\/v2\/comments?post=42654"}],"version-history":[{"count":0,"href":"https:\/\/balticwind.eu\/pl\/wp-json\/wp\/v2\/posts\/42654\/revisions"}],"wp:featuredmedia":[{"embeddable":true,"href":"https:\/\/balticwind.eu\/pl\/wp-json\/wp\/v2\/media\/42648"}],"wp:attachment":[{"href":"https:\/\/balticwind.eu\/pl\/wp-json\/wp\/v2\/media?parent=42654"}],"wp:term":[{"taxonomy":"category","embeddable":true,"href":"https:\/\/balticwind.eu\/pl\/wp-json\/wp\/v2\/categories?post=42654"},{"taxonomy":"post_tag","embeddable":true,"href":"https:\/\/balticwind.eu\/pl\/wp-json\/wp\/v2\/tags?post=42654"}],"curies":[{"name":"wp","href":"https:\/\/api.w.org\/{rel}","templated":true}]}}